{"id":50299,"date":"2024-03-12T12:30:08","date_gmt":"2024-03-12T17:00:08","guid":{"rendered":"https:\/\/elmundodelosnegocios.com.do\/v1\/?p=50299"},"modified":"2024-03-12T12:30:10","modified_gmt":"2024-03-12T17:00:10","slug":"ministro-bisono-destaca-en-encuentro-con-subsecretario-de-estado-avances-de-la-industria-medico-farmaceutica-en-rd","status":"publish","type":"post","link":"https:\/\/elmundodelosnegocios.com.do\/v1\/ministro-bisono-destaca-en-encuentro-con-subsecretario-de-estado-avances-de-la-industria-medico-farmaceutica-en-rd\/","title":{"rendered":"Ministro Bison\u00f3 destaca en encuentro con subsecretario de Estado avances de la industria m\u00e9dico-farmac\u00e9utica en RD"},"content":{"rendered":"\n<p>Punta Cana.-&nbsp;<strong>El ministro de Industria, Comercio y Mipymes, V\u00edctor -Ito- Bison\u00f3<\/strong>, resalt\u00f3 el papel fundamental de la&nbsp;<strong>Rep\u00fablica Dominicana<\/strong>&nbsp;en el sector&nbsp;<strong>m\u00e9dico-farmac\u00e9utico,&nbsp;<\/strong>destacando la&nbsp;<strong>resiliencia y capacidad operativa que&nbsp;<\/strong>demostrada por las&nbsp;<strong>zonas francas<\/strong>&nbsp;del pa\u00eds durante la&nbsp;<strong>crisis global<\/strong>, as\u00ed lo afirm\u00f3 durante la segunda reuni\u00f3n de alto nivel del&nbsp;<strong>Di\u00e1logo Econ\u00f3mico y de Salud de las Am\u00e9ricas<\/strong>&nbsp;(EHA por sus siglas en ingl\u00e9s), en la que particip\u00f3 el secretario de Estado para el Crecimiento Econ\u00f3mico, Energ\u00eda y Medio Ambiente,&nbsp;<strong>Jos\u00e9 W. Fern\u00e1ndez<\/strong>&nbsp;y el ministro de Salud P\u00fablica,&nbsp;<strong>V\u00edctor Atallah<\/strong>.<\/p>\n\n\n<div class=\"wp-block-image\">\n<figure class=\"aligncenter size-large\"><img loading=\"lazy\" decoding=\"async\" width=\"1024\" height=\"576\" src=\"https:\/\/elmundodelosnegocios.com.do\/v1\/wp-content\/uploads\/2024\/03\/05-1024x576.jpg\" alt=\"\" class=\"wp-image-50300\" srcset=\"https:\/\/elmundodelosnegocios.com.do\/v1\/wp-content\/uploads\/2024\/03\/05-1024x576.jpg 1024w, https:\/\/elmundodelosnegocios.com.do\/v1\/wp-content\/uploads\/2024\/03\/05-300x169.jpg 300w, https:\/\/elmundodelosnegocios.com.do\/v1\/wp-content\/uploads\/2024\/03\/05-768x432.jpg 768w, https:\/\/elmundodelosnegocios.com.do\/v1\/wp-content\/uploads\/2024\/03\/05.jpg 1300w\" sizes=\"auto, (max-width: 1024px) 100vw, 1024px\" \/><\/figure>\n<\/div>\n\n\n<p>En esta reuni\u00f3n del m\u00e1s alto nivel celebrada en la ciudad de Punta Cana, Bison\u00f3 hizo \u00e9nfasis en que el \u00e1rea de productos m\u00e9dicos y farmac\u00e9uticos ha sido un motor importante de las exportaciones del pa\u00eds, acumulando inversiones significativas en las zonas francas. En el a\u00f1o 2023, las exportaciones en este sector alcanzaron la cifra impresionante de US 2,521.7 millones, representando un crecimiento notable respecto a a\u00f1os anteriores.<\/p>\n\n\n\n<p>Adem\u00e1s, Bison\u00f3 resalt\u00f3 que la&nbsp;<strong>diversidad de productos exportados<\/strong>, incluyendo equipos de ostom\u00eda, productos de transfusi\u00f3n y v\u00e1lvulas neuroquir\u00fargicas, entre otros, ha permitido al pa\u00eds&nbsp;<strong>consolidarse como un actor clave<\/strong>&nbsp;en el mercado global de&nbsp;<strong>dispositivos m\u00e9dicos.<\/strong>&nbsp;<em>\u201cLa Rep\u00fablica Dominicana se ha consolidado como un actor clave en el mercado global de dispositivos m\u00e9dicos, nos enorgullece ser el tercer exportador mundial de aparatos de ostom\u00eda, el tercer exportador latinoamericano de instrumentos m\u00e9dicos a Estados Unidos, y el primer exportador de aparatos de ostom\u00eda hacia dicho mercado\u201d,&nbsp;<\/em>dijo.<\/p>\n\n\n\n<p>El ministro aprovech\u00f3 la oportunidad para reiterar el compromiso del pa\u00eds con el&nbsp;<strong>fortalecimiento de la industria de la salud<\/strong>, as\u00ed como con la colaboraci\u00f3n regional para abordar desaf\u00edos comunes y promover un&nbsp;<strong>desarrollo sostenible<\/strong>&nbsp;en la regi\u00f3n.&nbsp;<\/p>\n\n\n\n<p>La segunda reuni\u00f3n de alto nivel del EHA cont\u00f3 con la participaci\u00f3n de representantes de&nbsp;<strong>Estados Unidos<\/strong>, la Organizaci\u00f3n Panamericana de la Salud (<strong>OPS)<\/strong>&nbsp;y el Banco Interamericano de Desarrollo (<strong>BID)<\/strong>, entre otros actores clave.<\/p>\n\n\n\n<p>Durante el encuentro, se discutieron temas como la&nbsp;<strong>Protecci\u00f3n Social Adaptativa<\/strong>&nbsp;y el fortalecimiento de las cadenas de suministro en el hemisferio occidental. En este sentido, se presentaron avances significativos en la&nbsp;<strong>cooperaci\u00f3n regional<\/strong>, con la participaci\u00f3n activa de diversos pa\u00edses latinoamericanos y caribe\u00f1os, en la b\u00fasqueda de soluciones conjuntas para&nbsp;<strong>mejorar la salud y la econom\u00eda<\/strong>&nbsp;en la regi\u00f3n.<\/p>\n\n\n\n<p>El Di\u00e1logo Econ\u00f3mico y de Salud de las Am\u00e9ricas representa un espacio vital para el&nbsp;<strong>intercambio de ideas y la colaboraci\u00f3n multisectorial<\/strong>, con el objetivo de promover un futuro&nbsp;<strong>m\u00e1s saludable y pr\u00f3spero<\/strong>&nbsp;para todas las naciones de las Am\u00e9ricas.<\/p>\n","protected":false},"excerpt":{"rendered":"<p>Punta Cana.-&nbsp;El ministro de Industria, Comercio y Mipymes, V\u00edctor -Ito- Bison\u00f3, resalt\u00f3 el papel fundamental de la&nbsp;Rep\u00fablica Dominicana&nbsp;en el sector&nbsp;m\u00e9dico-farmac\u00e9utico,&nbsp;destacando la&nbsp;resiliencia y capacidad operativa que&nbsp;demostrada por las&nbsp;zonas francas&nbsp;del pa\u00eds durante&hellip; <\/p>\n","protected":false},"author":2,"featured_media":50302,"comment_status":"closed","ping_status":"closed","sticky":false,"template":"","format":"standard","meta":{"fifu_image_url":"https:\/\/elmundodelosnegocios.com.do\/v1\/wp-content\/uploads\/2024\/03\/05-1024x576.jpg","fifu_image_alt":"","footnotes":""},"categories":[74],"tags":[],"class_list":["post-50299","post","type-post","status-publish","format-standard","has-post-thumbnail","hentry","category-comercio-internacional"],"_links":{"self":[{"href":"https:\/\/elmundodelosnegocios.com.do\/v1\/wp-json\/wp\/v2\/posts\/50299","targetHints":{"allow":["GET"]}}],"collection":[{"href":"https:\/\/elmundodelosnegocios.com.do\/v1\/wp-json\/wp\/v2\/posts"}],"about":[{"href":"https:\/\/elmundodelosnegocios.com.do\/v1\/wp-json\/wp\/v2\/types\/post"}],"author":[{"embeddable":true,"href":"https:\/\/elmundodelosnegocios.com.do\/v1\/wp-json\/wp\/v2\/users\/2"}],"replies":[{"embeddable":true,"href":"https:\/\/elmundodelosnegocios.com.do\/v1\/wp-json\/wp\/v2\/comments?post=50299"}],"version-history":[{"count":1,"href":"https:\/\/elmundodelosnegocios.com.do\/v1\/wp-json\/wp\/v2\/posts\/50299\/revisions"}],"predecessor-version":[{"id":50301,"href":"https:\/\/elmundodelosnegocios.com.do\/v1\/wp-json\/wp\/v2\/posts\/50299\/revisions\/50301"}],"wp:featuredmedia":[{"embeddable":true,"href":"https:\/\/elmundodelosnegocios.com.do\/v1\/wp-json\/wp\/v2\/media\/50302"}],"wp:attachment":[{"href":"https:\/\/elmundodelosnegocios.com.do\/v1\/wp-json\/wp\/v2\/media?parent=50299"}],"wp:term":[{"taxonomy":"category","embeddable":true,"href":"https:\/\/elmundodelosnegocios.com.do\/v1\/wp-json\/wp\/v2\/categories?post=50299"},{"taxonomy":"post_tag","embeddable":true,"href":"https:\/\/elmundodelosnegocios.com.do\/v1\/wp-json\/wp\/v2\/tags?post=50299"}],"curies":[{"name":"wp","href":"https:\/\/api.w.org\/{rel}","templated":true}]}}