{"id":50303,"date":"2024-03-12T12:35:06","date_gmt":"2024-03-12T17:05:06","guid":{"rendered":"https:\/\/elmundodelosnegocios.com.do\/v1\/?p=50303"},"modified":"2024-03-12T12:35:19","modified_gmt":"2024-03-12T17:05:19","slug":"promese-cal-destaca-aporte-programa-social-de-asistencia-a-personas-con-glaucoma","status":"publish","type":"post","link":"https:\/\/elmundodelosnegocios.com.do\/v1\/promese-cal-destaca-aporte-programa-social-de-asistencia-a-personas-con-glaucoma\/","title":{"rendered":"Promese\/Cal destaca aporte programa social de asistencia a personas con glaucoma"},"content":{"rendered":"\n<p>Santo Domingo.- Al conmemorarse este 12 de marzo el D\u00eda Mundial del Glaucoma, el Programa de Medicamentos Esenciales y Central de Apoyo Log\u00edstico (Promese\/Cal), destac\u00f3 la cobertura m\u00e9dica que reciben decenas de pacientes con la referida condici\u00f3n, cuyas necesidades son atendidas a trav\u00e9s del Programa de Medicamentos contra el Glaucoma (Promegotas).<\/p>\n\n\n<div class=\"wp-block-image\">\n<figure data-wp-context=\"{&quot;imageId&quot;:&quot;69f12f345bb0d&quot;}\" data-wp-interactive=\"core\/image\" data-wp-key=\"69f12f345bb0d\" class=\"aligncenter size-large wp-lightbox-container\"><img loading=\"lazy\" decoding=\"async\" width=\"1024\" height=\"576\" data-wp-class--hide=\"state.isContentHidden\" data-wp-class--show=\"state.isContentVisible\" data-wp-init=\"callbacks.setButtonStyles\" data-wp-on--click=\"actions.showLightbox\" data-wp-on--load=\"callbacks.setButtonStyles\" data-wp-on-window--resize=\"callbacks.setButtonStyles\" src=\"https:\/\/elmundodelosnegocios.com.do\/v1\/wp-content\/uploads\/2024\/03\/06-1-1024x576.jpg\" alt=\"\" class=\"wp-image-50305\" srcset=\"https:\/\/elmundodelosnegocios.com.do\/v1\/wp-content\/uploads\/2024\/03\/06-1-1024x576.jpg 1024w, https:\/\/elmundodelosnegocios.com.do\/v1\/wp-content\/uploads\/2024\/03\/06-1-300x169.jpg 300w, https:\/\/elmundodelosnegocios.com.do\/v1\/wp-content\/uploads\/2024\/03\/06-1-768x432.jpg 768w, https:\/\/elmundodelosnegocios.com.do\/v1\/wp-content\/uploads\/2024\/03\/06-1.jpg 1300w\" sizes=\"auto, (max-width: 1024px) 100vw, 1024px\" \/><button\n\t\t\tclass=\"lightbox-trigger\"\n\t\t\ttype=\"button\"\n\t\t\taria-haspopup=\"dialog\"\n\t\t\taria-label=\"Agrandar\"\n\t\t\tdata-wp-init=\"callbacks.initTriggerButton\"\n\t\t\tdata-wp-on--click=\"actions.showLightbox\"\n\t\t\tdata-wp-style--right=\"state.imageButtonRight\"\n\t\t\tdata-wp-style--top=\"state.imageButtonTop\"\n\t\t>\n\t\t\t<svg xmlns=\"http:\/\/www.w3.org\/2000\/svg\" width=\"12\" height=\"12\" fill=\"none\" viewBox=\"0 0 12 12\">\n\t\t\t\t<path fill=\"#fff\" d=\"M2 0a2 2 0 0 0-2 2v2h1.5V2a.5.5 0 0 1 .5-.5h2V0H2Zm2 10.5H2a.5.5 0 0 1-.5-.5V8H0v2a2 2 0 0 0 2 2h2v-1.5ZM8 12v-1.5h2a.5.5 0 0 0 .5-.5V8H12v2a2 2 0 0 1-2 2H8Zm2-12a2 2 0 0 1 2 2v2h-1.5V2a.5.5 0 0 0-.5-.5H8V0h2Z\" \/>\n\t\t\t<\/svg>\n\t\t<\/button><\/figure>\n<\/div>\n\n\n<p>El subdirector de Promese\/Cal y encargado de los programas sociales de la entidad, Luis Lizardo, dijo que la iniciativa representa un alivio para decenas de pacientes que mensualmente reciben medicinas de un cat\u00e1logo de 7 f\u00e1rmacos, de manera gratuita.<\/p>\n\n\n\n<p>\u201cEste es uno de los programas sociales de Promese\/Cal y lo tenemos funcionando a trav\u00e9s del Instituto contra la Ceguera por Glaucoma y del Centro Cristiano de Servicios M\u00e9dicos Dr. El\u00edas Santana, en Los Alcarrizos. Ellos determinan los pacientes, siendo en su mayor\u00eda personas de escasos recursos que no tienen para cubrir el tratamiento, sin el cual perder\u00edan la vista\u201d, dijo Lizardo.<\/p>\n\n\n\n<p>El glaucoma es una patolog\u00eda ocular caracterizada por la p\u00e9rdida progresiva de las fibras nerviosas de la retina, lo que ocasiona ceguera si no se trata adecuadamente y a tiempo.<\/p>\n\n\n\n<p>El D\u00eda Mundial del Glaucoma se enmarca dentro de la celebraci\u00f3n de la Semana Mundial del Glaucoma, que se celebra este a\u00f1o del 10 al 16 de marzo, con lo cual se busca sensibilizar sobre la importancia de la detecci\u00f3n temprana de esta enfermedad ocular.<\/p>\n","protected":false},"excerpt":{"rendered":"<p>Santo Domingo.- Al conmemorarse este 12 de marzo el D\u00eda Mundial del Glaucoma, el Programa de Medicamentos Esenciales y Central de Apoyo Log\u00edstico (Promese\/Cal), destac\u00f3 la cobertura m\u00e9dica que reciben&hellip; <\/p>\n","protected":false},"author":2,"featured_media":50307,"comment_status":"closed","ping_status":"closed","sticky":false,"template":"","format":"standard","meta":{"fifu_image_url":"https:\/\/elmundodelosnegocios.com.do\/v1\/wp-content\/uploads\/2024\/03\/06-1024x576.jpg","fifu_image_alt":"","footnotes":""},"categories":[80],"tags":[],"class_list":["post-50303","post","type-post","status-publish","format-standard","has-post-thumbnail","hentry","category-salud"],"_links":{"self":[{"href":"https:\/\/elmundodelosnegocios.com.do\/v1\/wp-json\/wp\/v2\/posts\/50303","targetHints":{"allow":["GET"]}}],"collection":[{"href":"https:\/\/elmundodelosnegocios.com.do\/v1\/wp-json\/wp\/v2\/posts"}],"about":[{"href":"https:\/\/elmundodelosnegocios.com.do\/v1\/wp-json\/wp\/v2\/types\/post"}],"author":[{"embeddable":true,"href":"https:\/\/elmundodelosnegocios.com.do\/v1\/wp-json\/wp\/v2\/users\/2"}],"replies":[{"embeddable":true,"href":"https:\/\/elmundodelosnegocios.com.do\/v1\/wp-json\/wp\/v2\/comments?post=50303"}],"version-history":[{"count":1,"href":"https:\/\/elmundodelosnegocios.com.do\/v1\/wp-json\/wp\/v2\/posts\/50303\/revisions"}],"predecessor-version":[{"id":50306,"href":"https:\/\/elmundodelosnegocios.com.do\/v1\/wp-json\/wp\/v2\/posts\/50303\/revisions\/50306"}],"wp:featuredmedia":[{"embeddable":true,"href":"https:\/\/elmundodelosnegocios.com.do\/v1\/wp-json\/wp\/v2\/media\/50307"}],"wp:attachment":[{"href":"https:\/\/elmundodelosnegocios.com.do\/v1\/wp-json\/wp\/v2\/media?parent=50303"}],"wp:term":[{"taxonomy":"category","embeddable":true,"href":"https:\/\/elmundodelosnegocios.com.do\/v1\/wp-json\/wp\/v2\/categories?post=50303"},{"taxonomy":"post_tag","embeddable":true,"href":"https:\/\/elmundodelosnegocios.com.do\/v1\/wp-json\/wp\/v2\/tags?post=50303"}],"curies":[{"name":"wp","href":"https:\/\/api.w.org\/{rel}","templated":true}]}}