{"id":50308,"date":"2024-03-12T12:37:13","date_gmt":"2024-03-12T17:07:13","guid":{"rendered":"https:\/\/elmundodelosnegocios.com.do\/v1\/?p=50308"},"modified":"2024-03-12T12:37:16","modified_gmt":"2024-03-12T17:07:16","slug":"index-realiza-actividades-en-espana-para-empoderar-a-la-mujer-y-promover-el-emprendimiento-en-la-comunidad-dominicana","status":"publish","type":"post","link":"https:\/\/elmundodelosnegocios.com.do\/v1\/index-realiza-actividades-en-espana-para-empoderar-a-la-mujer-y-promover-el-emprendimiento-en-la-comunidad-dominicana\/","title":{"rendered":"Index realiza actividades en Espa\u00f1a para empoderar a la mujer y promover el emprendimiento en la comunidad dominicana"},"content":{"rendered":"\n<p>Santo Domingo.-&nbsp;<strong>El Instituto de Dominicanos y Dominicanas en el Exterior<\/strong>&nbsp;(Index) realiz\u00f3,&nbsp;<strong>en Espa\u00f1a<\/strong>, en el marco del&nbsp;<strong>D\u00eda Internacional de la Mujer<\/strong>, una serie de actividades con miras a continuar impulsando el&nbsp;<strong>empoderamiento femenino<\/strong>&nbsp;y promover el&nbsp;<strong>emprendimiento entre la comunidad dominicana<\/strong>&nbsp;en ese pa\u00eds, para que pueda seguir desarroll\u00e1ndose personal y profesionalmente.<\/p>\n\n\n<div class=\"wp-block-image\">\n<figure class=\"aligncenter size-large\"><img loading=\"lazy\" decoding=\"async\" width=\"1024\" height=\"576\" src=\"https:\/\/elmundodelosnegocios.com.do\/v1\/wp-content\/uploads\/2024\/03\/07-1024x576.jpg\" alt=\"\" class=\"wp-image-50309\" srcset=\"https:\/\/elmundodelosnegocios.com.do\/v1\/wp-content\/uploads\/2024\/03\/07-1024x576.jpg 1024w, https:\/\/elmundodelosnegocios.com.do\/v1\/wp-content\/uploads\/2024\/03\/07-300x169.jpg 300w, https:\/\/elmundodelosnegocios.com.do\/v1\/wp-content\/uploads\/2024\/03\/07-768x432.jpg 768w, https:\/\/elmundodelosnegocios.com.do\/v1\/wp-content\/uploads\/2024\/03\/07.jpg 1300w\" sizes=\"auto, (max-width: 1024px) 100vw, 1024px\" \/><\/figure>\n<\/div>\n\n\n<p>El primer evento fue el panel&nbsp;<strong>\u201cMujeres Empoderadas que Empoderan\u201d,<\/strong>&nbsp;el cual se realiza por&nbsp;<strong>tercer a\u00f1o<\/strong>&nbsp;consecutivo y estuvo encabezado por el&nbsp;<strong>viceministro y director ejecutivo<\/strong>&nbsp;del Index,&nbsp;<strong>Carlos de la Mota<\/strong>&nbsp;y el&nbsp;<strong>embajador dominicano en Espa\u00f1a, Juan Bol\u00edvar D\u00edaz<\/strong>.<\/p>\n\n\n\n<p>Como panelistas estuvieron, las comunicadoras, Lissette Selman e Idelsa N\u00fa\u00f1ez; la entrenadora profesional Haydi Cruz; la directora de Comunicaci\u00f3n del Mirex, Rayvelis Roa; la gobernadora de la provincia La Vega, Luisa Jim\u00e9nez de la Mota y otras sobresalientes mujeres, como Liz Emiliano, Honey Hillary, Leticia Abreu, Merl\u00edn Medina, Jelly Bid\u00f3, Mercedes Rosario, Leticia Tonos, Eugenia Garc\u00eda Sol Valera y Martha Villar, quienes compartieron a las participantes reflexiones sobre los desaf\u00edos que enfrentan las mujeres y sus historias inspiradoras, as\u00ed como mensajes para&nbsp;<strong>motivar e impulsar<\/strong>&nbsp;su crecimiento y empoderamiento.<\/p>\n\n\n\n<p>El viceministro De la Mota, resalt\u00f3 que&nbsp;<em>\u201cdesde el inicio, la gesti\u00f3n del presidente Luis Abinader se ha caracterizado por implementar una pol\u00edtica transversal de g\u00e9nero que no solo defienda y promueva los derechos de la mujer, sino tambi\u00e9n que fomente su desarrollo y crecimiento en todos los \u00e1mbitos, y esto incluye a nuestras dominicanas que residen fuera del pa\u00eds, ya que forman parte del primer eje central de nuestra pol\u00edtica exterior\u201d.<\/em><\/p>\n\n\n\n<p>En otro escenario, con la colaboraci\u00f3n del&nbsp;<strong>consulado dominicano en Barcelona<\/strong>&nbsp;se realiz\u00f3, para la comunidad residente en esta zona, el taller&nbsp;<strong>\u201cEmprende con Index<\/strong>\u201d, en el cual empresarios, abogados, emprendedores y profesionales de diversas \u00e1reas presentaron interesantes ponencias, as\u00ed como recomendaciones para fomentar ideas de negocios, capacitaci\u00f3n sobre el registro de marcas y patentes, asesoramiento financiero, fiscal y jur\u00eddico, adem\u00e1s, estrategias de ventas, t\u00e9cnicas para gestionar las emociones, claves para el emprendedurismo, entre otros.<\/p>\n\n\n\n<p>En esta actividad, junto al viceministro, estuvieron el c\u00f3nsul dominicano en Barcelona, Antonio G\u00f3mez; el encargado de la Oficina del Index en Espa\u00f1a, Leonardo Marrero y el director de Investigaci\u00f3n y Estudio del Mirex, Pablo Asencio.<\/p>\n\n\n\n<p>Los facilitadores en esta actividad fueron Carolina Scott, Neus Izaquirre, Alejandro Alegret, Eduardo Zamora, Javier S\u00e1nchez-Marco, Cristina Cano, Miguel \u00c1ngel Pacheco, Lilian N\u00fa\u00f1ez, Amalia Robles, Laura Rivas y Luisa Jim\u00e9nez.<\/p>\n","protected":false},"excerpt":{"rendered":"<p>Santo Domingo.-&nbsp;El Instituto de Dominicanos y Dominicanas en el Exterior&nbsp;(Index) realiz\u00f3,&nbsp;en Espa\u00f1a, en el marco del&nbsp;D\u00eda Internacional de la Mujer, una serie de actividades con miras a continuar impulsando el&nbsp;empoderamiento&hellip; <\/p>\n","protected":false},"author":2,"featured_media":50311,"comment_status":"closed","ping_status":"closed","sticky":false,"template":"","format":"standard","meta":{"fifu_image_url":"https:\/\/elmundodelosnegocios.com.do\/v1\/wp-content\/uploads\/2024\/03\/07-1024x576.jpg","fifu_image_alt":"","footnotes":""},"categories":[74],"tags":[],"class_list":["post-50308","post","type-post","status-publish","format-standard","has-post-thumbnail","hentry","category-comercio-internacional"],"_links":{"self":[{"href":"https:\/\/elmundodelosnegocios.com.do\/v1\/wp-json\/wp\/v2\/posts\/50308","targetHints":{"allow":["GET"]}}],"collection":[{"href":"https:\/\/elmundodelosnegocios.com.do\/v1\/wp-json\/wp\/v2\/posts"}],"about":[{"href":"https:\/\/elmundodelosnegocios.com.do\/v1\/wp-json\/wp\/v2\/types\/post"}],"author":[{"embeddable":true,"href":"https:\/\/elmundodelosnegocios.com.do\/v1\/wp-json\/wp\/v2\/users\/2"}],"replies":[{"embeddable":true,"href":"https:\/\/elmundodelosnegocios.com.do\/v1\/wp-json\/wp\/v2\/comments?post=50308"}],"version-history":[{"count":1,"href":"https:\/\/elmundodelosnegocios.com.do\/v1\/wp-json\/wp\/v2\/posts\/50308\/revisions"}],"predecessor-version":[{"id":50310,"href":"https:\/\/elmundodelosnegocios.com.do\/v1\/wp-json\/wp\/v2\/posts\/50308\/revisions\/50310"}],"wp:featuredmedia":[{"embeddable":true,"href":"https:\/\/elmundodelosnegocios.com.do\/v1\/wp-json\/wp\/v2\/media\/50311"}],"wp:attachment":[{"href":"https:\/\/elmundodelosnegocios.com.do\/v1\/wp-json\/wp\/v2\/media?parent=50308"}],"wp:term":[{"taxonomy":"category","embeddable":true,"href":"https:\/\/elmundodelosnegocios.com.do\/v1\/wp-json\/wp\/v2\/categories?post=50308"},{"taxonomy":"post_tag","embeddable":true,"href":"https:\/\/elmundodelosnegocios.com.do\/v1\/wp-json\/wp\/v2\/tags?post=50308"}],"curies":[{"name":"wp","href":"https:\/\/api.w.org\/{rel}","templated":true}]}}