{"id":50320,"date":"2024-03-13T12:00:04","date_gmt":"2024-03-13T16:30:04","guid":{"rendered":"https:\/\/elmundodelosnegocios.com.do\/v1\/?p=50320"},"modified":"2024-03-13T12:00:06","modified_gmt":"2024-03-13T16:30:06","slug":"republica-dominicana-y-la-india-firman-protocolo-de-cooperacion-economica-y-de-comercio-bilateral","status":"publish","type":"post","link":"https:\/\/elmundodelosnegocios.com.do\/v1\/republica-dominicana-y-la-india-firman-protocolo-de-cooperacion-economica-y-de-comercio-bilateral\/","title":{"rendered":"Rep\u00fablica Dominicana y la India firman Protocolo de Cooperaci\u00f3n Econ\u00f3mica y de Comercio Bilateral"},"content":{"rendered":"\n<p>Santo Domingo.\u2013&nbsp;<strong>Rep\u00fablica Dominicana y la Rep\u00fablica de la India<\/strong>&nbsp;firmaron un&nbsp;<strong>Protocolo de Cooperaci\u00f3n Econ\u00f3mica y Comercial<\/strong>, con el fin de promover la colaboraci\u00f3n en diversas iniciativas en las \u00e1reas de&nbsp;<strong>comercio, servicios, informaci\u00f3n y tecnolog\u00edas industriales<\/strong>.<\/p>\n\n\n\n<p>El acuerdo, firmado por el&nbsp;<strong>canciller Roberto \u00c1lvarez y el embajador de la India en el pa\u00eds, Ramu Abbagani<\/strong>, representa un hito significativo en las relaciones bilaterales entre ambos pa\u00edses y establece la creaci\u00f3n de un&nbsp;<strong>Comit\u00e9 Conjunto de Cooperaci\u00f3n Econ\u00f3mica y Comercial<\/strong>&nbsp;(JETCO), que ser\u00e1 copresidido por altos funcionarios de ambas naciones y se reunir\u00e1 anualmente para&nbsp;<strong>supervisar<\/strong>&nbsp;la implementaci\u00f3n del protocolo y&nbsp;<strong>explorar nuevas oportunidades<\/strong>&nbsp;de colaboraci\u00f3n.<\/p>\n\n\n<div class=\"wp-block-image\">\n<figure class=\"aligncenter\"><img decoding=\"async\" src=\"https:\/\/presidencia.gob.do\/sites\/default\/files\/inline-images\/WhatsApp%20Image%202024-03-12%20at%204.41.33%20PM.jpeg\" alt=\"\"\/><\/figure>\n<\/div>\n\n\n<p>En sus palabras tras esta firma, el ministro \u00c1lvarez destac\u00f3 que del&nbsp;<strong>2018 al 2023<\/strong>, Rep\u00fablica Dominicana ha mantenido un saldo comercial generalmente positivo en el&nbsp;<strong>intercambio comercial<\/strong>&nbsp;con la India, lo cual es muy esperanzador, reafirm\u00f3.<\/p>\n\n\n\n<p>Dijo que con este protocolo<em>&nbsp;\u201cel Gobierno dominicano sienta las bases para que las empresas indias se establezcan en el pa\u00eds o entablen alianzas estrat\u00e9gicas con empresas dominicanas, a los fines de aprovechar el clima de negocios favorable que ofrece nuestro pa\u00eds\u201d.<\/em><\/p>\n\n\n\n<p>De su lado, el embajador de la India en el pa\u00eds, Ramu Abbagani, destac\u00f3 la importancia de fortalecer los lazos&nbsp;<strong>econ\u00f3micos y comerciales<\/strong>&nbsp;entre ambas naciones.<\/p>\n\n\n\n<p>Dijo que la firma de este acuerdo generar\u00e1 m\u00e1s inter\u00e9s en los&nbsp;<strong>empresarios e inversionistas indios<\/strong>&nbsp;para ver a Rep\u00fablica Dominicana como una&nbsp;<strong>gran oportunidad,<\/strong>&nbsp;y del mismo modo, las empresas dominicanas en la India.<\/p>\n\n\n\n<p>Este acuerdo se enmarca en el eje n\u00famero dos de la&nbsp;<strong>pol\u00edtica exterior<\/strong>&nbsp;<strong>dominicana<\/strong>&nbsp;que contempla fomentar las exportaciones y&nbsp;<strong>atraer inversi\u00f3n extranjera<\/strong>&nbsp;para la generaci\u00f3n de m\u00e1s empleos.<\/p>\n\n\n\n<p>La actividad, celebrada en el Ministerio de Relaciones Exteriores, cont\u00f3 con la presencia del viceministro para Asuntos Econ\u00f3micos y Cooperaci\u00f3n Internacional, Hugo Fco. Rivera, y otros funcionarios del Mirex.&nbsp;<\/p>\n\n\n\n<p>De su lado, el embajador indio, estuvo acompa\u00f1ado de funcionarios de su embajada, y el decano del Cuerpo Consular acreditado en el pa\u00eds, Fernando Gonz\u00e1lez.<\/p>\n","protected":false},"excerpt":{"rendered":"<p>Santo Domingo.\u2013&nbsp;Rep\u00fablica Dominicana y la Rep\u00fablica de la India&nbsp;firmaron un&nbsp;Protocolo de Cooperaci\u00f3n Econ\u00f3mica y Comercial, con el fin de promover la colaboraci\u00f3n en diversas iniciativas en las \u00e1reas de&nbsp;comercio, servicios,&hellip; <\/p>\n","protected":false},"author":2,"featured_media":50322,"comment_status":"closed","ping_status":"closed","sticky":false,"template":"","format":"standard","meta":{"fifu_image_url":"https:\/\/presidencia.gob.do\/sites\/default\/files\/styles\/large\/public\/news\/2024-03\/WhatsApp%20Image%202024-03-12%20at%204.41.24%20PM.jpeg?itok=88oDaXGO","fifu_image_alt":"","footnotes":""},"categories":[74],"tags":[],"class_list":["post-50320","post","type-post","status-publish","format-standard","has-post-thumbnail","hentry","category-comercio-internacional"],"_links":{"self":[{"href":"https:\/\/elmundodelosnegocios.com.do\/v1\/wp-json\/wp\/v2\/posts\/50320","targetHints":{"allow":["GET"]}}],"collection":[{"href":"https:\/\/elmundodelosnegocios.com.do\/v1\/wp-json\/wp\/v2\/posts"}],"about":[{"href":"https:\/\/elmundodelosnegocios.com.do\/v1\/wp-json\/wp\/v2\/types\/post"}],"author":[{"embeddable":true,"href":"https:\/\/elmundodelosnegocios.com.do\/v1\/wp-json\/wp\/v2\/users\/2"}],"replies":[{"embeddable":true,"href":"https:\/\/elmundodelosnegocios.com.do\/v1\/wp-json\/wp\/v2\/comments?post=50320"}],"version-history":[{"count":1,"href":"https:\/\/elmundodelosnegocios.com.do\/v1\/wp-json\/wp\/v2\/posts\/50320\/revisions"}],"predecessor-version":[{"id":50321,"href":"https:\/\/elmundodelosnegocios.com.do\/v1\/wp-json\/wp\/v2\/posts\/50320\/revisions\/50321"}],"wp:featuredmedia":[{"embeddable":true,"href":"https:\/\/elmundodelosnegocios.com.do\/v1\/wp-json\/wp\/v2\/media\/50322"}],"wp:attachment":[{"href":"https:\/\/elmundodelosnegocios.com.do\/v1\/wp-json\/wp\/v2\/media?parent=50320"}],"wp:term":[{"taxonomy":"category","embeddable":true,"href":"https:\/\/elmundodelosnegocios.com.do\/v1\/wp-json\/wp\/v2\/categories?post=50320"},{"taxonomy":"post_tag","embeddable":true,"href":"https:\/\/elmundodelosnegocios.com.do\/v1\/wp-json\/wp\/v2\/tags?post=50320"}],"curies":[{"name":"wp","href":"https:\/\/api.w.org\/{rel}","templated":true}]}}