{"id":50326,"date":"2024-03-13T13:20:18","date_gmt":"2024-03-13T17:50:18","guid":{"rendered":"https:\/\/elmundodelosnegocios.com.do\/v1\/?p=50326"},"modified":"2024-03-13T13:20:20","modified_gmt":"2024-03-13T17:50:20","slug":"republica-dominicana-se-destaca-en-foodex-2024-consolidando-vinculos-comerciales-y-de-inversion","status":"publish","type":"post","link":"https:\/\/elmundodelosnegocios.com.do\/v1\/republica-dominicana-se-destaca-en-foodex-2024-consolidando-vinculos-comerciales-y-de-inversion\/","title":{"rendered":"Rep\u00fablica Dominicana se destaca en Foodex 2024, consolidando v\u00ednculos comerciales y de inversi\u00f3n"},"content":{"rendered":"\n<p>Santo Domingo.-&nbsp;<strong>El Centro de Exportaci\u00f3n e Inversi\u00f3n de la Rep\u00fablica Dominicana<\/strong>&nbsp;(ProDominicana) tuvo una participaci\u00f3n sobresaliente en&nbsp;<strong>Foodex 2024<\/strong>, la feria internacional l\u00edder en&nbsp;<strong>alimentos y bebidas<\/strong>&nbsp;<strong>en Jap\u00f3n<\/strong>.<\/p>\n\n\n\n<p>La presencia de productores agroindustriales de Rep\u00fablica Dominicana en&nbsp;<strong>mercados asi\u00e1ticos<\/strong>&nbsp;representa una pieza clave en la&nbsp;<strong>estrategia de diversificaci\u00f3n<\/strong>&nbsp;de las exportaciones dominicanas, as\u00ed lo expres\u00f3&nbsp;<strong>Biviana Riveiro Disla<\/strong>, directora ejecutiva del Centro de Exportaci\u00f3n e Inversi\u00f3n de la Rep\u00fablica Dominicana (ProDominicana).<\/p>\n\n\n<div class=\"wp-block-image\">\n<figure class=\"aligncenter size-large\"><img decoding=\"async\" src=\"https:\/\/presidencia.gob.do\/sites\/default\/files\/styles\/large\/public\/news\/2024-03\/Reunio%CC%81n%20con%20miembros%20de%20Mitsubichi.jpeg?itok=Wj2YIbBN\" alt=\"\"\/><\/figure>\n<\/div>\n\n\n<p>Reiter\u00f3 que la participaci\u00f3n de&nbsp;<strong>ProDominicana<\/strong>&nbsp;en dicha feria internacional refleja el compromiso continuo del Gobierno dominicano con el&nbsp;<strong>desarrollo y la promoci\u00f3n<\/strong>&nbsp;de sectores claves de la econom\u00eda, con el objetivo de diversificar las exportaciones y fomentar el&nbsp;<strong>crecimiento econ\u00f3mico sostenible.<\/strong><\/p>\n\n\n\n<p>Riveiro inform\u00f3 que, en los \u00faltimos a\u00f1os el&nbsp;<strong>mercado japon\u00e9s<\/strong>&nbsp;se ha posicionado como un destino de suma importancia para las exportaciones dominicanas. Para el per\u00edodo&nbsp;<strong>2020-2023<\/strong>, las exportaciones alcanzaron la suma de&nbsp;<strong>USD 176.7 millones,<\/strong>&nbsp;registrando un crecimiento acumulado de un&nbsp;<strong>165.32 %<\/strong>&nbsp;en comparaci\u00f3n al per\u00edodo&nbsp;<strong>2016-2019<\/strong>. Este crecimiento es explicado por la&nbsp;<strong>diversificaci\u00f3n de la oferta exportable<\/strong>&nbsp;impulsada principalmente por el&nbsp;<strong>cacao en grano, instrumentos y aparatos de medicina, dispositivos m\u00e9dicos y ferron\u00edquel.<\/strong><\/p>\n\n\n\n<figure class=\"wp-block-image\"><img decoding=\"async\" src=\"https:\/\/presidencia.gob.do\/sites\/default\/files\/inline-images\/Repu%CC%81blica%20Dominicana%20en%20%20Foodex%202024%20Japo%CC%81n.jpeg\" alt=\"\"\/><\/figure>\n\n\n\n<p>Para el per\u00edodo anual 2020 y 2023, el intercambio comercial de la Rep\u00fablica Dominicana y Jap\u00f3n alcanz\u00f3 la cifra de&nbsp;<strong>USD 1,723.9 millones<\/strong>, creciendo en un&nbsp;<strong>10 %<\/strong>&nbsp;en comparaci\u00f3n al per\u00edodo 2016-2019.<\/p>\n\n\n\n<p>En ese sentido, el director de inversi\u00f3n de ProDominicana,&nbsp;<strong>Marcial Smester,<\/strong>&nbsp;quien particip\u00f3 en la misi\u00f3n, sostuvo diversas reuniones, entre ellas se destacan la reuni\u00f3n con ejecutivos de la empresa Toyota Tsusho Corporation, donde se&nbsp;<strong>exploraron diversas oportunidades<\/strong>&nbsp;en la fabricaci\u00f3n de veh\u00edculos, as\u00ed como en el&nbsp;<strong>sector energ\u00e9tico<\/strong>, particularmente la&nbsp;<strong>energ\u00eda renovable<\/strong>. Asimismo, la reuni\u00f3n con los ejecutivos de Mitsubishi Corporation, la cual cuenta con varias empresas&nbsp;<strong>incluyendo fabricaci\u00f3n, energ\u00eda y proyectos de infraestructura.<\/strong><\/p>\n\n\n\n<p>Adem\u00e1s, se destaca la visita de la delegaci\u00f3n de ProDominicana a la embajada de Rep\u00fablica Dominicana en Jap\u00f3n, coordinada por el excelent\u00edsimo embajador de la Rep\u00fablica Dominicana en Jap\u00f3n,&nbsp;<strong>Robert Takata.<\/strong><\/p>\n\n\n\n<p>Asimismo, la Embajada Dominicana en Jap\u00f3n coordin\u00f3 un seminario de inversi\u00f3n con la participaci\u00f3n de empresas, donde los ejecutivos de ProDominicana presentaron las&nbsp;<strong>oportunidades de inversi\u00f3n<\/strong>&nbsp;de Rep\u00fablica Dominicana, as\u00ed como el lanzamiento de la&nbsp;<strong>Gu\u00eda de Inversi\u00f3n de la Rep\u00fablica Dominicana<\/strong>&nbsp;en idioma japon\u00e9s.<\/p>\n\n\n\n<p>De igual modo, se trataron importantes temas como los&nbsp;<strong>proyectos de movilidad masiva<\/strong>, as\u00ed como de&nbsp;<strong>infraestructura&nbsp;<\/strong>a trav\u00e9s de alianzas p\u00fablico-privadas (APP). Tambi\u00e9n sostuvieron un encuentro con la agencia hom\u00f3loga de ProDominicana en Jap\u00f3n, JETRO, donde conversaron sobre temas de colaboraci\u00f3n y la firma de un acuerdo (MOU) entre las partes.<\/p>\n\n\n\n<p>De igual forma, se reunieron con The Japan Chamber of Commerce and Industry y The Tokyo Chamber of Commerce and Industry, con quienes compartieron las&nbsp;<strong>bondades y oportunidades<\/strong>&nbsp;de inversi\u00f3n que el pa\u00eds puede ofrecer a sus miembros, lo cual son la mayor\u00eda de las empresas de Jap\u00f3n, contando con&nbsp;<strong>3.8 millones de miembros.<\/strong><\/p>\n","protected":false},"excerpt":{"rendered":"<p>Santo Domingo.-&nbsp;El Centro de Exportaci\u00f3n e Inversi\u00f3n de la Rep\u00fablica Dominicana&nbsp;(ProDominicana) tuvo una participaci\u00f3n sobresaliente en&nbsp;Foodex 2024, la feria internacional l\u00edder en&nbsp;alimentos y bebidas&nbsp;en Jap\u00f3n. La presencia de productores agroindustriales&hellip; <\/p>\n","protected":false},"author":2,"featured_media":50328,"comment_status":"closed","ping_status":"closed","sticky":false,"template":"","format":"standard","meta":{"fifu_image_url":"https:\/\/presidencia.gob.do\/sites\/default\/files\/styles\/large\/public\/news\/2024-03\/Reunio%CC%81n%20con%20miembros%20de%20Mitsubichi.jpeg?itok=Wj2YIbBN","fifu_image_alt":"","footnotes":""},"categories":[74],"tags":[],"class_list":["post-50326","post","type-post","status-publish","format-standard","has-post-thumbnail","hentry","category-comercio-internacional"],"_links":{"self":[{"href":"https:\/\/elmundodelosnegocios.com.do\/v1\/wp-json\/wp\/v2\/posts\/50326","targetHints":{"allow":["GET"]}}],"collection":[{"href":"https:\/\/elmundodelosnegocios.com.do\/v1\/wp-json\/wp\/v2\/posts"}],"about":[{"href":"https:\/\/elmundodelosnegocios.com.do\/v1\/wp-json\/wp\/v2\/types\/post"}],"author":[{"embeddable":true,"href":"https:\/\/elmundodelosnegocios.com.do\/v1\/wp-json\/wp\/v2\/users\/2"}],"replies":[{"embeddable":true,"href":"https:\/\/elmundodelosnegocios.com.do\/v1\/wp-json\/wp\/v2\/comments?post=50326"}],"version-history":[{"count":1,"href":"https:\/\/elmundodelosnegocios.com.do\/v1\/wp-json\/wp\/v2\/posts\/50326\/revisions"}],"predecessor-version":[{"id":50327,"href":"https:\/\/elmundodelosnegocios.com.do\/v1\/wp-json\/wp\/v2\/posts\/50326\/revisions\/50327"}],"wp:featuredmedia":[{"embeddable":true,"href":"https:\/\/elmundodelosnegocios.com.do\/v1\/wp-json\/wp\/v2\/media\/50328"}],"wp:attachment":[{"href":"https:\/\/elmundodelosnegocios.com.do\/v1\/wp-json\/wp\/v2\/media?parent=50326"}],"wp:term":[{"taxonomy":"category","embeddable":true,"href":"https:\/\/elmundodelosnegocios.com.do\/v1\/wp-json\/wp\/v2\/categories?post=50326"},{"taxonomy":"post_tag","embeddable":true,"href":"https:\/\/elmundodelosnegocios.com.do\/v1\/wp-json\/wp\/v2\/tags?post=50326"}],"curies":[{"name":"wp","href":"https:\/\/api.w.org\/{rel}","templated":true}]}}