{"id":50337,"date":"2024-03-14T12:14:05","date_gmt":"2024-03-14T16:44:05","guid":{"rendered":"https:\/\/elmundodelosnegocios.com.do\/v1\/?p=50337"},"modified":"2024-03-14T12:14:07","modified_gmt":"2024-03-14T16:44:07","slug":"inicia-la-vi-reunion-ministerial-de-energia-y-clima-de-las-americas-ecpa","status":"publish","type":"post","link":"https:\/\/elmundodelosnegocios.com.do\/v1\/inicia-la-vi-reunion-ministerial-de-energia-y-clima-de-las-americas-ecpa\/","title":{"rendered":"Inicia la VI reuni\u00f3n Ministerial de Energ\u00eda y Clima de las Am\u00e9ricas ECPA"},"content":{"rendered":"\n<p>Punta Cana, Hig\u00fcey.- Con la participaci\u00f3n de&nbsp;<strong>ministros de Energ\u00eda&nbsp;<\/strong>de varios pa\u00edses de la regi\u00f3n y representantes del&nbsp;<strong>Gobierno de Estados Unidos<\/strong>, de la Organizaci\u00f3n de Estados Americanos (<strong>OEA<\/strong>), de los Banco Mundial (BM) y Banco Interamericano de Desarrollo (BID), inicia este jueves la&nbsp;<strong>VI Reuni\u00f3n Ministerial de la Alianza de Energ\u00eda y Clima de las Am\u00e9ricas (<\/strong>ECPA), que tendr\u00e1 como lema&nbsp;<strong>\u00abEnerg\u00edas Renovables de las Am\u00e9ricas: integraci\u00f3n e innovaci\u00f3n\u201d.&nbsp;<\/strong><\/p>\n\n\n<div class=\"wp-block-image\">\n<figure class=\"aligncenter size-large\"><img decoding=\"async\" src=\"https:\/\/presidencia.gob.do\/sites\/default\/files\/styles\/large\/public\/news\/2024-03\/6ta%20Reunio%CC%81n%20Ministerial%20ECPA.jpg?itok=Q4iOeoWv\" alt=\"\"\/><\/figure>\n<\/div>\n\n\n<p>El c\u00f3nclave estar\u00e1 encabezado por la&nbsp;<strong>vicepresidenta de la Rep\u00fablica, Raquel Pe\u00f1a,<\/strong>&nbsp;quien estar\u00e1 acompa\u00f1ada por el anfitri\u00f3n del evento, el&nbsp;<strong>ministro de Energ\u00eda y Minas, Antonio Almonte<\/strong>&nbsp;y representantes de las entidades participantes.&nbsp;<\/p>\n\n\n\n<p>Como parte del encuentro ser\u00e1n firmados&nbsp;<strong>tres acuerdos bilaterales de cooperaci\u00f3n<\/strong>&nbsp;entre los representantes de&nbsp;<strong>Rep\u00fablica Dominicana y Chile<\/strong>; otro entre&nbsp;<strong>Panam\u00e1 y Rep\u00fablica Dominicana<\/strong>&nbsp;y un tercero entre&nbsp;<strong>Chile y Panam\u00e1.<\/strong>&nbsp;<\/p>\n\n\n\n<p>Delegados del&nbsp;<strong>Departamento de Estado de los Estados Unidos<\/strong>, de la Organizaci\u00f3n de Estados Americanos (OEA), Banco Interamericano de Desarrollo (BID), as\u00ed como de la Organizaci\u00f3n Internacional de Energ\u00eda At\u00f3mica (OIEA) y de otros organismos de cooperaci\u00f3n y desarroll\u00f3 expondr\u00e1n sobre la necesidad de&nbsp;<strong>impulsar el proceso de descarbonizaci\u00f3n.<\/strong>&nbsp;<\/p>\n\n\n\n<p>Al hablar sobre la importancia del evento, el ministro Almonte indic\u00f3 que uno de los objetivos estrat\u00e9gicos del Gobierno dominicano es&nbsp;<strong>impulsar la transici\u00f3n energ\u00e9tica justa y equitativa,<\/strong>&nbsp;con la inserci\u00f3n de&nbsp;<strong>energ\u00edas renovables<\/strong>&nbsp;a la matriz el\u00e9ctrica nacional, lo que ayudar\u00e1 considerablemente a descarbonizar el sector.&nbsp;<\/p>\n\n\n\n<p><em>\u00abEsta cumbre servir\u00e1 para fomentar el di\u00e1logo y la cooperaci\u00f3n entre los pa\u00edses de la regi\u00f3n para lograr una transici\u00f3n energ\u00e9tica justa e inclusiva y trabajar hacia el objetivo com\u00fan de las emisiones netas cero\u201d,<\/em>&nbsp;adelant\u00f3 el ministro Almonte, al destacar la importancia de la actividad, que se realizar\u00e1 este jueves 14 y viernes 15 en un hotel en Punta Cana.&nbsp;<\/p>\n\n\n\n<p>En el evento se abordar\u00e1n temas en materia de transici\u00f3n energ\u00e9tica, tales como di\u00e1logo para avanzar&nbsp;<strong>pol\u00edticas energ\u00e9ticas justas e inclusivas<\/strong>&nbsp;en las Am\u00e9ricas; caminos para la&nbsp;<strong>descarbonizaci\u00f3n<\/strong>&nbsp;de la industria pesada y la&nbsp;<strong>aceleraci\u00f3n del financiamiento del hidr\u00f3geno<\/strong>&nbsp;en las Am\u00e9ricas; y el futuro de la energ\u00eda:&nbsp;<strong>retos y tecnolog\u00edas<\/strong>&nbsp;para la descarbonizaci\u00f3n.&nbsp;<\/p>\n\n\n\n<p>Asimismo, busca promover la inversi\u00f3n privada en el sector y fortalecer los mecanismos de cooperaci\u00f3n regional para apoyar los esfuerzos de la&nbsp;<strong>transici\u00f3n energ\u00e9tica<\/strong>.<\/p>\n\n\n\n<p>ECPA cuenta con la participaci\u00f3n especial del se\u00f1or Mark Phillips, primer ministro de Guyana; Jordan Schwartz, vicepresidente ejecutivo del Banco Interamericano de Desarrollo (BID); Lilia Burunciuc, directora de Operaciones para el Caribe del Banco Mundial (BM), y Roberto \u00c1lvarez, canciller de Rep\u00fablica Dominicana. Adem\u00e1s, estar\u00e1n representados en el evento, 17 ministerios de Energ\u00eda de la regi\u00f3n, as\u00ed como miembros de la Unidad de Energ\u00eda y Agua de la Comisi\u00f3n Econ\u00f3mica para Am\u00e9rica Latina (Cepal) y de la Organizaci\u00f3n Latinoamericana de Energ\u00eda (Olade).&nbsp;<\/p>\n\n\n\n<p>Este c\u00f3nclave tiene como lema \u201cEnerg\u00edas Renovables de las Am\u00e9ricas: integraci\u00f3n e innovaci\u00f3n\u201d, y su objetivo principal es&nbsp;<strong>impulsar el compromiso regional<\/strong>&nbsp;para acelerar la transici\u00f3n hacia la&nbsp;<strong>energ\u00eda limpia<\/strong>, fomentar el di\u00e1logo entre los sectores p\u00fablico y privado para&nbsp;<strong>identificar oportunidades y desaf\u00edos<\/strong>&nbsp;en la transici\u00f3n energ\u00e9tica y&nbsp;<strong>desarrollo sostenible<\/strong>.&nbsp;<\/p>\n\n\n\n<p><strong>\u00bfQu\u00e9 es ECPA?&nbsp;<\/strong><\/p>\n\n\n\n<p>ECPA es una iniciativa de la&nbsp;<strong>Organizaci\u00f3n de los Estados Americanos<\/strong>, lanzada en la&nbsp;<strong>Cumbre de las Am\u00e9ricas de 2009<\/strong>, con el objetivo de fomentar el desarrollo energ\u00e9tico sostenible de la regi\u00f3n a trav\u00e9s de la&nbsp;<strong>cooperaci\u00f3n, el di\u00e1logo pol\u00edtico, el intercambio t\u00e9cnico y la divulgaci\u00f3n<\/strong>.&nbsp;<\/p>\n\n\n\n<p>En tal sentido, destacan como pilares de ECPA, el fomento de fuentes de energ\u00eda m\u00e1s limpia, el acceso universal a la energ\u00eda, el desarrollo de los sistemas de eficiencia energ\u00e9tica, la promoci\u00f3n de la integraci\u00f3n regional, la apuesta por el desarrollo de infraestructuras energ\u00e9ticas resilientes, la lucha contra la pobreza energ\u00e9tica, y el desarrollo de capacidades, investigaci\u00f3n e implementaci\u00f3n de las tecnolog\u00edas innovadoras y soluciones basadas en la naturaleza que contribuyan a mitigar el cambio clim\u00e1tico.&nbsp;<\/p>\n\n\n\n<p>En la actualidad, el comit\u00e9 directivo de la ECPA est\u00e1 integrado por&nbsp;<strong>34 pa\u00edses<\/strong>&nbsp;y lo preside&nbsp;<strong>Rep\u00fablica Dominicana,<\/strong>&nbsp;sede de la reuni\u00f3n ministerial de 2024.<\/p>\n","protected":false},"excerpt":{"rendered":"<p>Punta Cana, Hig\u00fcey.- Con la participaci\u00f3n de&nbsp;ministros de Energ\u00eda&nbsp;de varios pa\u00edses de la regi\u00f3n y representantes del&nbsp;Gobierno de Estados Unidos, de la Organizaci\u00f3n de Estados Americanos (OEA), de los Banco&hellip; <\/p>\n","protected":false},"author":2,"featured_media":50339,"comment_status":"closed","ping_status":"closed","sticky":false,"template":"","format":"standard","meta":{"fifu_image_url":"https:\/\/presidencia.gob.do\/sites\/default\/files\/styles\/large\/public\/news\/2024-03\/6ta%20Reunio%CC%81n%20Ministerial%20ECPA.jpg?itok=Q4iOeoWv","fifu_image_alt":"","footnotes":""},"categories":[182],"tags":[],"class_list":["post-50337","post","type-post","status-publish","format-standard","has-post-thumbnail","hentry","category-energia"],"_links":{"self":[{"href":"https:\/\/elmundodelosnegocios.com.do\/v1\/wp-json\/wp\/v2\/posts\/50337","targetHints":{"allow":["GET"]}}],"collection":[{"href":"https:\/\/elmundodelosnegocios.com.do\/v1\/wp-json\/wp\/v2\/posts"}],"about":[{"href":"https:\/\/elmundodelosnegocios.com.do\/v1\/wp-json\/wp\/v2\/types\/post"}],"author":[{"embeddable":true,"href":"https:\/\/elmundodelosnegocios.com.do\/v1\/wp-json\/wp\/v2\/users\/2"}],"replies":[{"embeddable":true,"href":"https:\/\/elmundodelosnegocios.com.do\/v1\/wp-json\/wp\/v2\/comments?post=50337"}],"version-history":[{"count":1,"href":"https:\/\/elmundodelosnegocios.com.do\/v1\/wp-json\/wp\/v2\/posts\/50337\/revisions"}],"predecessor-version":[{"id":50338,"href":"https:\/\/elmundodelosnegocios.com.do\/v1\/wp-json\/wp\/v2\/posts\/50337\/revisions\/50338"}],"wp:featuredmedia":[{"embeddable":true,"href":"https:\/\/elmundodelosnegocios.com.do\/v1\/wp-json\/wp\/v2\/media\/50339"}],"wp:attachment":[{"href":"https:\/\/elmundodelosnegocios.com.do\/v1\/wp-json\/wp\/v2\/media?parent=50337"}],"wp:term":[{"taxonomy":"category","embeddable":true,"href":"https:\/\/elmundodelosnegocios.com.do\/v1\/wp-json\/wp\/v2\/categories?post=50337"},{"taxonomy":"post_tag","embeddable":true,"href":"https:\/\/elmundodelosnegocios.com.do\/v1\/wp-json\/wp\/v2\/tags?post=50337"}],"curies":[{"name":"wp","href":"https:\/\/api.w.org\/{rel}","templated":true}]}}