{"id":50348,"date":"2024-03-15T03:03:49","date_gmt":"2024-03-15T07:33:49","guid":{"rendered":"https:\/\/elmundodelosnegocios.com.do\/v1\/index.php\/2024\/03\/15\/resumen-ads-tec-energy-anuncia-el-nombramiento-de-un-nuevo-consejero\/"},"modified":"2024-03-15T03:03:49","modified_gmt":"2024-03-15T07:33:49","slug":"resumen-ads-tec-energy-anuncia-el-nombramiento-de-un-nuevo-consejero","status":"publish","type":"post","link":"https:\/\/elmundodelosnegocios.com.do\/v1\/resumen-ads-tec-energy-anuncia-el-nombramiento-de-un-nuevo-consejero\/","title":{"rendered":"Resumen: ADS-TEC Energy anuncia el nombramiento de un nuevo consejero"},"content":{"rendered":"<p>N\u00dcRTINGEN, Alemania&#8211;(BUSINESS WIRE)&#8211;ADS-TEC Energy plc (\u00abADS-TEC Energy\u00bb, \u00abCompany\u00bb, \u00abwe\u00bb, \u00abour\u00bb o \u00abus\u00bb) (NASDAQ: ADSE), l\u00edder internacional en tecnolog\u00eda de carga ultrarr\u00e1pida de bater\u00edas, tiene el placer de anunciar el nombramiento del Dr. Andreas Fabritius como miembro de su Consejo de administraci\u00f3n.<br \/>\nEl Dr. Fabritius ha sido socio de Freshfields Bruckhaus Deringer, uno de los principales bufetes de abogados del mundo, durante las tres \u00faltimas d\u00e9cadas, donde se especializa en fusiones y adquisiciones p\u00fablicas y privadas, as\u00ed como en derecho corporativo general. Entre sus clientes figuran empresas alemanas e internacionales, bancos, inversores financieros y organismos gubernamentales. Estudi\u00f3 Derecho y Econom\u00eda en Bonn y Speyer (Alemania), en la Facultad de Derecho de la Universidad de Michigan (EE.UU.) y en el Instituto Europeo de Italia.<br \/>\nEl comunicado en el idioma original es la versi\u00f3n oficial y autorizada del mismo. Esta traducci\u00f3n es solamente un medio de ayuda y deber\u00e1 ser comparada con el texto en idioma original, que es la \u00fanica versi\u00f3n del texto que tendr\u00e1 validez legal. Contacts<br \/>\nMedios de comunicaci\u00f3n:<br \/>\nde ADS-TEC Energy &#8211; Europa<br \/>\nJuliane Kunz<br \/>\nDirectora de Relaciones p\u00fablicas<br \/>\npress@ads-tec-energy.com<br \/>\nde ADS-TEC Energy &#8211; US<br \/>\nStephannie Depa<br \/>\nComunicaciones de Breakaway<br \/>\n+1 530-864-0136<br \/>\nsdepa@breakawaycom.com<\/p>\n","protected":false},"excerpt":{"rendered":"<p>N\u00dcRTINGEN, Alemania&#8211;(BUSINESS WIRE)&#8211;ADS-TEC Energy plc (\u00abADS-TEC Energy\u00bb, \u00abCompany\u00bb, \u00abwe\u00bb, \u00abour\u00bb o \u00abus\u00bb) (NASDAQ: ADSE), l\u00edder internacional en tecnolog\u00eda de carga ultrarr\u00e1pida de bater\u00edas, tiene el placer de anunciar el nombramiento&hellip; <\/p>\n","protected":false},"author":2,"featured_media":0,"comment_status":"closed","ping_status":"closed","sticky":false,"template":"","format":"standard","meta":{"fifu_image_url":"","fifu_image_alt":"","footnotes":""},"categories":[252],"tags":[253],"class_list":["post-50348","post","type-post","status-publish","format-standard","hentry","category-business-wire","tag-business-wire"],"_links":{"self":[{"href":"https:\/\/elmundodelosnegocios.com.do\/v1\/wp-json\/wp\/v2\/posts\/50348","targetHints":{"allow":["GET"]}}],"collection":[{"href":"https:\/\/elmundodelosnegocios.com.do\/v1\/wp-json\/wp\/v2\/posts"}],"about":[{"href":"https:\/\/elmundodelosnegocios.com.do\/v1\/wp-json\/wp\/v2\/types\/post"}],"author":[{"embeddable":true,"href":"https:\/\/elmundodelosnegocios.com.do\/v1\/wp-json\/wp\/v2\/users\/2"}],"replies":[{"embeddable":true,"href":"https:\/\/elmundodelosnegocios.com.do\/v1\/wp-json\/wp\/v2\/comments?post=50348"}],"version-history":[{"count":0,"href":"https:\/\/elmundodelosnegocios.com.do\/v1\/wp-json\/wp\/v2\/posts\/50348\/revisions"}],"wp:attachment":[{"href":"https:\/\/elmundodelosnegocios.com.do\/v1\/wp-json\/wp\/v2\/media?parent=50348"}],"wp:term":[{"taxonomy":"category","embeddable":true,"href":"https:\/\/elmundodelosnegocios.com.do\/v1\/wp-json\/wp\/v2\/categories?post=50348"},{"taxonomy":"post_tag","embeddable":true,"href":"https:\/\/elmundodelosnegocios.com.do\/v1\/wp-json\/wp\/v2\/tags?post=50348"}],"curies":[{"name":"wp","href":"https:\/\/api.w.org\/{rel}","templated":true}]}}