{"id":50412,"date":"2024-03-17T20:48:38","date_gmt":"2024-03-18T01:18:38","guid":{"rendered":"https:\/\/elmundodelosnegocios.com.do\/v1\/?p=50412"},"modified":"2024-03-17T20:48:40","modified_gmt":"2024-03-18T01:18:40","slug":"presidente-abinader-anuncia-importantes-eventos-que-favoreceran-el-sector-turistico-de-santiago","status":"publish","type":"post","link":"https:\/\/elmundodelosnegocios.com.do\/v1\/presidente-abinader-anuncia-importantes-eventos-que-favoreceran-el-sector-turistico-de-santiago\/","title":{"rendered":"Presidente Abinader anuncia importantes eventos que favorecer\u00e1n el sector tur\u00edstico de Santiago"},"content":{"rendered":"\n<p>Santiago.- Durante el lanzamiento de las iniciativas&nbsp;<strong>Santiago Tur\u00edstico Bureau<\/strong>&nbsp;y la plataforma de promoci\u00f3n&nbsp;<em><strong>Visit<\/strong><\/em><strong>&nbsp;Santiago,<\/strong>&nbsp;en un acto celebrado este domingo en el&nbsp;<strong>Centro Le\u00f3n,<\/strong>&nbsp;el&nbsp;<strong>presidente Luis Abinader<\/strong>&nbsp;anunci\u00f3 que la provincia ser\u00e1 la sede del&nbsp;<strong>Mundial de FIFA femenino<\/strong>&nbsp;para el&nbsp;<strong>tercer trimestre de este a\u00f1o<\/strong>, al tiempo que indic\u00f3 que para el&nbsp;<strong>a\u00f1o 2026<\/strong>&nbsp;los juegos centroamericanos se desarrollar\u00e1n desde aqu\u00ed.&nbsp;<\/p>\n\n\n\n<p>Otras iniciativas anunciadas por el presidente son: la creaci\u00f3n del&nbsp;<strong>Museo Don Alejandro Grull\u00f3n,<\/strong>&nbsp;sobre la ciudad de Santiago, en las instalaciones del&nbsp;<strong>Inposdom<\/strong>, auspiciado por el Banco Popular, record\u00f3 adem\u00e1s la remoci\u00f3n del&nbsp;<strong>Hotel Mercedes,<\/strong>&nbsp;que se convertir\u00e1 en un c<strong>entro cultural del Banreservas.&nbsp;<\/strong><\/p>\n\n\n\n<p>El presidente Abinader habl\u00f3 de la fortaleza institucional de Santiago como base para impulsar la estrategia de&nbsp;<strong>desarrollo tur\u00edstico<\/strong>.&nbsp;<em>\u201cEl nuevo turismo es contar las historias de \u00e9xito. Hay mucha riqueza de donde sacar\u201d,<\/em>&nbsp;dijo el mandatario sobre el desarrollo de las industrias y su historia, como&nbsp;<strong>el tabaco, el ron, la salud,&nbsp;<\/strong>entre otras empresas exitosas de larga data con que cuenta la&nbsp;<strong>Ciudad Coraz\u00f3n<\/strong>. \u201c<em>Nuestra visi\u00f3n de futuro es una gran zona metropolitana, Santiago- Puerto Plata, con la carretera del \u00c1mbar\u201d.<\/em><\/p>\n\n\n\n<p>El ingeniero Manuel Estella,&nbsp;<strong>socio fundador de Visit Santiago<\/strong>, al igual que el Ram\u00f3n Paulino, presidente del&nbsp;<strong>Cl\u00faster Tur\u00edstico de Santiago<\/strong>, resaltaron el apoyo del Gobierno dominicano y el&nbsp;<strong>Ministerio de Turismo,&nbsp;<\/strong>para que la Ciudad Coraz\u00f3n avance y se destaque como&nbsp;<strong>destino tur\u00edstico.<\/strong>&nbsp;<\/p>\n\n\n\n<p>En el acto estuvieron presentes, la vicepresidenta, Raquel Pe\u00f1a; la primera dama, Raquel Arbaje; los ministros de la Presidencia, Joel Santos; de Turismo, David Collado; Melany Rodr\u00edguez, presidenta de Visit Santiago; Fernando Capell\u00e1n, entre otros ejecutivos.<\/p>\n","protected":false},"excerpt":{"rendered":"<p>Santiago.- Durante el lanzamiento de las iniciativas&nbsp;Santiago Tur\u00edstico Bureau&nbsp;y la plataforma de promoci\u00f3n&nbsp;Visit&nbsp;Santiago,&nbsp;en un acto celebrado este domingo en el&nbsp;Centro Le\u00f3n,&nbsp;el&nbsp;presidente Luis Abinader&nbsp;anunci\u00f3 que la provincia ser\u00e1 la sede del&nbsp;Mundial&hellip; <\/p>\n","protected":false},"author":2,"featured_media":50413,"comment_status":"closed","ping_status":"closed","sticky":false,"template":"","format":"standard","meta":{"fifu_image_url":"","fifu_image_alt":"","footnotes":""},"categories":[172],"tags":[],"class_list":["post-50412","post","type-post","status-publish","format-standard","has-post-thumbnail","hentry","category-turismo"],"_links":{"self":[{"href":"https:\/\/elmundodelosnegocios.com.do\/v1\/wp-json\/wp\/v2\/posts\/50412","targetHints":{"allow":["GET"]}}],"collection":[{"href":"https:\/\/elmundodelosnegocios.com.do\/v1\/wp-json\/wp\/v2\/posts"}],"about":[{"href":"https:\/\/elmundodelosnegocios.com.do\/v1\/wp-json\/wp\/v2\/types\/post"}],"author":[{"embeddable":true,"href":"https:\/\/elmundodelosnegocios.com.do\/v1\/wp-json\/wp\/v2\/users\/2"}],"replies":[{"embeddable":true,"href":"https:\/\/elmundodelosnegocios.com.do\/v1\/wp-json\/wp\/v2\/comments?post=50412"}],"version-history":[{"count":1,"href":"https:\/\/elmundodelosnegocios.com.do\/v1\/wp-json\/wp\/v2\/posts\/50412\/revisions"}],"predecessor-version":[{"id":50414,"href":"https:\/\/elmundodelosnegocios.com.do\/v1\/wp-json\/wp\/v2\/posts\/50412\/revisions\/50414"}],"wp:featuredmedia":[{"embeddable":true,"href":"https:\/\/elmundodelosnegocios.com.do\/v1\/wp-json\/wp\/v2\/media\/50413"}],"wp:attachment":[{"href":"https:\/\/elmundodelosnegocios.com.do\/v1\/wp-json\/wp\/v2\/media?parent=50412"}],"wp:term":[{"taxonomy":"category","embeddable":true,"href":"https:\/\/elmundodelosnegocios.com.do\/v1\/wp-json\/wp\/v2\/categories?post=50412"},{"taxonomy":"post_tag","embeddable":true,"href":"https:\/\/elmundodelosnegocios.com.do\/v1\/wp-json\/wp\/v2\/tags?post=50412"}],"curies":[{"name":"wp","href":"https:\/\/api.w.org\/{rel}","templated":true}]}}