{"id":50427,"date":"2024-03-17T21:07:14","date_gmt":"2024-03-18T01:37:14","guid":{"rendered":"https:\/\/elmundodelosnegocios.com.do\/v1\/?p=50427"},"modified":"2024-03-17T21:07:16","modified_gmt":"2024-03-18T01:37:16","slug":"itado-se-consolida-como-referente-para-las-valuaciones-en-la-republica-dominicana","status":"publish","type":"post","link":"https:\/\/elmundodelosnegocios.com.do\/v1\/itado-se-consolida-como-referente-para-las-valuaciones-en-la-republica-dominicana\/","title":{"rendered":"ITADO se consolida como referente para las valuaciones en la Rep\u00fablica Dominicana"},"content":{"rendered":"\n<p>Santo Domingo.- El Instituto de Tasadores Dominicanos (ITADO) ha reforzado su posici\u00f3n como punto de referencia clave para las valuaciones en la Rep\u00fablica Dominicana. Durante el a\u00f1o 2023, la cartera total de cr\u00e9ditos hipotecarios en las entidades de intermediaci\u00f3n financiera experiment\u00f3 un incremento del 19%, lo que impuls\u00f3 notablemente la actividad profesional de tasaci\u00f3n en nuestro pa\u00eds.<\/p>\n\n\n<div class=\"wp-block-image\">\n<figure class=\"aligncenter size-full\"><img loading=\"lazy\" decoding=\"async\" width=\"1024\" height=\"683\" src=\"https:\/\/elmundodelosnegocios.com.do\/v1\/wp-content\/uploads\/2024\/03\/06-3.jpg\" alt=\"\" class=\"wp-image-50429\" srcset=\"https:\/\/elmundodelosnegocios.com.do\/v1\/wp-content\/uploads\/2024\/03\/06-3.jpg 1024w, https:\/\/elmundodelosnegocios.com.do\/v1\/wp-content\/uploads\/2024\/03\/06-3-300x200.jpg 300w, https:\/\/elmundodelosnegocios.com.do\/v1\/wp-content\/uploads\/2024\/03\/06-3-768x512.jpg 768w\" sizes=\"auto, (max-width: 1024px) 100vw, 1024px\" \/><figcaption class=\"wp-element-caption\">Fernando Ram\u00edrez, presidente del ITADO<\/figcaption><\/figure>\n<\/div>\n\n\n<p>Fernando Ram\u00edrez, presidente del ITADO, destac\u00f3 la significativa contribuci\u00f3n de la instituci\u00f3n al aumento de la cartera de cr\u00e9ditos hipotecarios, citando cifras proporcionadas por la Asociaci\u00f3n de Bancos M\u00faltiples de la Rep\u00fablica Dominicana que muestran un notable incremento en los pr\u00e9stamos para la adquisici\u00f3n de viviendas en comparaci\u00f3n con el a\u00f1o anterior.<\/p>\n\n\n\n<p>Adem\u00e1s de consolidarse como un referente en el pa\u00eds, el ITADO goza de una destacada representaci\u00f3n y reconocimiento regional en la Uni\u00f3n Panamericana de Asociaciones de Valuaci\u00f3n (UPAV).<\/p>\n\n\n\n<p>La instituci\u00f3n sigue fortaleciendo sus lazos con los sectores p\u00fablico y privados, y promueve activamente el crecimiento profesional y el relevo generacional entre sus miembros mediante programas de formaci\u00f3n continua.<\/p>\n\n\n\n<p><strong>Concurso Nacional del ITADO<\/strong><\/p>\n\n\n\n<figure class=\"wp-block-image size-full\"><img loading=\"lazy\" decoding=\"async\" width=\"1024\" height=\"682\" src=\"https:\/\/elmundodelosnegocios.com.do\/v1\/wp-content\/uploads\/2024\/03\/05-1.jpg\" alt=\"\" class=\"wp-image-50428\" srcset=\"https:\/\/elmundodelosnegocios.com.do\/v1\/wp-content\/uploads\/2024\/03\/05-1.jpg 1024w, https:\/\/elmundodelosnegocios.com.do\/v1\/wp-content\/uploads\/2024\/03\/05-1-300x200.jpg 300w, https:\/\/elmundodelosnegocios.com.do\/v1\/wp-content\/uploads\/2024\/03\/05-1-768x512.jpg 768w\" sizes=\"auto, (max-width: 1024px) 100vw, 1024px\" \/><\/figure>\n\n\n\n<p>En el marco de la 49\u00aa Asamblea General Ordinaria del ITADO, en l\u00ednea con su compromiso de promover la excelencia y la investigaci\u00f3n en el campo de las valuaciones, el ITADO ha lanzado el Concurso Nacional del ITADO.<\/p>\n\n\n\n<p>La iniciativa tiene como objetivo estimular la labor acad\u00e9mica e investigadora en el \u00e1mbito de los aval\u00faos, contribuyendo as\u00ed al desarrollo y la calidad del sector, el cual tendr\u00e1 tres importantes premios al finalizar cada a\u00f1o para los trabajos finalistas.<\/p>\n\n\n\n<p>El Instituto de Tasadores Dominicanos es la \u00fanica organizaci\u00f3n de profesionales de la tasaci\u00f3n afiliada a la Uni\u00f3n Panamericana de Asociaciones de Valuaci\u00f3n, lo que subraya su prestigio y trayectoria en el \u00e1mbito internacional desde su fundaci\u00f3n en 1975.<\/p>\n","protected":false},"excerpt":{"rendered":"<p>Santo Domingo.- El Instituto de Tasadores Dominicanos (ITADO) ha reforzado su posici\u00f3n como punto de referencia clave para las valuaciones en la Rep\u00fablica Dominicana. Durante el a\u00f1o 2023, la cartera&hellip; <\/p>\n","protected":false},"author":2,"featured_media":50431,"comment_status":"closed","ping_status":"closed","sticky":false,"template":"","format":"standard","meta":{"fifu_image_url":"https:\/\/elmundodelosnegocios.com.do\/v1\/wp-content\/uploads\/2024\/03\/06-3.jpg","fifu_image_alt":"","footnotes":""},"categories":[32],"tags":[],"class_list":["post-50427","post","type-post","status-publish","format-standard","has-post-thumbnail","hentry","category-eventos"],"_links":{"self":[{"href":"https:\/\/elmundodelosnegocios.com.do\/v1\/wp-json\/wp\/v2\/posts\/50427","targetHints":{"allow":["GET"]}}],"collection":[{"href":"https:\/\/elmundodelosnegocios.com.do\/v1\/wp-json\/wp\/v2\/posts"}],"about":[{"href":"https:\/\/elmundodelosnegocios.com.do\/v1\/wp-json\/wp\/v2\/types\/post"}],"author":[{"embeddable":true,"href":"https:\/\/elmundodelosnegocios.com.do\/v1\/wp-json\/wp\/v2\/users\/2"}],"replies":[{"embeddable":true,"href":"https:\/\/elmundodelosnegocios.com.do\/v1\/wp-json\/wp\/v2\/comments?post=50427"}],"version-history":[{"count":1,"href":"https:\/\/elmundodelosnegocios.com.do\/v1\/wp-json\/wp\/v2\/posts\/50427\/revisions"}],"predecessor-version":[{"id":50430,"href":"https:\/\/elmundodelosnegocios.com.do\/v1\/wp-json\/wp\/v2\/posts\/50427\/revisions\/50430"}],"wp:featuredmedia":[{"embeddable":true,"href":"https:\/\/elmundodelosnegocios.com.do\/v1\/wp-json\/wp\/v2\/media\/50431"}],"wp:attachment":[{"href":"https:\/\/elmundodelosnegocios.com.do\/v1\/wp-json\/wp\/v2\/media?parent=50427"}],"wp:term":[{"taxonomy":"category","embeddable":true,"href":"https:\/\/elmundodelosnegocios.com.do\/v1\/wp-json\/wp\/v2\/categories?post=50427"},{"taxonomy":"post_tag","embeddable":true,"href":"https:\/\/elmundodelosnegocios.com.do\/v1\/wp-json\/wp\/v2\/tags?post=50427"}],"curies":[{"name":"wp","href":"https:\/\/api.w.org\/{rel}","templated":true}]}}