{"id":50432,"date":"2024-03-17T21:16:47","date_gmt":"2024-03-18T01:46:47","guid":{"rendered":"https:\/\/elmundodelosnegocios.com.do\/v1\/?p=50432"},"modified":"2024-03-18T14:11:52","modified_gmt":"2024-03-18T18:41:52","slug":"autoriza-jac-vuelos-comerciales-desde-rd-hacia-puerto-rico-panama-canada-y-portugal","status":"publish","type":"post","link":"https:\/\/elmundodelosnegocios.com.do\/v1\/autoriza-jac-vuelos-comerciales-desde-rd-hacia-puerto-rico-panama-canada-y-portugal\/","title":{"rendered":"JAC autoriza vuelos comerciales desde RD a Puerto Rico, Panam\u00e1, Canad\u00e1 y Portugal"},"content":{"rendered":"\n<p>Santo Domingo.- Con el fin aumentar y fortalecer el&nbsp;<strong>intercambio comercial<\/strong>, as\u00ed como de fortalecer las&nbsp;<strong>conexiones directas<\/strong>, la Junta de Aviaci\u00f3n Civil&nbsp;<strong>(JAC)<\/strong>, aprob\u00f3 nuevas conexiones a\u00e9reas con&nbsp;<strong>Puerto Rico, Panam\u00e1, Canad\u00e1 y Portugal<\/strong>, que se suman a las que ya se tienen con otras ciudades del mundo.<\/p>\n\n\n\n<p>As\u00ed lo inform\u00f3 durante el inicio de la&nbsp;<strong>quinta sesi\u00f3n ordinari<\/strong>a de este a\u00f1o, el presidente del organismo, el doctor&nbsp;<strong>Jos\u00e9 Ernesto Marte Piantini<\/strong>, al conocer las nuevas solicitudes de los operadores a\u00e9reos extranjeros&nbsp;<strong>Air Transat, Orbest y Copa Airlines.<\/strong><\/p>\n\n\n\n<figure class=\"wp-block-image size-large\"><img loading=\"lazy\" decoding=\"async\" width=\"1024\" height=\"576\" src=\"https:\/\/elmundodelosnegocios.com.do\/v1\/wp-content\/uploads\/2024\/03\/IMG-20231227-WA0050-1-1024x576.jpg\" alt=\"\" class=\"wp-image-50433\" srcset=\"https:\/\/elmundodelosnegocios.com.do\/v1\/wp-content\/uploads\/2024\/03\/IMG-20231227-WA0050-1-1024x576.jpg 1024w, https:\/\/elmundodelosnegocios.com.do\/v1\/wp-content\/uploads\/2024\/03\/IMG-20231227-WA0050-1-300x169.jpg 300w, https:\/\/elmundodelosnegocios.com.do\/v1\/wp-content\/uploads\/2024\/03\/IMG-20231227-WA0050-1-768x432.jpg 768w, https:\/\/elmundodelosnegocios.com.do\/v1\/wp-content\/uploads\/2024\/03\/IMG-20231227-WA0050-1.jpg 1300w\" sizes=\"auto, (max-width: 1024px) 100vw, 1024px\" \/><\/figure>\n\n\n\n<p>Durante la reuni\u00f3n, los miembros de la Junta de Aviaci\u00f3n Civil conocieron la solicitud del operador extranjero Air Transat, para realizar nuevos vuelos desde y hacia el territorio dominicano con las ciudades de&nbsp;<strong>Toronto, Moncton y Ottawa&nbsp;<\/strong>en Canad\u00e1, en las rutas: Toronto\/Saman\u00e1\/Toronto; Moncton\/Punta Cana\/Moncton y Ottawa \/Punta Cana\/Ottawa.<\/p>\n\n\n\n<p>De acuerdo con la informaci\u00f3n suministrada por la Divisi\u00f3n de Estad\u00edsticas del&nbsp;<strong>Departamento de Transporte A\u00e9reo<\/strong>, desde enero 2023 hasta enero 2024, este operador&nbsp;<strong>moviliz\u00f3 970,037 pasajeros en 4,705 operaciones a\u00e9reas de entradas y salidas<\/strong>&nbsp;para las rutas autorizadas en su permiso de operaci\u00f3n y para rutas operadas en otras modalidades.<\/p>\n\n\n\n<p>De igual modo, Marte Piantini comunic\u00f3 que, con el objetivo de continuar fortaleciendo la&nbsp;<strong>conectividad&nbsp;<\/strong>del pa\u00eds para el beneficio de los&nbsp;<strong>viajeros dominicanos y los sectores productivos<\/strong>, los miembros del pleno conocieron la solicitud de un permiso especial del operador a\u00e9reo Orbest para realizar vuelos en la&nbsp;<strong>ruta Lisboa\/La Romana Lisboa<\/strong>, desde el 26 de junio hasta el 11 de septiembre de 2024, con una frecuencia de un vuelo semanal, los mi\u00e9rcoles.&nbsp;<\/p>\n\n\n\n<p>Durante el per\u00edodo comprendido desde enero 2023 hasta enero 2024, el operador a\u00e9reo extranjero portugu\u00e9s Orbest&nbsp;<strong>moviliz\u00f3 28,723 pasajeros en 82 operaciones a\u00e9reas en entradas y salidas&nbsp;<\/strong>en la ruta contenida en su permiso de operaci\u00f3n, as\u00ed como en otras rutas y modalidades.<\/p>\n\n\n\n<p>Asimismo, la JAC conoci\u00f3 la solicitud de otro permiso especial de Copa Airlines, para realizar vuelos de carga en la ruta&nbsp;<strong>Panam\u00e1\/San Juan\/Santo Domingo\/Panam\u00e1<\/strong>, los d\u00edas 7, 14, 21 y 28 de marzo de 2024, con una frecuencia de un vuelo en cada fecha.&nbsp;<\/p>\n\n\n\n<p>&nbsp;De acuerdo con la Divisi\u00f3n de Estad\u00edsticas del Departamento de Transporte A\u00e9reo de la JAC, desde enero 2023 hasta enero 2024, Copa Airlines,&nbsp;<strong>moviliz\u00f3 1,140,915 pasajeros en 8,515 operaciones combinadas<\/strong>, en rutas contenidas en su permiso de operaci\u00f3n, as\u00ed como, en rutas operadas bajo otras modalidades.<\/p>\n\n\n\n<p>En la quinta sesi\u00f3n ordinaria del pleno de la Junta de Aviaci\u00f3n Civil, tambi\u00e9n se aprob\u00f3 al operador a\u00e9reo nacional&nbsp;<strong>Air Century, S.A. un permiso especial para operar la ruta Punta Cana\/La Habana, Cuba\/Punta Cana<\/strong>. Este permiso consiste en 42 operaciones a\u00e9reas que iniciar\u00e1n el 19 de marzo hasta el 31 de mayo de 2024, con una frecuencia de 4 vuelos a la semana, los martes, jueves, s\u00e1bado y domingo.<\/p>\n\n\n\n<p>De igual forma, fue aprobado por la Junta de Aviaci\u00f3n Civil un permiso especial al operador a\u00e9reo&nbsp;<strong>Sky High Aviation Services Dominicana, S.A.<\/strong>&nbsp;para operar vuelos exclusivamente de&nbsp;<strong>carga<\/strong>&nbsp;en distintas rutas, entre ellas: Santo Domingo\/Guyana\/La Habana\/Guyana\/Santo Domingo; Santo Domingo\/Panam\u00e1\/La Habana\/Panam\u00e1\/Santo Domingo; Santo Domingo\/Miami\/La Habana\/Miami\/Santo Domingo.<\/p>\n\n\n\n<p>Tambi\u00e9n le fueron aprobadas al operador a\u00e9reo Sky High Aviation Services Dominicana, las siguientes rutas para operar vuelos combinados (pasajeros y carga): Santo Domingo\/Miami \/Santiago de Cuba\/Miami\/Santo Domingo; Santo Domingo\/Tampa\/Santiago de Cuba\/Tampa\/Santo Domingo; y Santo Domingo\/Tampa\/Punta Cana\/Tampa\/Santo Domingo.<\/p>\n\n\n\n<p>Marte Piantini destac\u00f3 que actualmente se presencia un&nbsp;<strong>notable fortalecimiento de los operadores a\u00e9reos nacionales<\/strong>, as\u00ed como un&nbsp;<strong>aumento muy significativo de la conectividad a\u00e9rea<\/strong>&nbsp;de la Rep\u00fablica Dominicana con el resto del mundo.<\/p>\n","protected":false},"excerpt":{"rendered":"<p>Santo Domingo.- Con el fin aumentar y fortalecer el&nbsp;intercambio comercial, as\u00ed como de fortalecer las&nbsp;conexiones directas, la Junta de Aviaci\u00f3n Civil&nbsp;(JAC), aprob\u00f3 nuevas conexiones a\u00e9reas con&nbsp;Puerto Rico, Panam\u00e1, Canad\u00e1 y&hellip; <\/p>\n","protected":false},"author":2,"featured_media":50435,"comment_status":"closed","ping_status":"closed","sticky":false,"template":"","format":"standard","meta":{"fifu_image_url":"https:\/\/elmundodelosnegocios.com.do\/v1\/wp-content\/uploads\/2024\/03\/IMG-20231227-WA0050-1-1024x576.jpg","fifu_image_alt":"","footnotes":""},"categories":[169],"tags":[],"class_list":["post-50432","post","type-post","status-publish","format-standard","has-post-thumbnail","hentry","category-transporte-internacional"],"_links":{"self":[{"href":"https:\/\/elmundodelosnegocios.com.do\/v1\/wp-json\/wp\/v2\/posts\/50432","targetHints":{"allow":["GET"]}}],"collection":[{"href":"https:\/\/elmundodelosnegocios.com.do\/v1\/wp-json\/wp\/v2\/posts"}],"about":[{"href":"https:\/\/elmundodelosnegocios.com.do\/v1\/wp-json\/wp\/v2\/types\/post"}],"author":[{"embeddable":true,"href":"https:\/\/elmundodelosnegocios.com.do\/v1\/wp-json\/wp\/v2\/users\/2"}],"replies":[{"embeddable":true,"href":"https:\/\/elmundodelosnegocios.com.do\/v1\/wp-json\/wp\/v2\/comments?post=50432"}],"version-history":[{"count":2,"href":"https:\/\/elmundodelosnegocios.com.do\/v1\/wp-json\/wp\/v2\/posts\/50432\/revisions"}],"predecessor-version":[{"id":50451,"href":"https:\/\/elmundodelosnegocios.com.do\/v1\/wp-json\/wp\/v2\/posts\/50432\/revisions\/50451"}],"wp:featuredmedia":[{"embeddable":true,"href":"https:\/\/elmundodelosnegocios.com.do\/v1\/wp-json\/wp\/v2\/media\/50435"}],"wp:attachment":[{"href":"https:\/\/elmundodelosnegocios.com.do\/v1\/wp-json\/wp\/v2\/media?parent=50432"}],"wp:term":[{"taxonomy":"category","embeddable":true,"href":"https:\/\/elmundodelosnegocios.com.do\/v1\/wp-json\/wp\/v2\/categories?post=50432"},{"taxonomy":"post_tag","embeddable":true,"href":"https:\/\/elmundodelosnegocios.com.do\/v1\/wp-json\/wp\/v2\/tags?post=50432"}],"curies":[{"name":"wp","href":"https:\/\/api.w.org\/{rel}","templated":true}]}}