{"id":50499,"date":"2024-03-20T03:02:54","date_gmt":"2024-03-20T07:32:54","guid":{"rendered":"http:\/\/elmundodelosnegocios.com.do\/v1\/index.php\/2024\/03\/20\/resumen-global-blue-se-presenta-de-nuevo-a-minoristas-y-compradores-de-todo-el-mundo\/"},"modified":"2024-03-20T03:02:54","modified_gmt":"2024-03-20T07:32:54","slug":"resumen-global-blue-se-presenta-de-nuevo-a-minoristas-y-compradores-de-todo-el-mundo","status":"publish","type":"post","link":"https:\/\/elmundodelosnegocios.com.do\/v1\/resumen-global-blue-se-presenta-de-nuevo-a-minoristas-y-compradores-de-todo-el-mundo\/","title":{"rendered":"Resumen: Global Blue se presenta de nuevo a minoristas y compradores de todo el mundo"},"content":{"rendered":"<p>Global Blue est\u00e1 encantada de presentar hoy su identidad actualizada y renovada, que marca un hito importante en la trayectoria de la empresa.<\/p>\n<p>Con un legado arraigado como pionera de las compras libres de impuestos, el nuevo cambio de imagen de Global Blue se alinea a la perfecci\u00f3n con su enfoque modernizado para ofrecer una amplia gama de tecnolog\u00eda y servicios adaptados para aprovechar cada parte del proceso de compra.<\/p>\n<p>A medida que Global Blue ha ido evolucionando hasta convertirse en un socio empresarial integral, esta nueva identidad refleja ahora una reestructuraci\u00f3n de sus compromisos actuales.<br \/>\nSIGNY, Suiza&#8211;(BUSINESS WIRE)&#8211;Llevar las compras m\u00e1s lejos gracias a su experiencia<br \/>\nHace m\u00e1s de 40 a\u00f1os, Global Blue fue pionera en el concepto de compras libres de impuestos, cambiando el sector minorista y ayudando a los compradores internacionales de todo el mundo.<br \/>\nEl comunicado en el idioma original es la versi\u00f3n oficial y autorizada del mismo. Esta traducci\u00f3n es solamente un medio de ayuda y deber\u00e1 ser comparada con el texto en idioma original, que es la \u00fanica versi\u00f3n del texto que tendr\u00e1 validez legal. Contacts<br \/>\nMEDIOS DE COMUNICACI\u00d3N<br \/>\nVirginie Alem: vicepresidenta s\u00e9nior de Marketing y Comunicaci\u00f3n<br \/>\nCorreo electr\u00f3nico: valem@globalblue.com<br \/>\nRELACIONES CON LOS INVERSORES<br \/>\nFrances Gibbons: directora de Relaciones con los inversores<br \/>\nM\u00f3vil +44 (0)7815 034 212<br \/>\nCorreo electr\u00f3nico: fgibbons@globalblue.com<\/p>\n","protected":false},"excerpt":{"rendered":"<p>Global Blue est\u00e1 encantada de presentar hoy su identidad actualizada y renovada, que marca un hito importante en la trayectoria de la empresa. Con un legado arraigado como pionera de&hellip; <\/p>\n","protected":false},"author":2,"featured_media":50500,"comment_status":"closed","ping_status":"closed","sticky":false,"template":"","format":"standard","meta":{"fifu_image_url":"","fifu_image_alt":"","footnotes":""},"categories":[252],"tags":[253],"class_list":["post-50499","post","type-post","status-publish","format-standard","has-post-thumbnail","hentry","category-business-wire","tag-business-wire"],"_links":{"self":[{"href":"https:\/\/elmundodelosnegocios.com.do\/v1\/wp-json\/wp\/v2\/posts\/50499","targetHints":{"allow":["GET"]}}],"collection":[{"href":"https:\/\/elmundodelosnegocios.com.do\/v1\/wp-json\/wp\/v2\/posts"}],"about":[{"href":"https:\/\/elmundodelosnegocios.com.do\/v1\/wp-json\/wp\/v2\/types\/post"}],"author":[{"embeddable":true,"href":"https:\/\/elmundodelosnegocios.com.do\/v1\/wp-json\/wp\/v2\/users\/2"}],"replies":[{"embeddable":true,"href":"https:\/\/elmundodelosnegocios.com.do\/v1\/wp-json\/wp\/v2\/comments?post=50499"}],"version-history":[{"count":0,"href":"https:\/\/elmundodelosnegocios.com.do\/v1\/wp-json\/wp\/v2\/posts\/50499\/revisions"}],"wp:featuredmedia":[{"embeddable":true,"href":"https:\/\/elmundodelosnegocios.com.do\/v1\/wp-json\/wp\/v2\/media\/50500"}],"wp:attachment":[{"href":"https:\/\/elmundodelosnegocios.com.do\/v1\/wp-json\/wp\/v2\/media?parent=50499"}],"wp:term":[{"taxonomy":"category","embeddable":true,"href":"https:\/\/elmundodelosnegocios.com.do\/v1\/wp-json\/wp\/v2\/categories?post=50499"},{"taxonomy":"post_tag","embeddable":true,"href":"https:\/\/elmundodelosnegocios.com.do\/v1\/wp-json\/wp\/v2\/tags?post=50499"}],"curies":[{"name":"wp","href":"https:\/\/api.w.org\/{rel}","templated":true}]}}