{"id":50505,"date":"2024-03-22T11:28:12","date_gmt":"2024-03-22T15:58:12","guid":{"rendered":"http:\/\/elmundodelosnegocios.com.do\/v1\/index.php\/2024\/03\/22\/resumen-soundreef-celebra-un-nuevo-hito-en-la-gestion-de-derechos-de-autor-en-italia-y-europa\/"},"modified":"2024-03-22T11:28:12","modified_gmt":"2024-03-22T15:58:12","slug":"resumen-soundreef-celebra-un-nuevo-hito-en-la-gestion-de-derechos-de-autor-en-italia-y-europa","status":"publish","type":"post","link":"https:\/\/elmundodelosnegocios.com.do\/v1\/resumen-soundreef-celebra-un-nuevo-hito-en-la-gestion-de-derechos-de-autor-en-italia-y-europa\/","title":{"rendered":"Resumen: Soundreef celebra un nuevo hito en la gesti\u00f3n de derechos de autor en Italia y Europa"},"content":{"rendered":"<p>El Tribunal de Justicia Europeo ha abierto el mercado a las entidades de gesti\u00f3n independientesLUXEMBURGO&#8211;(BUSINESS WIRE)&#8211;El Tribunal de Justicia Europeo ha adoptado una decisi\u00f3n pionera que abre el mercado italiano de la gesti\u00f3n de derechos de autor a las entidades de gesti\u00f3n independientes.Soundreef , entidad de gesti\u00f3n independiente l\u00edder en Europa, celebra esta importante victoria para los derechos de los autores, compositores y editores a la hora de elegir su representaci\u00f3n en el sector de la gesti\u00f3n de derechos de autor.<br \/>\nLa sentencia del Tribunal dice:<br \/>\n\u00abEn su fallo, el Tribunal de Justicia responde que, dado que la normativa nacional en cuesti\u00f3n no permite a las entidades de gesti\u00f3n independientes establecidas en otro Estado miembro prestar sus servicios de gesti\u00f3n de derechos de autor en Italia, constituye una restricci\u00f3n a la libre prestaci\u00f3n de servicios\u00bb.<br \/>\nEl comunicado en el idioma original es la versi\u00f3n oficial y autorizada del mismo. Esta traducci\u00f3n es solamente un medio de ayuda y deber\u00e1 ser comparada con el texto en idioma original, que es la \u00fanica versi\u00f3n del texto que tendr\u00e1 validez legal. Contacts<br \/>\nElena Aceto<br \/>\nelena@soundreef.com+39 3511656132<\/p>\n","protected":false},"excerpt":{"rendered":"<p>El Tribunal de Justicia Europeo ha abierto el mercado a las entidades de gesti\u00f3n independientesLUXEMBURGO&#8211;(BUSINESS WIRE)&#8211;El Tribunal de Justicia Europeo ha adoptado una decisi\u00f3n pionera que abre el mercado italiano&hellip; <\/p>\n","protected":false},"author":2,"featured_media":50506,"comment_status":"closed","ping_status":"closed","sticky":false,"template":"","format":"standard","meta":{"fifu_image_url":"","fifu_image_alt":"","footnotes":""},"categories":[252],"tags":[253],"class_list":["post-50505","post","type-post","status-publish","format-standard","has-post-thumbnail","hentry","category-business-wire","tag-business-wire"],"_links":{"self":[{"href":"https:\/\/elmundodelosnegocios.com.do\/v1\/wp-json\/wp\/v2\/posts\/50505","targetHints":{"allow":["GET"]}}],"collection":[{"href":"https:\/\/elmundodelosnegocios.com.do\/v1\/wp-json\/wp\/v2\/posts"}],"about":[{"href":"https:\/\/elmundodelosnegocios.com.do\/v1\/wp-json\/wp\/v2\/types\/post"}],"author":[{"embeddable":true,"href":"https:\/\/elmundodelosnegocios.com.do\/v1\/wp-json\/wp\/v2\/users\/2"}],"replies":[{"embeddable":true,"href":"https:\/\/elmundodelosnegocios.com.do\/v1\/wp-json\/wp\/v2\/comments?post=50505"}],"version-history":[{"count":0,"href":"https:\/\/elmundodelosnegocios.com.do\/v1\/wp-json\/wp\/v2\/posts\/50505\/revisions"}],"wp:featuredmedia":[{"embeddable":true,"href":"https:\/\/elmundodelosnegocios.com.do\/v1\/wp-json\/wp\/v2\/media\/50506"}],"wp:attachment":[{"href":"https:\/\/elmundodelosnegocios.com.do\/v1\/wp-json\/wp\/v2\/media?parent=50505"}],"wp:term":[{"taxonomy":"category","embeddable":true,"href":"https:\/\/elmundodelosnegocios.com.do\/v1\/wp-json\/wp\/v2\/categories?post=50505"},{"taxonomy":"post_tag","embeddable":true,"href":"https:\/\/elmundodelosnegocios.com.do\/v1\/wp-json\/wp\/v2\/tags?post=50505"}],"curies":[{"name":"wp","href":"https:\/\/api.w.org\/{rel}","templated":true}]}}