{"id":50796,"date":"2024-04-03T10:02:52","date_gmt":"2024-04-03T14:32:52","guid":{"rendered":"https:\/\/elmundodelosnegocios.com.do\/v1\/?p=50796"},"modified":"2024-04-03T10:02:53","modified_gmt":"2024-04-03T14:32:53","slug":"gobierno-otorga-concesion-definitiva-para-el-proyecto-del-parque-fotovoltaico-jambolan-solar","status":"publish","type":"post","link":"https:\/\/elmundodelosnegocios.com.do\/v1\/gobierno-otorga-concesion-definitiva-para-el-proyecto-del-parque-fotovoltaico-jambolan-solar\/","title":{"rendered":"Gobierno otorga concesi\u00f3n definitiva para el proyecto del Parque Fotovoltaico Jambolan Solar"},"content":{"rendered":"\n<p>Santo Domingo.- El Gobierno Dominicano, a trav\u00e9s de la&nbsp;<strong>Comisi\u00f3n Nacional de Energ\u00eda (CNE),<\/strong>&nbsp;anunci\u00f3 la firma de&nbsp;<strong>concesi\u00f3n definitiva<\/strong>&nbsp;para el proyecto del&nbsp;<strong>Parque Fotovoltaico Jambolan Solar.<\/strong>&nbsp;Esta iniciativa representa un paso significativo hacia la&nbsp;<strong>diversificaci\u00f3n de nuestra matriz energ\u00e9tica<\/strong>&nbsp;y el impulso de fuentes renovables en el pa\u00eds.<\/p>\n\n\n<div class=\"wp-block-image\">\n<figure class=\"aligncenter size-large\"><img decoding=\"async\" src=\"https:\/\/presidencia.gob.do\/sites\/default\/files\/styles\/large\/public\/news\/2024-04\/FIRMA%20CNE%20%281%29%20%281%29.jpg?itok=eX_ejdPj\" alt=\"\"\/><\/figure>\n<\/div>\n\n\n<p>El contrato fue formalizado en una ceremonia presidida por el director ejecutivo de la CNE,&nbsp;<strong>Edward Veras<\/strong>, y el representante de la empresa,&nbsp;<strong>Martin Johann Wagner<\/strong>. Este acuerdo marca el&nbsp;<strong>compromiso conjunto<\/strong>&nbsp;para llevar adelante este importante proyecto que beneficiar\u00e1 no solo a la provincia de Santo Domingo, sino a toda la naci\u00f3n dominicana.<\/p>\n\n\n\n<p>Ubicado estrat\u00e9gicamente en el municipio de&nbsp;<strong>Pedro Brand<\/strong>, provincia de Santo Domingo, el Parque Fotovoltaico Jambolan Solar tendr\u00e1 una capacidad instalada nominal de&nbsp;<strong>18.40 MWn<\/strong>&nbsp;y una capacidad instalada pico de 20.69 MWp. Esta instalaci\u00f3n emplear\u00e1 la fuente primaria de&nbsp;<strong>energ\u00eda solar fotovoltaica<\/strong>, reflejando as\u00ed el&nbsp;<strong>compromiso<\/strong>&nbsp;del Gobierno con la adopci\u00f3n de&nbsp;<strong>tecnolog\u00edas limpias y sostenibles.<\/strong><\/p>\n\n\n\n<p>Este proyecto no solo contribuir\u00e1 al fortalecimiento de nuestra&nbsp;<strong>seguridad energ\u00e9tica<\/strong>, sino que tambi\u00e9n generar\u00e1&nbsp;<strong>oportunidades de empleo<\/strong>&nbsp;y promover\u00e1 el desarrollo econ\u00f3mico y social en la regi\u00f3n. Adem\u00e1s, se alinea estrechamente con los objetivos de&nbsp;<strong>sostenibilidad y mitigaci\u00f3n del cambio clim\u00e1tico<\/strong>&nbsp;establecidos tanto a nivel nacional como internacional.<\/p>\n\n\n\n<p>La Comisi\u00f3n Nacional de Energ\u00eda reitera su compromiso de seguir impulsando iniciativas que promuevan el uso responsable de nuestros recursos naturales y la transici\u00f3n hacia una&nbsp;<strong>econom\u00eda m\u00e1s sostenible y resiliente<\/strong>. Con proyectos como el Parque Fotovoltaico Jambolan Solar se sientan las bases para un&nbsp;<strong>futuro energ\u00e9tico m\u00e1s limpio, eficiente y equitativo&nbsp;<\/strong>para todos los dominicanos.<\/p>\n","protected":false},"excerpt":{"rendered":"<p>Santo Domingo.- El Gobierno Dominicano, a trav\u00e9s de la&nbsp;Comisi\u00f3n Nacional de Energ\u00eda (CNE),&nbsp;anunci\u00f3 la firma de&nbsp;concesi\u00f3n definitiva&nbsp;para el proyecto del&nbsp;Parque Fotovoltaico Jambolan Solar.&nbsp;Esta iniciativa representa un paso significativo hacia la&nbsp;diversificaci\u00f3n&hellip; <\/p>\n","protected":false},"author":2,"featured_media":50798,"comment_status":"closed","ping_status":"closed","sticky":false,"template":"","format":"standard","meta":{"fifu_image_url":"https:\/\/presidencia.gob.do\/sites\/default\/files\/styles\/large\/public\/news\/2024-04\/FIRMA%20CNE%20%281%29%20%281%29.jpg?itok=eX_ejdPj","fifu_image_alt":"","footnotes":""},"categories":[182],"tags":[],"class_list":["post-50796","post","type-post","status-publish","format-standard","has-post-thumbnail","hentry","category-energia"],"_links":{"self":[{"href":"https:\/\/elmundodelosnegocios.com.do\/v1\/wp-json\/wp\/v2\/posts\/50796","targetHints":{"allow":["GET"]}}],"collection":[{"href":"https:\/\/elmundodelosnegocios.com.do\/v1\/wp-json\/wp\/v2\/posts"}],"about":[{"href":"https:\/\/elmundodelosnegocios.com.do\/v1\/wp-json\/wp\/v2\/types\/post"}],"author":[{"embeddable":true,"href":"https:\/\/elmundodelosnegocios.com.do\/v1\/wp-json\/wp\/v2\/users\/2"}],"replies":[{"embeddable":true,"href":"https:\/\/elmundodelosnegocios.com.do\/v1\/wp-json\/wp\/v2\/comments?post=50796"}],"version-history":[{"count":1,"href":"https:\/\/elmundodelosnegocios.com.do\/v1\/wp-json\/wp\/v2\/posts\/50796\/revisions"}],"predecessor-version":[{"id":50797,"href":"https:\/\/elmundodelosnegocios.com.do\/v1\/wp-json\/wp\/v2\/posts\/50796\/revisions\/50797"}],"wp:featuredmedia":[{"embeddable":true,"href":"https:\/\/elmundodelosnegocios.com.do\/v1\/wp-json\/wp\/v2\/media\/50798"}],"wp:attachment":[{"href":"https:\/\/elmundodelosnegocios.com.do\/v1\/wp-json\/wp\/v2\/media?parent=50796"}],"wp:term":[{"taxonomy":"category","embeddable":true,"href":"https:\/\/elmundodelosnegocios.com.do\/v1\/wp-json\/wp\/v2\/categories?post=50796"},{"taxonomy":"post_tag","embeddable":true,"href":"https:\/\/elmundodelosnegocios.com.do\/v1\/wp-json\/wp\/v2\/tags?post=50796"}],"curies":[{"name":"wp","href":"https:\/\/api.w.org\/{rel}","templated":true}]}}