{"id":50802,"date":"2024-04-03T18:48:35","date_gmt":"2024-04-03T23:18:35","guid":{"rendered":"https:\/\/elmundodelosnegocios.com.do\/v1\/?p=50802"},"modified":"2024-04-03T18:48:37","modified_gmt":"2024-04-03T23:18:37","slug":"fortaleceran-procesos-para-habilitar-establecimientos-y-prestadores-de-servicios-de-salud","status":"publish","type":"post","link":"https:\/\/elmundodelosnegocios.com.do\/v1\/fortaleceran-procesos-para-habilitar-establecimientos-y-prestadores-de-servicios-de-salud\/","title":{"rendered":"Fortalecer\u00e1n procesos para habilitar establecimientos y prestadores de servicios de salud"},"content":{"rendered":"\n<p>Santo Domingo.- El ministro de Salud P\u00fablica, doctor&nbsp;<strong>V\u00edctor Atallah<\/strong>, asegur\u00f3 este mi\u00e9rcoles que con la puesta en vigencia de un nuevo&nbsp;<strong>Reglamento t\u00e9cnico para la habilitaci\u00f3n de los servicios cl\u00ednicos, quir\u00fargicos y diagn\u00f3sticos<\/strong>, se fortalecer\u00e1 el proceso que garantiza el cumplimiento de la&nbsp;<strong>Ley General 42-01<\/strong>, con un ejercicio m\u00e9dico apegado a las normas activas referentes a la&nbsp;<strong>calidad de los servicios<\/strong>.<\/p>\n\n\n<div class=\"wp-block-image\">\n<figure class=\"aligncenter size-large\"><img decoding=\"async\" src=\"https:\/\/presidencia.gob.do\/sites\/default\/files\/styles\/large\/public\/news\/2024-04\/DSC_3385.JPG?itok=gO17ULx9\" alt=\"\"\/><\/figure>\n<\/div>\n\n\n<p>El titular de Salud habl\u00f3 en el acto de lanzamiento del nuevo reglamento, que regular\u00e1 a los&nbsp;<strong>Prestadores de Servicios de Salud (PSS<\/strong>), o quienes pretenden ofertar a los usuarios&nbsp;<strong>servicios sanitarios, preventivos, diagn\u00f3sticos, terap\u00e9uticos, est\u00e9ticos<\/strong>&nbsp;o cualquier otro, que puedan constituir un&nbsp;<strong>riesgo a la salud colectiva o individual<\/strong>&nbsp;en todo el territorio nacional y en los niveles de atenci\u00f3n.<\/p>\n\n\n\n<p><em>\u201cEs importante tener normas reglas y gu\u00edas que nos permitan hacer las cosas de forma eficaz, la atenci\u00f3n en salud es realmente importante, pero es mucho m\u00e1s importante la tranquilidad y bienestar de los pacientes. Por eso ponemos en funci\u00f3n este reglamento, trabajo que cont\u00f3 con el consenso de todas las sociedades n\u00e9dicas, para eficientizar y mejorar el sector salud en sentido general, porque la salud no es p\u00fablica ni privada, sino un sistema integrado\u201d&nbsp;<\/em>resalt\u00f3 el doctor Atallah.<\/p>\n\n\n\n<figure class=\"wp-block-image\"><img decoding=\"async\" src=\"https:\/\/presidencia.gob.do\/sites\/default\/files\/inline-images\/DSC_3409.JPG\" alt=\"\"\/><\/figure>\n\n\n\n<p>Sugiri\u00f3 a los&nbsp;<strong>m\u00e9dicos y especialistas tanto al sector p\u00fablico como privado<\/strong>, acoger el documento con el compromiso merecido por su nivel de importancia, y trabajar apegados a sus lineamientos, conforme al proceso que requiere la&nbsp;<strong>Direcci\u00f3n de Habilitaci\u00f3n y Acreditaci\u00f3n<\/strong>, para garantizar el cumplimiento de la Ley General de Salud y lograr el \u00e9xito en la implementaci\u00f3n de esta nueva normativa.<\/p>\n\n\n\n<p>Por su parte, el viceministro de Garant\u00eda de la Calidad de los Servicios de Salud, doctor&nbsp;<strong>Jos\u00e9 Antonio Matos<\/strong>, indic\u00f3 que en la b\u00fasqueda de un sector renovado y modernizado ha sido imprescindible un&nbsp;<strong>mejor reglamento de habilitaci\u00f3n<\/strong>&nbsp;que cumpla con los est\u00e1ndares para alcanzar y garantizar la calidad de los servicios.<\/p>\n\n\n\n<p><em>\u201cEn la implementaci\u00f3n de la salud en la Rep\u00fablica Dominicana est\u00e1 comprometida la preservaci\u00f3n de varios factores, como la calidad y la atenci\u00f3n a los usuarios de los servicios. Con este nuevo reglamento se avanza adem\u00e1s en la agilizaci\u00f3n de los procesos de habilitaci\u00f3n y otras solicitudes, con las que se camina hacia la excelencia en el cumplimiento y tramitaciones\u201d,<\/em>&nbsp;indic\u00f3 el viceministro.<\/p>\n\n\n\n<p>Al presentar el nuevo reglamento t\u00e9cnico, el doctor&nbsp;<strong>Juan Gerardo Mesa<\/strong>, director de Habilitaci\u00f3n y Acreditaci\u00f3n,&nbsp; indic\u00f3 que la&nbsp; actualizaci\u00f3n inici\u00f3 desde el a\u00f1o 2021,&nbsp;<em>\u201ccon la revisi\u00f3n del anterior reglamento, que ya estaba obsoleto, y un equipo del Ministerio ejecut\u00f3 un arduo trabajo para luego proceder a su socializaci\u00f3n con las distintas sociedades m\u00e9dicas involucradas y cumpliendo los procesos legales de lugar para su aprobaci\u00f3n y publicaci\u00f3n\u201d.<\/em><\/p>\n\n\n\n<p>Precis\u00f3 que los&nbsp;<strong>gremios m\u00e9dicos especializados<\/strong>&nbsp;realizaron importantes&nbsp;<strong>aportes<\/strong>&nbsp;al documento, lo que representa un hito en la b\u00fasqueda de la mejora continua en los&nbsp;<strong>cuatro pilares<\/strong>&nbsp;en que est\u00e1 basado el material (seguridad del paciente, calidad de la atenci\u00f3n, eficiencia y optimizaci\u00f3n de los recursos disponibles y la equidad en el acceso a los servicios de salud).<\/p>\n\n\n\n<p>La actividad cont\u00f3 con la presencia de los viceministros&nbsp;<strong>Eladio P\u00e9rez<\/strong>, de Salud Colectiva, y&nbsp;<strong>Miguel Rodr\u00edguez Vi\u00f1as<\/strong>, de Fortalecimiento y Desarrollo del Sector Salud. Adem\u00e1s, el doctor&nbsp;<strong>Eddy P\u00e9rez Then<\/strong>, asesor del Ministerio, y la doctora&nbsp;<strong>Altagracia Pe\u00f1a<\/strong>, directora de Normas, Gu\u00edas y Protocolos.<\/p>\n\n\n\n<p>Igualmente,<strong>&nbsp;Santiago Hazim<\/strong>, director del Seguro Nacional de Salud;&nbsp;<strong>Yohnny Arias<\/strong>, directora de Laboratorios Cl\u00ednicos e Im\u00e1genes;&nbsp;<strong>Lorenzo Ram\u00edrez<\/strong>, director del Instituto Dominicano para la Calidad;&nbsp;<strong>Alejandro Cambiaso<\/strong>, presidente de la Asociaci\u00f3n Dominicana de Turismo, as\u00ed como presidentes y representantes de las diferentes sociedades m\u00e9dicas especializadas y colaboradores del proceso.<\/p>\n\n\n\n<p>El Ministerio de Salud P\u00fablica y Asistencia Social, a trav\u00e9s de la Direcci\u00f3n de Habilitaci\u00f3n de Servicios y Establecimientos de Salud, y las Direcciones Provinciales y de \u00c1reas de Salud, vigilar\u00e1 el&nbsp;<strong>cumplimiento de las disposiciones establecidas<\/strong>&nbsp;en el presente reglamento.<\/p>\n","protected":false},"excerpt":{"rendered":"<p>Santo Domingo.- El ministro de Salud P\u00fablica, doctor&nbsp;V\u00edctor Atallah, asegur\u00f3 este mi\u00e9rcoles que con la puesta en vigencia de un nuevo&nbsp;Reglamento t\u00e9cnico para la habilitaci\u00f3n de los servicios cl\u00ednicos, quir\u00fargicos&hellip; <\/p>\n","protected":false},"author":2,"featured_media":50804,"comment_status":"closed","ping_status":"closed","sticky":false,"template":"","format":"standard","meta":{"fifu_image_url":"https:\/\/presidencia.gob.do\/sites\/default\/files\/styles\/large\/public\/news\/2024-04\/DSC_3385.JPG?itok=gO17ULx9","fifu_image_alt":"","footnotes":""},"categories":[80],"tags":[],"class_list":["post-50802","post","type-post","status-publish","format-standard","has-post-thumbnail","hentry","category-salud"],"_links":{"self":[{"href":"https:\/\/elmundodelosnegocios.com.do\/v1\/wp-json\/wp\/v2\/posts\/50802","targetHints":{"allow":["GET"]}}],"collection":[{"href":"https:\/\/elmundodelosnegocios.com.do\/v1\/wp-json\/wp\/v2\/posts"}],"about":[{"href":"https:\/\/elmundodelosnegocios.com.do\/v1\/wp-json\/wp\/v2\/types\/post"}],"author":[{"embeddable":true,"href":"https:\/\/elmundodelosnegocios.com.do\/v1\/wp-json\/wp\/v2\/users\/2"}],"replies":[{"embeddable":true,"href":"https:\/\/elmundodelosnegocios.com.do\/v1\/wp-json\/wp\/v2\/comments?post=50802"}],"version-history":[{"count":1,"href":"https:\/\/elmundodelosnegocios.com.do\/v1\/wp-json\/wp\/v2\/posts\/50802\/revisions"}],"predecessor-version":[{"id":50803,"href":"https:\/\/elmundodelosnegocios.com.do\/v1\/wp-json\/wp\/v2\/posts\/50802\/revisions\/50803"}],"wp:featuredmedia":[{"embeddable":true,"href":"https:\/\/elmundodelosnegocios.com.do\/v1\/wp-json\/wp\/v2\/media\/50804"}],"wp:attachment":[{"href":"https:\/\/elmundodelosnegocios.com.do\/v1\/wp-json\/wp\/v2\/media?parent=50802"}],"wp:term":[{"taxonomy":"category","embeddable":true,"href":"https:\/\/elmundodelosnegocios.com.do\/v1\/wp-json\/wp\/v2\/categories?post=50802"},{"taxonomy":"post_tag","embeddable":true,"href":"https:\/\/elmundodelosnegocios.com.do\/v1\/wp-json\/wp\/v2\/tags?post=50802"}],"curies":[{"name":"wp","href":"https:\/\/api.w.org\/{rel}","templated":true}]}}