{"id":50820,"date":"2024-04-04T11:39:17","date_gmt":"2024-04-04T16:09:17","guid":{"rendered":"https:\/\/elmundodelosnegocios.com.do\/v1\/?p=50820"},"modified":"2024-04-04T11:39:19","modified_gmt":"2024-04-04T16:09:19","slug":"acuerdan-camara-santo-domingo-y-banco-adopem-visibilizar-talento-y-vision-mujer-emprendedora","status":"publish","type":"post","link":"https:\/\/elmundodelosnegocios.com.do\/v1\/acuerdan-camara-santo-domingo-y-banco-adopem-visibilizar-talento-y-vision-mujer-emprendedora\/","title":{"rendered":"Acuerdan C\u00e1mara Santo Domingo y Banco Adopem visibilizar talento y visi\u00f3n mujer emprendedora"},"content":{"rendered":"\n<p>Distrito Nacional, R.D. Abril 4, 2024.- La C\u00e1mara de Comercio de Santo Domingo y el Banco Adopem entidad de la Fundaci\u00f3n Microfinanzas BBVA firmaron un acuerdo con el prop\u00f3sito de promover acciones que permitan visibilizar el talento y la visi\u00f3n emprendedora de las mujeres empresarias en los diversos sectores del aparato productivo del pa\u00eds.<\/p>\n\n\n<div class=\"wp-block-image\">\n<figure class=\"aligncenter size-large\"><img loading=\"lazy\" decoding=\"async\" width=\"1024\" height=\"678\" src=\"https:\/\/elmundodelosnegocios.com.do\/v1\/wp-content\/uploads\/2024\/04\/001-2-1024x678.jpg\" alt=\"\" class=\"wp-image-50821\" srcset=\"https:\/\/elmundodelosnegocios.com.do\/v1\/wp-content\/uploads\/2024\/04\/001-2-1024x678.jpg 1024w, https:\/\/elmundodelosnegocios.com.do\/v1\/wp-content\/uploads\/2024\/04\/001-2-300x199.jpg 300w, https:\/\/elmundodelosnegocios.com.do\/v1\/wp-content\/uploads\/2024\/04\/001-2-768x509.jpg 768w, https:\/\/elmundodelosnegocios.com.do\/v1\/wp-content\/uploads\/2024\/04\/001-2.jpg 1418w\" sizes=\"auto, (max-width: 1024px) 100vw, 1024px\" \/><\/figure>\n<\/div>\n\n\n<p>El acuerdo de colaboraci\u00f3n estable que ambas organizaciones se comprometen a fomentar la participaci\u00f3n de empresas donde la participaci\u00f3n accionaria femenina supera el 51%, d\u00e1ndole un uso al Directorio Mujer ES para compras o licitar, contrataciones de bienes y servicios.<\/p>\n\n\n<div class=\"wp-block-image\">\n<figure class=\"aligncenter size-large\"><img loading=\"lazy\" decoding=\"async\" width=\"1024\" height=\"678\" src=\"https:\/\/elmundodelosnegocios.com.do\/v1\/wp-content\/uploads\/2024\/04\/01-1-1024x678.jpg\" alt=\"\" class=\"wp-image-50822\" srcset=\"https:\/\/elmundodelosnegocios.com.do\/v1\/wp-content\/uploads\/2024\/04\/01-1-1024x678.jpg 1024w, https:\/\/elmundodelosnegocios.com.do\/v1\/wp-content\/uploads\/2024\/04\/01-1-300x199.jpg 300w, https:\/\/elmundodelosnegocios.com.do\/v1\/wp-content\/uploads\/2024\/04\/01-1-768x508.jpg 768w, https:\/\/elmundodelosnegocios.com.do\/v1\/wp-content\/uploads\/2024\/04\/01-1.jpg 1487w\" sizes=\"auto, (max-width: 1024px) 100vw, 1024px\" \/><\/figure>\n<\/div>\n\n\n<p>La presidente de la C\u00e1mara de Comercio de Santo Domingo, Lucile Houellemont de Gamundi, al rubricar el acuerdo resalt\u00f3 que la participaci\u00f3n de las mujeres en los sistemas productivos ha sido fundamental para el crecimiento de la econom\u00eda. Al tiempo de asegurar, que a\u00fan persisten brechas de oportunidades, las que se han propuesto contribuir a eliminarlas a trav\u00e9s de alianzas con diversas instituciones.<\/p>\n\n\n\n<p>\u201cEste acuerdo no solo representa una alianza estrat\u00e9gica entre dos instituciones comprometidas con el desarrollo econ\u00f3mico y social, sino que tambi\u00e9n es un testimonio de nuestro compromiso conjunto con la equidad de g\u00e9nero\u201d, expres\u00f3.<\/p>\n\n\n\n<p>De su lado, Mercedes Canalda de Beras-Goico, presidente ejecutiva del Banco Adopem manifest\u00f3 que con esta alianza la organizaci\u00f3n busca promover el empoderamiento econ\u00f3mico y social de las mujeres buscando consolidar nuevas oportunidades de negocios fomentando un entorno m\u00e1s favorable para el crecimiento econ\u00f3mico y profesional de las mujeres que son parte del Directorio MujerES, en el marco de la iniciativa de Paridad de G\u00e9nero.<\/p>\n\n\n\n<p>Agreg\u00f3 que este convenio aporta enriquece la estrategia femenina de innovaci\u00f3n empresarial contribuyendo a crear un entorno empresarial m\u00e1s inclusivo y equitativo que beneficia tanto a las propias empresarias como a la sociedad en general.<\/p>\n","protected":false},"excerpt":{"rendered":"<p>Distrito Nacional, R.D. Abril 4, 2024.- La C\u00e1mara de Comercio de Santo Domingo y el Banco Adopem entidad de la Fundaci\u00f3n Microfinanzas BBVA firmaron un acuerdo con el prop\u00f3sito de&hellip; <\/p>\n","protected":false},"author":2,"featured_media":50824,"comment_status":"closed","ping_status":"closed","sticky":false,"template":"","format":"standard","meta":{"fifu_image_url":"https:\/\/elmundodelosnegocios.com.do\/v1\/wp-content\/uploads\/2024\/04\/001-2-1024x678.jpg","fifu_image_alt":"","footnotes":""},"categories":[83],"tags":[],"class_list":["post-50820","post","type-post","status-publish","format-standard","has-post-thumbnail","hentry","category-empresariales-empresariales"],"_links":{"self":[{"href":"https:\/\/elmundodelosnegocios.com.do\/v1\/wp-json\/wp\/v2\/posts\/50820","targetHints":{"allow":["GET"]}}],"collection":[{"href":"https:\/\/elmundodelosnegocios.com.do\/v1\/wp-json\/wp\/v2\/posts"}],"about":[{"href":"https:\/\/elmundodelosnegocios.com.do\/v1\/wp-json\/wp\/v2\/types\/post"}],"author":[{"embeddable":true,"href":"https:\/\/elmundodelosnegocios.com.do\/v1\/wp-json\/wp\/v2\/users\/2"}],"replies":[{"embeddable":true,"href":"https:\/\/elmundodelosnegocios.com.do\/v1\/wp-json\/wp\/v2\/comments?post=50820"}],"version-history":[{"count":1,"href":"https:\/\/elmundodelosnegocios.com.do\/v1\/wp-json\/wp\/v2\/posts\/50820\/revisions"}],"predecessor-version":[{"id":50823,"href":"https:\/\/elmundodelosnegocios.com.do\/v1\/wp-json\/wp\/v2\/posts\/50820\/revisions\/50823"}],"wp:featuredmedia":[{"embeddable":true,"href":"https:\/\/elmundodelosnegocios.com.do\/v1\/wp-json\/wp\/v2\/media\/50824"}],"wp:attachment":[{"href":"https:\/\/elmundodelosnegocios.com.do\/v1\/wp-json\/wp\/v2\/media?parent=50820"}],"wp:term":[{"taxonomy":"category","embeddable":true,"href":"https:\/\/elmundodelosnegocios.com.do\/v1\/wp-json\/wp\/v2\/categories?post=50820"},{"taxonomy":"post_tag","embeddable":true,"href":"https:\/\/elmundodelosnegocios.com.do\/v1\/wp-json\/wp\/v2\/tags?post=50820"}],"curies":[{"name":"wp","href":"https:\/\/api.w.org\/{rel}","templated":true}]}}