{"id":50842,"date":"2024-04-04T14:32:11","date_gmt":"2024-04-04T19:02:11","guid":{"rendered":"https:\/\/elmundodelosnegocios.com.do\/v1\/?p=50842"},"modified":"2024-04-04T14:32:13","modified_gmt":"2024-04-04T19:02:13","slug":"reconocen-pacheco-mendez-influencia-en-industria-aeronautica","status":"publish","type":"post","link":"https:\/\/elmundodelosnegocios.com.do\/v1\/reconocen-pacheco-mendez-influencia-en-industria-aeronautica\/","title":{"rendered":"Reconocen Pacheco M\u00e9ndez influencia en industria aeron\u00e1utica"},"content":{"rendered":"\n<p>Santo Domingo, R.D., abril, 2024.- La revista global CIO Look, enfocada en negocios ,en su m\u00e1s reciente edici\u00f3n destac\u00f3 el liderazgo de Victor Pacheco Mendez, CEO &amp; fundador de Arajet, por el \u00e9xito de su emprendimiento en la Aviaci\u00f3n comercial resaltando su formaci\u00f3n y experiencia con ideales, valores y estrat\u00e9gias de la industria.<\/p>\n\n\n<div class=\"wp-block-image\">\n<figure class=\"aligncenter size-large\"><img loading=\"lazy\" decoding=\"async\" width=\"1024\" height=\"576\" src=\"https:\/\/elmundodelosnegocios.com.do\/v1\/wp-content\/uploads\/2024\/04\/02-1-1024x576.jpg\" alt=\"\" class=\"wp-image-50843\" srcset=\"https:\/\/elmundodelosnegocios.com.do\/v1\/wp-content\/uploads\/2024\/04\/02-1-1024x576.jpg 1024w, https:\/\/elmundodelosnegocios.com.do\/v1\/wp-content\/uploads\/2024\/04\/02-1-300x169.jpg 300w, https:\/\/elmundodelosnegocios.com.do\/v1\/wp-content\/uploads\/2024\/04\/02-1-768x432.jpg 768w, https:\/\/elmundodelosnegocios.com.do\/v1\/wp-content\/uploads\/2024\/04\/02-1-1536x864.jpg 1536w, https:\/\/elmundodelosnegocios.com.do\/v1\/wp-content\/uploads\/2024\/04\/02-1-2048x1152.jpg 2048w\" sizes=\"auto, (max-width: 1024px) 100vw, 1024px\" \/><\/figure>\n<\/div>\n\n\n<p>La publicaci\u00f3n amplia trayectoria y experiencia de Pacheco M\u00e9ndez, como un destacado profesional de la industria aeron\u00e1utica destacando su firme compromiso con la excelencia. Adem\u00e1s, puntualizan que este liderazgo se desarrolla en la adaptabilidad, la resiliencia y una mentalidad visionaria, orientada hacia el futuro, conjuntamente a la creaci\u00f3n de una cultura de innovaci\u00f3n y mejora continua como CEO y Fundador de la joven aerol\u00ednea caribe\u00f1a Arajet.<\/p>\n\n\n\n<p>\u201cLa seguridad y la eficiencia como elementos primordiales de la aviaci\u00f3n resaltan su potencial para establecer e implementar rigurosas medidas de seguridad y estrategias proactivas de gesti\u00f3n de riesgos. Adem\u00e1s, de aprovechar la tecnolog\u00eda para impulsar avances en la aviaci\u00f3n, mejorar la experiencia del pasajero y cuidar el medio ambiente\u201d, destacaron.<\/p>\n\n\n\n<p>Victor Pacheco M\u00e9ndez expres\u00f3 se considera ser un l\u00edder en construcci\u00f3n y en constante crecimiento, \u201cEl liderazgo en la aviaci\u00f3n no se trata solo de logros individuales, sino tambi\u00e9n de fomentar la colaboraci\u00f3n y la sinergia en toda la industria. Juntos, podemos superar desaf\u00edos y trazar un curso hacia un futuro m\u00e1s seguro y sostenible\u201d. Resalt\u00f3<\/p>\n\n\n\n<p>Finalmente, la publicaci\u00f3n concluye afirmando que a medida que la industria de la aviaci\u00f3n contin\u00faa evolucionando, l\u00edderes como V\u00edctor Pacheco desempe\u00f1an un papel protag\u00f3nico inspirando y empoderando a profesionales y futuros en todos los horizontes de la aviaci\u00f3n.<\/p>\n\n\n\n<p>Sobre CIOLook<\/p>\n\n\n\n<p>Fundada en el 2015, es una plataforma global de autoridad empresarial en la que puede explorar la perspectiva de empresarios, propietarios de negocios e innovadores que impulsan los negocios en todo el mundo.<\/p>\n","protected":false},"excerpt":{"rendered":"<p>Santo Domingo, R.D., abril, 2024.- La revista global CIO Look, enfocada en negocios ,en su m\u00e1s reciente edici\u00f3n destac\u00f3 el liderazgo de Victor Pacheco Mendez, CEO &amp; fundador de Arajet,&hellip; <\/p>\n","protected":false},"author":2,"featured_media":50843,"comment_status":"closed","ping_status":"closed","sticky":false,"template":"","format":"standard","meta":{"fifu_image_url":"","fifu_image_alt":"","footnotes":""},"categories":[169],"tags":[],"class_list":["post-50842","post","type-post","status-publish","format-standard","has-post-thumbnail","hentry","category-transporte-internacional"],"_links":{"self":[{"href":"https:\/\/elmundodelosnegocios.com.do\/v1\/wp-json\/wp\/v2\/posts\/50842","targetHints":{"allow":["GET"]}}],"collection":[{"href":"https:\/\/elmundodelosnegocios.com.do\/v1\/wp-json\/wp\/v2\/posts"}],"about":[{"href":"https:\/\/elmundodelosnegocios.com.do\/v1\/wp-json\/wp\/v2\/types\/post"}],"author":[{"embeddable":true,"href":"https:\/\/elmundodelosnegocios.com.do\/v1\/wp-json\/wp\/v2\/users\/2"}],"replies":[{"embeddable":true,"href":"https:\/\/elmundodelosnegocios.com.do\/v1\/wp-json\/wp\/v2\/comments?post=50842"}],"version-history":[{"count":1,"href":"https:\/\/elmundodelosnegocios.com.do\/v1\/wp-json\/wp\/v2\/posts\/50842\/revisions"}],"predecessor-version":[{"id":50844,"href":"https:\/\/elmundodelosnegocios.com.do\/v1\/wp-json\/wp\/v2\/posts\/50842\/revisions\/50844"}],"wp:featuredmedia":[{"embeddable":true,"href":"https:\/\/elmundodelosnegocios.com.do\/v1\/wp-json\/wp\/v2\/media\/50843"}],"wp:attachment":[{"href":"https:\/\/elmundodelosnegocios.com.do\/v1\/wp-json\/wp\/v2\/media?parent=50842"}],"wp:term":[{"taxonomy":"category","embeddable":true,"href":"https:\/\/elmundodelosnegocios.com.do\/v1\/wp-json\/wp\/v2\/categories?post=50842"},{"taxonomy":"post_tag","embeddable":true,"href":"https:\/\/elmundodelosnegocios.com.do\/v1\/wp-json\/wp\/v2\/tags?post=50842"}],"curies":[{"name":"wp","href":"https:\/\/api.w.org\/{rel}","templated":true}]}}