{"id":50871,"date":"2024-04-07T13:36:23","date_gmt":"2024-04-07T18:06:23","guid":{"rendered":"https:\/\/elmundodelosnegocios.com.do\/v1\/?p=50871"},"modified":"2024-04-08T09:18:22","modified_gmt":"2024-04-08T13:48:22","slug":"senalan-tratamiento-fiscal-a-combustibles-aeronaves-y-embarcaciones-de-carga-favorece-desarrollo-logistico-de-rd","status":"publish","type":"post","link":"https:\/\/elmundodelosnegocios.com.do\/v1\/senalan-tratamiento-fiscal-a-combustibles-aeronaves-y-embarcaciones-de-carga-favorece-desarrollo-logistico-de-rd\/","title":{"rendered":"Tratamiento fiscal a combustibles aeronaves y embarcaciones carga favorable log\u00edstica RD"},"content":{"rendered":"\n<p><strong>Santo Domingo.&nbsp;<\/strong>La Asociaci\u00f3n de Industrias de la Rep\u00fablica Dominicana (AIRD) valor\u00f3 como positivo el Decreto 148-22 que regula el tratamiento fiscal dado a los hidrocarburos a utilizar por aeronaves y embarcaciones de carga, asegurando que su correcta aplicaci\u00f3n favorecer\u00e1 el desarrollo log\u00edstico del pa\u00eds y tender\u00e1 a reducir el costo del transporte de las exportaciones.<\/p>\n\n\n<div class=\"wp-block-image\">\n<figure class=\"aligncenter size-full\"><img loading=\"lazy\" decoding=\"async\" width=\"900\" height=\"506\" src=\"https:\/\/elmundodelosnegocios.com.do\/v1\/wp-content\/uploads\/2024\/04\/07.jpg\" alt=\"\" class=\"wp-image-50872\" srcset=\"https:\/\/elmundodelosnegocios.com.do\/v1\/wp-content\/uploads\/2024\/04\/07.jpg 900w, https:\/\/elmundodelosnegocios.com.do\/v1\/wp-content\/uploads\/2024\/04\/07-300x169.jpg 300w, https:\/\/elmundodelosnegocios.com.do\/v1\/wp-content\/uploads\/2024\/04\/07-768x432.jpg 768w\" sizes=\"auto, (max-width: 900px) 100vw, 900px\" \/><\/figure>\n<\/div>\n\n\n<p>Julio Virgilio Brache, presidente de la AIRD expres\u00f3 que esperan un impacto favorable tanto en la frecuencia, como en el costo de los fletes. \u201cEn otras palabras, se incrementar\u00eda la competitividad de las empresas que se empe\u00f1an, d\u00eda a d\u00eda, en colocar lo HechoenRD en mercados extranjeros\u201d, afirm\u00f3.<\/p>\n\n\n\n<p>\u201cLa aplicaci\u00f3n de una tasa fija en d\u00f3lares o su equivalente en pesos dominicanos para la reexportaci\u00f3n de combustibles de modo general, y como aprovisionamiento de combustibles f\u00f3siles o derivados del petr\u00f3leo de los medios de transporte mar\u00edtimos y a\u00e9reos, exclusivos para carga, es un paso positivo\u201d, enfatiz\u00f3 Brache.<\/p>\n\n\n\n<p>Brache ofreci\u00f3 estas declaraciones en el Encuentro Industrial \u201cTratamiento fiscal a hidrocarburos usados por aeronaves y embarcaciones de carga: An\u00e1lisis Decreto 148-22 y Norma 02-2024\u201d celebrado por la AIRD y que cont\u00f3 con la participaci\u00f3n del ministro de Industria, Comercio y Mipymes (MICM), V\u00edctor Bison\u00f3, el director general de Impuestos Internos, Luis Valdez, y el subdirector de Aduanas, Daniel Pe\u00f1a.<\/p>\n\n\n\n<p>En el Encuentro Industrial el ministro Bison\u00f3 abord\u00f3 la importancia de este marco legal para el desarrollo de Rep\u00fablica Dominicana como hub log\u00edstico, indicando que \u201cestamos fomentando la competitividad de nuestras industrias y promoviendo un ambiente propicio para su crecimiento. Esta medida se alinea perfectamente con nuestra visi\u00f3n de convertirnos en un referente regional en materia de log\u00edstica y comercio internacional\u00bb.<\/p>\n\n\n\n<p>De su lado el director general de Impuestos Internos, Luis Valdez, present\u00f3 la perspectiva de la DGII en torno a la Norma 02-2024 y el rol que juega la instituci\u00f3n como \u00f3rgano de Administraci\u00f3n Tributaria.<\/p>\n\n\n\n<p>\u201cLa Norma permite a las empresas operadoras de centros log\u00edsticos y empresas operadoras log\u00edsticas, cuya actividad sea la exportaci\u00f3n de hidrocarburos utilizados por aeronaves y embarcaciones de carga de mercanc\u00edas, facturar en un Comprobante para Exportaciones, sin incluir el Impuesto Selectivo al Consumo por tratarse de un servicio conexo a la exportaci\u00f3n\u201d afirm\u00f3 el director general de la DGII.<\/p>\n\n\n\n<p>La visi\u00f3n de la Direcci\u00f3n General de Aduanas acerca de la Norma 02-2024 &nbsp; fue presentada por su subdirector, Daniel Pe\u00f1a, quien manifest\u00f3 que la aprobaci\u00f3n de este decreto es uno de los pasos determinantes para la consolidaci\u00f3n de Rep\u00fablica Dominicana como el principal Hub Log\u00edstico de la regi\u00f3n.&nbsp;<\/p>\n\n\n\n<p>\u201cDando continuidad, el Decreto 148-22 establece que las empresas operadoras log\u00edsticas y centros log\u00edsticos obtengan una licencia avalada por un estudio t\u00e9cnico interinstitucional efectuado por el Ministerio de Hacienda, el Ministerio de Industria, Comercio y Mipymes y la Direcci\u00f3n General de Aduanas (DGA). Este estudio debe evaluar la estructura de almacenamiento, los vol\u00famenes de consumo y el destino de los combustibles. Esto es vital para que el pa\u00eds cumpla la visi\u00f3n de nuestro presidente, Luis Abinader\u201d, sostuvo Pe\u00f1a.<\/p>\n\n\n\n<p>El Encuentro Industrial finaliz\u00f3 con un panel moderado por Mario E. Pujols, vicepresidente ejecutivo de la AIRD, donde participaron Ram\u00f3n P\u00e9rez Ferm\u00edn, Viceministro de Comercio Interno del MICM; Yorlin V\u00e1squez, Subdirectora Jur\u00eddica de la DGII, y Eduardo Rodr\u00edguez, Asesor T\u00e9cnico de la DGA.<\/p>\n","protected":false},"excerpt":{"rendered":"<p>Santo Domingo.&nbsp;La Asociaci\u00f3n de Industrias de la Rep\u00fablica Dominicana (AIRD) valor\u00f3 como positivo el Decreto 148-22 que regula el tratamiento fiscal dado a los hidrocarburos a utilizar por aeronaves y&hellip; <\/p>\n","protected":false},"author":2,"featured_media":50874,"comment_status":"closed","ping_status":"closed","sticky":false,"template":"","format":"standard","meta":{"fifu_image_url":"https:\/\/elmundodelosnegocios.com.do\/v1\/wp-content\/uploads\/2024\/04\/07.jpg","fifu_image_alt":"","footnotes":""},"categories":[181],"tags":[],"class_list":["post-50871","post","type-post","status-publish","format-standard","has-post-thumbnail","hentry","category-carga-logistica"],"_links":{"self":[{"href":"https:\/\/elmundodelosnegocios.com.do\/v1\/wp-json\/wp\/v2\/posts\/50871","targetHints":{"allow":["GET"]}}],"collection":[{"href":"https:\/\/elmundodelosnegocios.com.do\/v1\/wp-json\/wp\/v2\/posts"}],"about":[{"href":"https:\/\/elmundodelosnegocios.com.do\/v1\/wp-json\/wp\/v2\/types\/post"}],"author":[{"embeddable":true,"href":"https:\/\/elmundodelosnegocios.com.do\/v1\/wp-json\/wp\/v2\/users\/2"}],"replies":[{"embeddable":true,"href":"https:\/\/elmundodelosnegocios.com.do\/v1\/wp-json\/wp\/v2\/comments?post=50871"}],"version-history":[{"count":2,"href":"https:\/\/elmundodelosnegocios.com.do\/v1\/wp-json\/wp\/v2\/posts\/50871\/revisions"}],"predecessor-version":[{"id":50941,"href":"https:\/\/elmundodelosnegocios.com.do\/v1\/wp-json\/wp\/v2\/posts\/50871\/revisions\/50941"}],"wp:featuredmedia":[{"embeddable":true,"href":"https:\/\/elmundodelosnegocios.com.do\/v1\/wp-json\/wp\/v2\/media\/50874"}],"wp:attachment":[{"href":"https:\/\/elmundodelosnegocios.com.do\/v1\/wp-json\/wp\/v2\/media?parent=50871"}],"wp:term":[{"taxonomy":"category","embeddable":true,"href":"https:\/\/elmundodelosnegocios.com.do\/v1\/wp-json\/wp\/v2\/categories?post=50871"},{"taxonomy":"post_tag","embeddable":true,"href":"https:\/\/elmundodelosnegocios.com.do\/v1\/wp-json\/wp\/v2\/tags?post=50871"}],"curies":[{"name":"wp","href":"https:\/\/api.w.org\/{rel}","templated":true}]}}