{"id":50887,"date":"2024-04-06T13:48:04","date_gmt":"2024-04-06T18:18:04","guid":{"rendered":"https:\/\/elmundodelosnegocios.com.do\/v1\/?p=50887"},"modified":"2024-04-08T09:20:20","modified_gmt":"2024-04-08T13:50:20","slug":"segundo-tradeshow-en-miami-un-exito-total-que-concluyo-con-42-acuerdos-millonarios","status":"publish","type":"post","link":"https:\/\/elmundodelosnegocios.com.do\/v1\/segundo-tradeshow-en-miami-un-exito-total-que-concluyo-con-42-acuerdos-millonarios\/","title":{"rendered":"Destacan Tradeshow en Miami \u00e9xito total concluy\u00f3 mas 40 acuerdos millonarios"},"content":{"rendered":"\n<p>\u201cPuedo decir que este trade show ha sido un \u00e9xito total. El a\u00f1o ha arrancado fuerte y nosotros hemos hecho lo que ten\u00edamos que hacer\u201d<\/p>\n\n\n\n<p>La segunda edici\u00f3n del \u201cTradeshow\u201d (feria comercial de turismo) de Rep\u00fablica Dominicana celebrado en la ciudad de Miami, Estados Unidos, fue un \u201c\u00e9xito total\u201d, afirm\u00f3 el ministro de Turismo David Collado la noche del mi\u00e9rcoles.<\/p>\n\n\n<div class=\"wp-block-image\">\n<figure class=\"aligncenter size-large is-resized\"><img decoding=\"async\" src=\"https:\/\/mitur.gob.do\/wp-content\/uploads\/2024\/04\/Maimi-david-jpeg.webp\" alt=\"\" style=\"width:841px;height:auto\"\/><\/figure>\n<\/div>\n\n\n<p>Para Collado, los n\u00fameros hablan por s\u00ed mismos. La feria tur\u00edstica que busca promover a Rep\u00fablica Dominicana como uno de los l\u00edderes de la industria del turismo logr\u00f3 un total de 42 acuerdos por m\u00e1s de US$20 millones con empresas de Canad\u00e1, Estados Unidos y Latinoam\u00e9rica para garantizar la llegada de m\u00e1s de 4.6 millones de visitantes.<\/p>\n\n\n\n<p>\u201cPuedo decir que este trade show ha sido un \u00e9xito total. El a\u00f1o ha arrancado fuerte y nosotros hemos hecho lo que ten\u00edamos que hacer\u201d, expres\u00f3 el ministro con visible emoci\u00f3n.<\/p>\n\n\n\n<p>Collado tambi\u00e9n garantizo que este a\u00f1o siga siendo \u201cfuerte\u201d para el turismo, y un a\u00f1o en que el pa\u00eds siga demostrando resiliencia, fuerza y liderazgo.<\/p>\n\n\n\n<p>Sus expectativas para este 2024 son tales que proyect\u00f3 que con la ayuda de los actores internacionales de turismo, el pa\u00eds sobrepasar\u00e1 los 11 millones de visitantes. El pasado 26 diciembre el Ministerio de Turismo registr\u00f3 la entrada de 10 millones de turistas al pa\u00eds, una cifra r\u00e9cord que se planteaba como meta desde hace una d\u00e9cada.<\/p>\n\n\n\n<p>El \u201cTradeshow\u201d reuni\u00f3 en Miami a 70 empresas del pa\u00eds con agentes de viaje y tour operadores de Latinoam\u00e9rica, Canad\u00e1 y Estados Unidos. Se sostuvieron m\u00e1s de 1,000 reuniones entre los actores del sector tur\u00edstico.<\/p>\n\n\n\n<p>\u201cMiami es un punto de encuentro de toda Am\u00e9rica y este en mercado muy importante para nuestro sector (\u2026) es m\u00e1s del 70 % de la llegada de turistas a Rep\u00fablica Dominicana\u201d, manifest\u00f3 David Llibre, presidente de la Asociaci\u00f3n de Hoteles y Turismo de la Rep\u00fablica Dominicana (Asonahores).<\/p>\n\n\n\n<p>Lograr que m\u00e1s turistas de las Am\u00e9ricas escojan Rep\u00fablica Dominicana como su destino favorito ha sido una tarea que ha necesito del trabajo en conjunto entre el sector p\u00fablico y privado del pa\u00eds.<\/p>\n\n\n\n<p>\u201cLa diferencia entre otros pa\u00edses y Rep\u00fablica Dominicana es la unidad entre el sector p\u00fablico y sector privado\u201d, resalt\u00f3 Collado.<\/p>\n\n\n\n<p>La c\u00f3nsul de Rep\u00fablica Dominicana en Miami, Geanilda V\u00e1squez, tambi\u00e9n resalt\u00f3 que la presentaci\u00f3n del pa\u00eds en esta feria tur\u00edstica ha sido \u201cformidable\u201d y que se ha mostrado a los turistas un pa\u00eds \u201crenovado, vivo y dispuesto\u201d a recibirlos a todos.<\/p>\n\n\n\n<p>A las 5:30 de la tarde en el JW Marriot Marquis de Miami finaliz\u00f3 el \u201cTradeshow\u201d que desde las 9:00 de la ma\u00f1ana incluy\u00f3 bailes t\u00edpicos, diablos cojuelos, caf\u00e9 reci\u00e9n hecho, chocolate org\u00e1nico, y una barra de peque\u00f1os platillos con sabor de Quisqueya.<\/p>\n\n\n\n<h5 class=\"wp-block-heading\">FONSECA COMO \u201cEMBAJADOR DE CORAZ\u00d3N\u201d<\/h5>\n\n\n\n<p>El cantautor colombiano Fonseca se autodeclar\u00f3 \u201cembajador de coraz\u00f3n\u201d de Rep\u00fablica Dominicana.<\/p>\n\n\n\n<p>Al participar como invitado especial en el segundo \u201cTradeshow\u201d del pa\u00eds en Miami, Estados Unidos, Fonseca expres\u00f3 que Rep\u00fablica Dominicana ha sido una influencia \u201cmuy grande\u201d en su vida, y comparti\u00f3 su felicidad en el corte de cinta de la feria junto al ministro Collado.<\/p>\n\n\n\n<h5 class=\"wp-block-heading\">UN \u201cROADSHOW\u201d SOLD OUT<\/h5>\n\n\n\n<p>La noche del martes el Ministerio de Turismo desarroll\u00f3 el \u201croadshow\u201d n\u00famero con una participaci\u00f3n de m\u00e1s de 550 invitados, entre empresarios del sector hotelero y bancario del pa\u00eds, hasta tour operadores y agentes de viaje de todo el continente.<\/p>\n\n\n\n<p>Este tradicional \u201croadshow\u201d se ha convertido a lo largo de los a\u00f1os, y en diferentes destinos, en una plataforma para promover a Rep\u00fablica Dominicana en distintos mercados.<\/p>\n\n\n\n<p>La presentaci\u00f3n de la esencia dominicana fue todo un espect\u00e1culo. En una pantalla inmensa se iban mostrando im\u00e1genes de Santo Domingo, Saman\u00e1, Punta Cana y Puerto Plata como si de una pel\u00edcula se tratara. Al tiempo, el ministro iba dando cifras de la llegada de turistas al pa\u00eds y haciendo an\u00e9cdotas acerca del sector y los testimonios de dominicanos que han sido beneficiados producto de ello.<\/p>\n\n\n\n<p>Al finalizar el show, Collado recibi\u00f3 varios reconocimientos por su labor en la promoci\u00f3n de Rep\u00fablica Dominicana como destino. Uno de ellos fue de las manos de la agencia Northstar Travel Group.<\/p>\n\n\n\n<p>\u201c\u00a1Qu\u00e9 honor! Northstar Travel Group nos reconoci\u00f3 por el continuo apoyo a los asesores de viajes de la regi\u00f3n y nuestra contribuci\u00f3n a la industria entera, tambi\u00e9n recibimos reconocimientos por parte de Travel Leisure, Internova Travel Group y ALG Vacations\u201d, public\u00f3 en sus redes sociales.<\/p>\n\n\n\n<h5 class=\"wp-block-heading\">M\u00c1S TURISTAS PARA PUERTO PLATA<\/h5>\n\n\n\n<p>A la conclusi\u00f3n del \u201cTradeshow\u201d Collado aprovech\u00f3 para anunciar vuelos con la aerol\u00ednea SKYhigh Dominicana desde Miami hasta Puerto Plata.<\/p>\n\n\n\n<p>Otra de las iniciativas que busca promover a \u201cLa novia del Atl\u00e1ntico\u201d como destino para los americanos ha sido el acuerdo de fideicomiso de Punta Bergant\u00edn, con una inversi\u00f3n que supera los 200 millones de d\u00f3lares.<\/p>\n\n\n\n<p>Este mi\u00e9rcoles, la hotelera Karisma Hotels &amp; Resorts anunci\u00f3 su participaci\u00f3n en el proyecto con un acuerdo de entendimiento que promete desarrollar 300 habitaciones adicionales y un parque acu\u00e1tico.<\/p>\n\n\n\n<h5 class=\"wp-block-heading\">EL PROYECTO PUNTA BERGANT\u00cdN SE PROPONE<\/h5>\n\n\n\n<p>alojar por 4,500 nuevas habitaciones hoteleras y 2,000 unidades tur\u00edsticas residenciales y de uso mixto.<\/p>\n\n\n\n<p>\u201cEstamos emocionados de anunciar este magn\u00edfico proyecto, que por sus caracter\u00edsticas ser\u00e1 \u00fanico en la Rep\u00fablica Dominicana y el Caribe\u201d, expres\u00f3 Jorge Luis Feliz, presidente de Karisma Rep\u00fablica Dominicana.<\/p>\n\n\n\n<p>El proyecto incluir\u00e1 en restaurantes, bares, espacios para reuniones, instalaciones de bienestar, salud y fitness, piscinas y \u00e1reas para actividades sociales y otras amenidades.<\/p>\n\n\n\n<h5 class=\"wp-block-heading\">OTROS ACUERDOS<\/h5>\n\n\n\n<p>Aunque en un inicio se anunci\u00f3 la firma de 41 acuerdos, al concluir la feria se incluy\u00f3 uno m\u00e1s en la lista de convenios en favor del turismo dominicano. Se destacaron agencias de viaje de Latinoam\u00e9rica y Norteam\u00e9rica, as\u00ed como aerol\u00edneas y tour operadores de la regi\u00f3n.<\/p>\n\n\n\n<p>Entre ellos Expedia, Despega Travel Agency, Price Travel, Virtuoso Travel, Internova Travel Group, El Corte Ingl\u00e9s, ALG Vacations, Signature Travel Network, WestJet y Jetblue Airways.<\/p>\n\n\n\n<h5 class=\"wp-block-heading\">SE FORTALECEN RELACIONES CON CANAD\u00c1<\/h5>\n\n\n\n<p>El ministro de Turismo afirm\u00f3 que en estos momentos est\u00e1 trabajando para reforzar todos los acuerdos comerciales con Canad\u00e1 y sus principales l\u00edneas a\u00e9reas.<\/p>\n\n\n\n<p>A\u00f1adi\u00f3 que las aerol\u00edneas prev\u00e9n un aumento del 15% y 20% de sus asientos, lo que asegurar\u00e1 un mayor flujo de visitantes hacia RD.<\/p>\n\n\n\n<p>\u201cEstamos apuntando este a\u00f1o a que lleguen m\u00e1s de 200 mil canadienses al pa\u00eds\u201d, subray\u00f3.<\/p>\n\n\n\n<h5 class=\"wp-block-heading\">ARAJET BUSCA A\u00d1ADIR A EEUU EN SU LISTA<\/h5>\n\n\n\n<p>El CEO de la aerol\u00ednea dominicana, Arajet, V\u00edctor Pacheco M\u00e9ndez, resalt\u00f3 que est\u00e1n haciendo las gestiones para volar inicialmente a Nueva York, Miami y Puerto Rico.<\/p>\n\n\n\n<p>\u201cLa estrategia es iniciar hacia el Este de Estados Unidos. Arajet naci\u00f3 de la necesidad de conectar al dominicano en el exterior\u201d, precis\u00f3.<\/p>\n\n\n\n<p>Pacheco inform\u00f3 que Arajet planea movilizar cerca de un mill\u00f3n de pasajeros este a\u00f1o.<\/p>\n","protected":false},"excerpt":{"rendered":"<p>\u201cPuedo decir que este trade show ha sido un \u00e9xito total. El a\u00f1o ha arrancado fuerte y nosotros hemos hecho lo que ten\u00edamos que hacer\u201d La segunda edici\u00f3n del \u201cTradeshow\u201d&hellip; <\/p>\n","protected":false},"author":2,"featured_media":50889,"comment_status":"closed","ping_status":"closed","sticky":false,"template":"","format":"standard","meta":{"fifu_image_url":"https:\/\/mitur.gob.do\/wp-content\/uploads\/2024\/04\/Maimi-david-jpeg.webp","fifu_image_alt":"","footnotes":""},"categories":[172],"tags":[],"class_list":["post-50887","post","type-post","status-publish","format-standard","has-post-thumbnail","hentry","category-turismo"],"_links":{"self":[{"href":"https:\/\/elmundodelosnegocios.com.do\/v1\/wp-json\/wp\/v2\/posts\/50887","targetHints":{"allow":["GET"]}}],"collection":[{"href":"https:\/\/elmundodelosnegocios.com.do\/v1\/wp-json\/wp\/v2\/posts"}],"about":[{"href":"https:\/\/elmundodelosnegocios.com.do\/v1\/wp-json\/wp\/v2\/types\/post"}],"author":[{"embeddable":true,"href":"https:\/\/elmundodelosnegocios.com.do\/v1\/wp-json\/wp\/v2\/users\/2"}],"replies":[{"embeddable":true,"href":"https:\/\/elmundodelosnegocios.com.do\/v1\/wp-json\/wp\/v2\/comments?post=50887"}],"version-history":[{"count":3,"href":"https:\/\/elmundodelosnegocios.com.do\/v1\/wp-json\/wp\/v2\/posts\/50887\/revisions"}],"predecessor-version":[{"id":50944,"href":"https:\/\/elmundodelosnegocios.com.do\/v1\/wp-json\/wp\/v2\/posts\/50887\/revisions\/50944"}],"wp:featuredmedia":[{"embeddable":true,"href":"https:\/\/elmundodelosnegocios.com.do\/v1\/wp-json\/wp\/v2\/media\/50889"}],"wp:attachment":[{"href":"https:\/\/elmundodelosnegocios.com.do\/v1\/wp-json\/wp\/v2\/media?parent=50887"}],"wp:term":[{"taxonomy":"category","embeddable":true,"href":"https:\/\/elmundodelosnegocios.com.do\/v1\/wp-json\/wp\/v2\/categories?post=50887"},{"taxonomy":"post_tag","embeddable":true,"href":"https:\/\/elmundodelosnegocios.com.do\/v1\/wp-json\/wp\/v2\/tags?post=50887"}],"curies":[{"name":"wp","href":"https:\/\/api.w.org\/{rel}","templated":true}]}}