{"id":50904,"date":"2024-04-07T22:07:11","date_gmt":"2024-04-08T02:37:11","guid":{"rendered":"https:\/\/elmundodelosnegocios.com.do\/v1\/?p=50904"},"modified":"2024-04-07T22:11:35","modified_gmt":"2024-04-08T02:41:35","slug":"arajet-y-boeing-preparan-a-los-primeros-pilotos-dominicanos-del-programa-de-cadetes","status":"publish","type":"post","link":"https:\/\/elmundodelosnegocios.com.do\/v1\/arajet-y-boeing-preparan-a-los-primeros-pilotos-dominicanos-del-programa-de-cadetes\/","title":{"rendered":"Preparan Arajet y Boeing primeros pilotos dominicanos programa Cadetes"},"content":{"rendered":"\n<p><strong>Santo Domingo<\/strong>, R.D Abril, 2024.-\u00a0Arajet, la l\u00ednea a\u00e9rea de precios bajos, en colaboraci\u00f3n con el fabricante de aeronaves Boeing, informaron que se encuentran en la fase final de preparaci\u00f3n acad\u00e9mica de\u00a0los dos primeros pilotos cadetes dominicanos, quienes tuvieron la oportunidad de obtener los conocimientos y pr\u00e1cticas que les permitir\u00e1 insertarse en el mercado laboral de la aviaci\u00f3n como primeros oficiales.<\/p>\n\n\n<div class=\"wp-block-image\">\n<figure class=\"aligncenter size-full is-resized\"><img loading=\"lazy\" decoding=\"async\" width=\"800\" height=\"400\" src=\"https:\/\/elmundodelosnegocios.com.do\/v1\/wp-content\/uploads\/2024\/04\/01-2.jpg\" alt=\"\" class=\"wp-image-50905\" style=\"width:842px;height:auto\" srcset=\"https:\/\/elmundodelosnegocios.com.do\/v1\/wp-content\/uploads\/2024\/04\/01-2.jpg 800w, https:\/\/elmundodelosnegocios.com.do\/v1\/wp-content\/uploads\/2024\/04\/01-2-300x150.jpg 300w, https:\/\/elmundodelosnegocios.com.do\/v1\/wp-content\/uploads\/2024\/04\/01-2-768x384.jpg 768w\" sizes=\"auto, (max-width: 800px) 100vw, 800px\" \/><\/figure>\n<\/div>\n\n\n<p>Los cadetes son Jos\u00e9 Maur\u00edz y Carlos Mart\u00ednez, quienes gracias a esta iniciativa se encuentran realizando una formaci\u00f3n con est\u00e1ndares mundiales, y comenzar\u00e1n pr\u00f3ximamente a ejercer su funci\u00f3n en las cabinas de los aviones de Arajet, marcando una nueva era de oportunidades para los j\u00f3venes dominicanos que sue\u00f1an con ser pilotos.<\/p>\n\n\n\n<p>V\u00edctor Pacheco M\u00e9ndez, CEO &amp; Fundador de Arajet, expres\u00f3&nbsp;que a trav\u00e9s de este proyecto la aerol\u00ednea busca fortalecer su equipo de pilotos con colaboradores dominicanos y as\u00ed continuar aportando al talento local y a su desarrollo de habilidades y conocimientos para impulsar el crecimiento del sector en el pa\u00eds.<\/p>\n\n\n\n<p>\u201cPara Arajet crear una aerol\u00ednea dominicana tambi\u00e9n significa que haya transferencia de conocimientos para el talento dominicano, y que podamos formar no solo pilotos, sino todo tipo de t\u00e9cnicos en el \u00e1rea de la aviaci\u00f3n que permita consolidarnos como aerol\u00ednea bandera de orgullo nacional, llena de colaboradores locales en todas las \u00e1reas\u201d apunt\u00f3 Pacheco M\u00e9ndez.<\/p>\n\n\n\n<p>Los aspirantes a primeros oficiales manifestaron su satisfacci\u00f3n por el apoyo que han recibido a trav\u00e9s de este programa que les va a permitir a j\u00f3venes con bajas horas de vuelo aumentar sus conocimientos y prepararse para la aviaci\u00f3n comercial.<\/p>\n\n\n\n<p>\u201cEsto es algo hist\u00f3rico en la aviaci\u00f3n de la Rep\u00fablica Dominicana, hemos estado recibiendo pruebas, entrenamientos en simuladores, clases para aumentar nuestros conocimientos y prepararnos. Igualmente hemos recibido el apoyo y colaboraci\u00f3n de todo el equipo de pilotos de Arajet quienes han estado a nuestra disposici\u00f3n\u201d, explicaron.<\/p>\n\n\n\n<p>La aerol\u00ednea inform\u00f3 que pr\u00f3ximamente iniciar\u00e1n la segunda convocatoria del programa que consiste en entrevistas de competencias, pruebas simulador y evaluaci\u00f3n de conocimientos t\u00e9cnicos para brindar una oportunidad educativa con est\u00e1ndares mundiales.<\/p>\n\n\n\n<p>Arajet explic\u00f3 que esta plataforma es parte de su compromiso para contribuir al crecimiento del sector de la aviaci\u00f3n en la Rep\u00fablica Dominicana y convertir al pa\u00eds en el centro preferido de conexiones en el Caribe.<\/p>\n\n\n\n<p>***<\/p>\n\n\n\n<p><strong><em>Sobre Arajet<\/em><\/strong><\/p>\n\n\n\n<p>Arajet es la primera aerol\u00ednea de bajos precios en la regi\u00f3n del Caribe, reconocida en la cumbre mundial de aviaci\u00f3n como la mejor nueva aerol\u00ednea del mundo; inici\u00f3 operaciones en septiembre de 2022 desde su base en el Aeropuerto de Las Am\u00e9ricas en Santo Domingo, bajo su certificado de operador a\u00e9reo (AOC) de Rep\u00fablica Dominicana. Arajet opera una nueva flota de aviones Boeing 737MAX-8 que brindan viajes seguros y asequibles desde y hacia la Rep\u00fablica Dominicana a varios destinos en Am\u00e9rica del Norte, Central y del Sur y la regi\u00f3n del Caribe. Para obtener m\u00e1s informaci\u00f3n, visite&nbsp;<a href=\"http:\/\/www.arajet.com\/\" target=\"_blank\" rel=\"noreferrer noopener\">www.Arajet.com<\/a><\/p>\n","protected":false},"excerpt":{"rendered":"<p>Santo Domingo, R.D Abril, 2024.-\u00a0Arajet, la l\u00ednea a\u00e9rea de precios bajos, en colaboraci\u00f3n con el fabricante de aeronaves Boeing, informaron que se encuentran en la fase final de preparaci\u00f3n acad\u00e9mica&hellip; <\/p>\n","protected":false},"author":2,"featured_media":50907,"comment_status":"closed","ping_status":"closed","sticky":false,"template":"","format":"standard","meta":{"fifu_image_url":"https:\/\/elmundodelosnegocios.com.do\/v1\/wp-content\/uploads\/2024\/04\/01-2.jpg","fifu_image_alt":"","footnotes":""},"categories":[169],"tags":[],"class_list":["post-50904","post","type-post","status-publish","format-standard","has-post-thumbnail","hentry","category-transporte-internacional"],"_links":{"self":[{"href":"https:\/\/elmundodelosnegocios.com.do\/v1\/wp-json\/wp\/v2\/posts\/50904","targetHints":{"allow":["GET"]}}],"collection":[{"href":"https:\/\/elmundodelosnegocios.com.do\/v1\/wp-json\/wp\/v2\/posts"}],"about":[{"href":"https:\/\/elmundodelosnegocios.com.do\/v1\/wp-json\/wp\/v2\/types\/post"}],"author":[{"embeddable":true,"href":"https:\/\/elmundodelosnegocios.com.do\/v1\/wp-json\/wp\/v2\/users\/2"}],"replies":[{"embeddable":true,"href":"https:\/\/elmundodelosnegocios.com.do\/v1\/wp-json\/wp\/v2\/comments?post=50904"}],"version-history":[{"count":2,"href":"https:\/\/elmundodelosnegocios.com.do\/v1\/wp-json\/wp\/v2\/posts\/50904\/revisions"}],"predecessor-version":[{"id":50926,"href":"https:\/\/elmundodelosnegocios.com.do\/v1\/wp-json\/wp\/v2\/posts\/50904\/revisions\/50926"}],"wp:featuredmedia":[{"embeddable":true,"href":"https:\/\/elmundodelosnegocios.com.do\/v1\/wp-json\/wp\/v2\/media\/50907"}],"wp:attachment":[{"href":"https:\/\/elmundodelosnegocios.com.do\/v1\/wp-json\/wp\/v2\/media?parent=50904"}],"wp:term":[{"taxonomy":"category","embeddable":true,"href":"https:\/\/elmundodelosnegocios.com.do\/v1\/wp-json\/wp\/v2\/categories?post=50904"},{"taxonomy":"post_tag","embeddable":true,"href":"https:\/\/elmundodelosnegocios.com.do\/v1\/wp-json\/wp\/v2\/tags?post=50904"}],"curies":[{"name":"wp","href":"https:\/\/api.w.org\/{rel}","templated":true}]}}