{"id":50913,"date":"2024-04-07T14:41:33","date_gmt":"2024-04-07T19:11:33","guid":{"rendered":"https:\/\/elmundodelosnegocios.com.do\/v1\/?p=50913"},"modified":"2024-04-07T14:41:34","modified_gmt":"2024-04-07T19:11:34","slug":"articulo-la-pobreza-no-es-neutral-ante-el-genero-en-america-latina-y-el-caribe","status":"publish","type":"post","link":"https:\/\/elmundodelosnegocios.com.do\/v1\/articulo-la-pobreza-no-es-neutral-ante-el-genero-en-america-latina-y-el-caribe\/","title":{"rendered":"ART\u00cdCULO: La pobreza no es neutral ante el g\u00e9nero en Am\u00e9rica Latina y el Caribe"},"content":{"rendered":"\n<p>Por: <strong><em>Paola Buitrago Hern\u00e1ndez<\/em><\/strong><br><em>Economista en el Banco Mundial.<\/em><\/p>\n\n\n\n<p>Las mujeres en Am\u00e9rica Latina y el Caribe (ALC) tienen diferentes oportunidades econ\u00f3micas que los hombres. Puede que esta no sea una noticia sorprendente para la mayor\u00eda de los lectores, pero en este art\u00edculo discutimos dos \u00e1ngulos menos explorados de este tema.<\/p>\n\n\n<div class=\"wp-block-image\">\n<figure class=\"aligncenter size-large\"><img loading=\"lazy\" decoding=\"async\" width=\"1024\" height=\"449\" src=\"https:\/\/elmundodelosnegocios.com.do\/v1\/wp-content\/uploads\/2024\/04\/03-3-1024x449.jpg\" alt=\"\" class=\"wp-image-50914\" srcset=\"https:\/\/elmundodelosnegocios.com.do\/v1\/wp-content\/uploads\/2024\/04\/03-3-1024x449.jpg 1024w, https:\/\/elmundodelosnegocios.com.do\/v1\/wp-content\/uploads\/2024\/04\/03-3-300x132.jpg 300w, https:\/\/elmundodelosnegocios.com.do\/v1\/wp-content\/uploads\/2024\/04\/03-3-768x337.jpg 768w, https:\/\/elmundodelosnegocios.com.do\/v1\/wp-content\/uploads\/2024\/04\/03-3.jpg 1140w\" sizes=\"auto, (max-width: 1024px) 100vw, 1024px\" \/><\/figure>\n<\/div>\n\n\n<h2 class=\"wp-block-heading\">La pobreza no es neutral ante el g\u00e9nero<\/h2>\n\n\n\n<p>Durante el ciclo de vida, la pobreza entre hombres y mujeres evoluciona de manera diferente. A medida que las personas entran en edades productivas, la pobreza disminuye, pero lo hace a un ritmo m\u00e1s r\u00e1pido para los hombres que para las mujeres.\u00a0Esta \u201cmulta de pobreza femenina\u201d durante algunos de los a\u00f1os m\u00e1s productivos y f\u00e9rtiles de la vida de las personas es alta en Am\u00e9rica Latina y el Caribe en comparaci\u00f3n con la mayor\u00eda de las otras regiones\u00a0. En su punto m\u00e1ximo, alcanza siete puntos porcentuales para personas de 25 a 35 a\u00f1os. M\u00e1s adelante en la vida, la brecha de pobreza entre g\u00e9neros vuelve a desaparecer. Lo m\u00e1s preocupante de esta noticia: esta brecha ha ido aumentando en los \u00faltimos 15 a\u00f1os.<\/p>\n\n\n\n<h3 class=\"wp-block-heading\">Las tasas de pobreza de mujeres y hombres divergen en torno a las edades f\u00e9rtiles en Am\u00e9rica Latina y el Caribe<\/h3>\n\n\n\n<p>(Pobreza a USD 6,85 por d\u00eda Paridad del Poder Adquisitivo de 2017)<\/p>\n\n\n\n<figure class=\"wp-block-image\"><img decoding=\"async\" src=\"https:\/\/s7d1.scene7.com\/is\/image\/wbcollab\/Las_tasas_de_pobreza_de_mujeres_y_hombres_divergen_en_torno_a_las_edades_f_rtiles_0?qlt=90&amp;fmt=webp&amp;resMode=sharp2\" alt=\"Las tasas de pobreza de mujeres y hombres divergen en torno a las edades f\u00e9rtiles\"\/><figcaption class=\"wp-element-caption\">Fuente: SEDLAC (CEDLAS y Banco Mundial) circa 2021. Incluye datos de 2019 para Honduras y datos de 2020 para Chile y M\u00e9xico.&nbsp;Nota: El agregado de Am\u00e9rica Latina y el Caribe est\u00e1 compuesto por 15 pa\u00edses con microdatos disponibles. Argentina tiene cobertura urbana \u00fanicamente.<\/figcaption><\/figure>\n\n\n\n<p>\u00bfPor qu\u00e9 est\u00e1 pasando esto? Los investigadores han encontrado explicaciones en los impactos que ha experimentado el mercado laboral:<\/p>\n\n\n\n<ol class=\"wp-block-list\">\n<li>Las mujeres tienen casi cinco veces m\u00e1s probabilidades que los hombres de quedar fuera de la fuerza laboral (32 % frente a 7 %).\u00a0<\/li>\n\n\n\n<li>Cuando est\u00e1n empleadas, las mujeres tienen m\u00e1s probabilidades de trabajar en empleos a tiempo parcial.<\/li>\n\n\n\n<li>La segregaci\u00f3n de g\u00e9nero en las ocupaciones es com\u00fan y no ha cambiado mucho durante muchas d\u00e9cadas.<\/li>\n\n\n\n<li>Las mujeres experimentan techos de cristal en sus trayectorias profesionales. Como resultado, la cantidad agregada de ingresos laborales que generan las mujeres en la regi\u00f3n es aproximadamente la mitad que la de los hombres.<\/li>\n<\/ol>\n\n\n\n<p>Las razones detr\u00e1s de estos malos resultados en el mercado laboral son diversas, pero han surgido nuevas explicaciones de una l\u00ednea de trabajo que abri\u00f3 la\u00a0premio Nobel de 2023, Claudia Golding: tareas de cuidado distribuidas de manera desigual y falta de servicios de cuidado alternativos. Y hay un segmento de la poblaci\u00f3n que merece especial atenci\u00f3n.<\/p>\n\n\n\n<h2 class=\"wp-block-heading\">Mujeres que cr\u00edan hijos solas<\/h2>\n\n\n\n<p>Est\u00e1n aumentando los hogares en los que s\u00f3lo una mujer adulta cuida de uno o m\u00e1s ni\u00f1os. Pasaron del 7,8 % de todos los hogares con ni\u00f1os en 2007 al 9,8 % en 2021, cifra superior al promedio mundial. Estas mujeres tienen excepcionalmente limitaciones laborales y esto se refleja en sus ingresos.\u00a0Los hogares con mujeres criando solas a sus hijos tienen un ingreso total de USD 8,4 por persona al d\u00eda, significativamente menos que los USD 14,9 del hogar promedio de la regi\u00f3n\u00a0. En consecuencia, la incidencia de la pobreza entre estos hogares es m\u00e1s del doble que en la regi\u00f3n en general.<\/p>\n\n\n\n<h3 class=\"wp-block-heading\">Las madres que cr\u00edan solas a sus hijos tienen altas probabilidades de ser pobres&nbsp;en Am\u00e9rica Latina y el Caribe<\/h3>\n\n\n\n<p>(Pobreza a USD 6,85 por d\u00eda Paridad del Poder Adquisitivo del 2017)<\/p>\n\n\n\n<h3 class=\"wp-block-heading\">Tasa de pobreza por hogar, 2021 %<\/h3>\n\n\n\n<figure class=\"wp-block-image\"><img decoding=\"async\" src=\"https:\/\/s7d1.scene7.com\/is\/image\/wbcollab\/Tasa_de_pobreza_por_hogar_2021?qlt=90&amp;fmt=webp&amp;resMode=sharp2\" alt=\"Tasa de pobreza por hogar, 2021 %\"\/><figcaption class=\"wp-element-caption\">Fuente: SEDLAC (CEDLAS y Banco Mundial) circa 2021. Incluye datos de 2019 para Honduras y datos de 2020 para Chile y M\u00e9xico.&nbsp;Nota: El agregado de Am\u00e9rica Latina y el Caribe est\u00e1 compuesto por 15 pa\u00edses con microdatos disponibles. Argentina tiene cobertura urbana \u00fanicamente.<\/figcaption><\/figure>\n\n\n\n<h2 class=\"wp-block-heading\">&nbsp;<\/h2>\n\n\n\n<h2 class=\"wp-block-heading\">\u00bfQu\u00e9 podemos hacer?<\/h2>\n\n\n\n<p><strong>Es clave aumentar la\u00a0participaci\u00f3n de la mujer en la fuerza laboral (PMFL)\u00a0y en\u00a0cerrar las brechas salariales<\/strong>. Las opciones de pol\u00edticas efectivas respaldadas por evidencia incluyen: brindar servicios de cuidado infantil, difundir informaci\u00f3n sobre oportunidades laborales y retorno al empleo, capacitar en habilidades socioemocionales, abordar las normas involucrando a parejas y familiares, y dirigirse a las mujeres a trav\u00e9s de protecci\u00f3n social, redes de seguridad y programas de empleo p\u00fablico.<\/p>\n\n\n\n<p><strong>Ampliar el acceso a cuidados costeables y de calidad es claramente de vital importancia<\/strong>. En R\u00edo de Janeiro, un programa que ampli\u00f3 el acceso a guarder\u00edas p\u00fablicas gratuitas para familias que viven en los barrios de bajos ingresos de la ciudad, result\u00f3 en un aumento del 10 % en empleo de madres (del 36 al 46 %).<\/p>\n\n\n\n<p><strong>Las reformas legales son una precondici\u00f3n esencial para fomentar la PMFL pero ser\u00e1n exitosas en ayudar a las mujeres si van de la mano con otros cambios.<\/strong>\u00a0Combinar la licencia parental con medidas para ampliar la cobertura del cuidado infantil, la comunicaci\u00f3n efectiva y la socializaci\u00f3n de tales reformas ha resultado ser una combinaci\u00f3n poderosa. En Uruguay, el\u00a0Laboratorio de Innovaci\u00f3n de G\u00e9nero de Am\u00e9rica Latina y el Caribe (LACGIL)\u00a0apoy\u00f3 un estudio que identific\u00f3 experimentalmente la efectividad de intervenciones de informaci\u00f3n selectivas de bajo costo:\u00a0aumentaron el conocimiento sobre la licencia parental y cambiaron las normas tradicionales de g\u00e9nero entre las madres.<\/p>\n\n\n\n<p>Las \u00faltimas d\u00e9cadas han demostrado que se pueden lograr avances r\u00e1pidos.\u00a0La PMFL en ALC ha aumentado en las \u00faltimas d\u00e9cadas, lo que ha llevado a mayores ingresos laborales femeninos y a una reducci\u00f3n significativa de la pobreza entre 2006 y 2016. Se fortalecieron los marcos legales en muchos pa\u00edses de ALC para proteger los derechos de las mujeres en el trabajo, incluida la protecci\u00f3n contra el acoso, la discriminaci\u00f3n en el empleo, y licencia de paternidad\/parental. Sin embargo, las brechas de g\u00e9nero persisten. La nueva\u00a0Estrategia de G\u00e9nero del Banco Mundial\u00a0propone centrarse en la innovaci\u00f3n, el financiamiento y la acci\u00f3n colectiva para poner fin a la violencia de g\u00e9nero, elevar el capital humano, ampliar y habilitar oportunidades econ\u00f3micas e involucrar a las mujeres como l\u00edderes.<\/p>\n","protected":false},"excerpt":{"rendered":"<p>Por: Paola Buitrago Hern\u00e1ndezEconomista en el Banco Mundial. Las mujeres en Am\u00e9rica Latina y el Caribe (ALC) tienen diferentes oportunidades econ\u00f3micas que los hombres. Puede que esta no sea una&hellip; <\/p>\n","protected":false},"author":2,"featured_media":50916,"comment_status":"closed","ping_status":"closed","sticky":false,"template":"","format":"standard","meta":{"fifu_image_url":"https:\/\/elmundodelosnegocios.com.do\/v1\/wp-content\/uploads\/2024\/04\/03-3-1024x449.jpg","fifu_image_alt":"","footnotes":""},"categories":[233],"tags":[],"class_list":["post-50913","post","type-post","status-publish","format-standard","has-post-thumbnail","hentry","category-articulo"],"_links":{"self":[{"href":"https:\/\/elmundodelosnegocios.com.do\/v1\/wp-json\/wp\/v2\/posts\/50913","targetHints":{"allow":["GET"]}}],"collection":[{"href":"https:\/\/elmundodelosnegocios.com.do\/v1\/wp-json\/wp\/v2\/posts"}],"about":[{"href":"https:\/\/elmundodelosnegocios.com.do\/v1\/wp-json\/wp\/v2\/types\/post"}],"author":[{"embeddable":true,"href":"https:\/\/elmundodelosnegocios.com.do\/v1\/wp-json\/wp\/v2\/users\/2"}],"replies":[{"embeddable":true,"href":"https:\/\/elmundodelosnegocios.com.do\/v1\/wp-json\/wp\/v2\/comments?post=50913"}],"version-history":[{"count":1,"href":"https:\/\/elmundodelosnegocios.com.do\/v1\/wp-json\/wp\/v2\/posts\/50913\/revisions"}],"predecessor-version":[{"id":50915,"href":"https:\/\/elmundodelosnegocios.com.do\/v1\/wp-json\/wp\/v2\/posts\/50913\/revisions\/50915"}],"wp:featuredmedia":[{"embeddable":true,"href":"https:\/\/elmundodelosnegocios.com.do\/v1\/wp-json\/wp\/v2\/media\/50916"}],"wp:attachment":[{"href":"https:\/\/elmundodelosnegocios.com.do\/v1\/wp-json\/wp\/v2\/media?parent=50913"}],"wp:term":[{"taxonomy":"category","embeddable":true,"href":"https:\/\/elmundodelosnegocios.com.do\/v1\/wp-json\/wp\/v2\/categories?post=50913"},{"taxonomy":"post_tag","embeddable":true,"href":"https:\/\/elmundodelosnegocios.com.do\/v1\/wp-json\/wp\/v2\/tags?post=50913"}],"curies":[{"name":"wp","href":"https:\/\/api.w.org\/{rel}","templated":true}]}}