{"id":5093,"date":"2021-04-26T10:12:47","date_gmt":"2021-04-26T14:42:47","guid":{"rendered":"http:\/\/elmundodelosnegocios.com.do\/v1\/?p=5093"},"modified":"2021-04-26T10:12:47","modified_gmt":"2021-04-26T14:42:47","slug":"promese-cal-vacuna-para-prevenir-cancer-cervical","status":"publish","type":"post","link":"https:\/\/elmundodelosnegocios.com.do\/v1\/promese-cal-vacuna-para-prevenir-cancer-cervical\/","title":{"rendered":"Promese\/Cal vacuna para prevenir c\u00e1ncer cervical"},"content":{"rendered":"<p>SANTO DOMINGO, R.D. Abril 2021.- El Programa de Medicamentos Esenciales y Central de Apoyo Log\u00edstico (Promese\/Cal) realiz\u00f3 una jornada de vacunaci\u00f3n con el fin de prevenir  el c\u00e1ncer cervical en las ni\u00f1as.<\/p>\n<p>El subdirector y encargado de programas especiales de Promese\/Cal, Luis Lizardo, inform\u00f3 que ni\u00f1as de entre los diez y catorce a\u00f1os de edad recibieron la vacuna contra el virus del Papiloma Humano (VPH), principal causante de este c\u00e1ncer.<\/p>\n<p>El proceso inoculador se llev\u00f3 a cabo en el Hospital Infantil Regional Universitario Arturo Grull\u00f3n de Santiago y de manera paralela en el Robert Reid Cabral de Santo Domingo. <\/p>\n<p>Lizardo enfatiz\u00f3 que con la iniciativa, lo que se busca es reducir los casos anuales de diagn\u00f3sticos y muertes por esta patolog\u00eda. Estas \u00faltimas rondan las 600 al a\u00f1o. <\/p>\n<p>Explic\u00f3 que Promese\/Cal garantizar\u00e1 la segunda dosis a las ni\u00f1as vacunadas, proceso que ser\u00e1 agendado con las j\u00f3venes que fueron inoculadas.<\/p>\n<p>\u00abLa jornada forma parte de la responsabilidad social de la instituci\u00f3n y las directrices de su director general, Adolfo P\u00e9rez, dirigida a concienciar a la familia sobre la importancia de las vacunas para la prevenci\u00f3n de enfermedades\u00bb, dijo Lizardo.<\/p>\n<p>Sobre Promese\/Cal<\/p>\n<p>El Programa de Medicamento Esenciales y Central de Apoyo Log\u00edstico, Promese\/Cal, es la \u00fanica central de suministro de medicamentos, insumos sanitarios y reactivos de laboratorio para la Red de hospitales del Servicio Nacional de Salud. Adem\u00e1s realiza dispensaci\u00f3n farmac\u00e9utica ambulatoria a trav\u00e9s de su red de Farmacias del Pueblo, ubicadas en todo el territorio nacional, y que benefician mensualmente a m\u00e1s de 4 millones de dominicanos. Para m\u00e1s informaci\u00f3n visite http:\/\/promesecal.gob.do\/ .<\/p>\n","protected":false},"excerpt":{"rendered":"<p>SANTO DOMINGO, R.D. Abril 2021.- El Programa de Medicamentos Esenciales y Central de Apoyo Log\u00edstico (Promese\/Cal) realiz\u00f3 una jornada de vacunaci\u00f3n con el fin de prevenir el c\u00e1ncer cervical en&hellip; <\/p>\n","protected":false},"author":2,"featured_media":5094,"comment_status":"open","ping_status":"open","sticky":false,"template":"","format":"standard","meta":{"fifu_image_url":"","fifu_image_alt":"","footnotes":""},"categories":[80],"tags":[],"class_list":["post-5093","post","type-post","status-publish","format-standard","has-post-thumbnail","hentry","category-salud"],"_links":{"self":[{"href":"https:\/\/elmundodelosnegocios.com.do\/v1\/wp-json\/wp\/v2\/posts\/5093","targetHints":{"allow":["GET"]}}],"collection":[{"href":"https:\/\/elmundodelosnegocios.com.do\/v1\/wp-json\/wp\/v2\/posts"}],"about":[{"href":"https:\/\/elmundodelosnegocios.com.do\/v1\/wp-json\/wp\/v2\/types\/post"}],"author":[{"embeddable":true,"href":"https:\/\/elmundodelosnegocios.com.do\/v1\/wp-json\/wp\/v2\/users\/2"}],"replies":[{"embeddable":true,"href":"https:\/\/elmundodelosnegocios.com.do\/v1\/wp-json\/wp\/v2\/comments?post=5093"}],"version-history":[{"count":0,"href":"https:\/\/elmundodelosnegocios.com.do\/v1\/wp-json\/wp\/v2\/posts\/5093\/revisions"}],"wp:featuredmedia":[{"embeddable":true,"href":"https:\/\/elmundodelosnegocios.com.do\/v1\/wp-json\/wp\/v2\/media\/5094"}],"wp:attachment":[{"href":"https:\/\/elmundodelosnegocios.com.do\/v1\/wp-json\/wp\/v2\/media?parent=5093"}],"wp:term":[{"taxonomy":"category","embeddable":true,"href":"https:\/\/elmundodelosnegocios.com.do\/v1\/wp-json\/wp\/v2\/categories?post=5093"},{"taxonomy":"post_tag","embeddable":true,"href":"https:\/\/elmundodelosnegocios.com.do\/v1\/wp-json\/wp\/v2\/tags?post=5093"}],"curies":[{"name":"wp","href":"https:\/\/api.w.org\/{rel}","templated":true}]}}