{"id":5102,"date":"2021-04-26T10:33:52","date_gmt":"2021-04-26T15:03:52","guid":{"rendered":"http:\/\/elmundodelosnegocios.com.do\/v1\/?p=5102"},"modified":"2021-04-26T10:33:52","modified_gmt":"2021-04-26T15:03:52","slug":"inicia-cluster-barahona-proyecto-proteger-productos-locales-y-sostenibilidad-productores","status":"publish","type":"post","link":"https:\/\/elmundodelosnegocios.com.do\/v1\/inicia-cluster-barahona-proyecto-proteger-productos-locales-y-sostenibilidad-productores\/","title":{"rendered":"Inicia Cl\u00faster Barahona proyecto proteger productos locales y sostenibilidad productores"},"content":{"rendered":"<p>Abril de 2021.- Bajo el nombre \u201cPresidium Slow Food Balneario Los Patos\u201d  el Cl\u00faster de Turismo y Producci\u00f3n de Barahona present\u00f3 este proyecto que permitir\u00e1 proteger los productos, productores, as\u00ed como procesos de producci\u00f3n tradicionales de la provincia sure\u00f1a, que podr\u00edan estar en peligro de desaparecer o que requieran ser preservados.<\/p>\n<p>Esta iniciativa forma parte de la plataforma internacional \u201cSlow Food Travel\u201d, iniciativa que persigue el desarrollo de una propuesta tur\u00edstica basada en el territorio, la agropecuaria y las tradiciones gastron\u00f3micas.<\/p>\n<p>\u201cEl coraz\u00f3n de los proyectos de Slow Food es la comida tradicional, como se produce, el sistema agrotur\u00edstico que identifica un territorio permitiendo elevar la calidad de la experiencia tur\u00edstica\u201d, manifest\u00f3 Elena Nunziatini durante un encuentro con medios de comunicaci\u00f3n en la comunidad de Los Patos en la provincia de Barahona.<\/p>\n<p>El proyecto permitir\u00e1 educar al visitante sobre la biodiversidad y la cultura local, as\u00ed como dar a conocer los elementos de la identidad cultural y la gastronom\u00eda a trav\u00e9s de la experiencia directa en el territorio. Adicionalmente permite el encadenamiento de las micro, peque\u00f1as y medianas empresas que existen en la provincia a trav\u00e9s de los aspectos gastron\u00f3micos y tur\u00edsticos y facilitar la colocaci\u00f3n de sus productos en mercados locales e internacionales.<\/p>\n<p>En el caso del \u201cPresidium Slow Food Balneario Los Patos\u201d, Nunziatini explic\u00f3 que se realiz\u00f3 un primer diagn\u00f3stico realizado por el chef e investigador gastron\u00f3mico dominicano Carlos Estevez.<\/p>\n<p>\u201cEn este levantamiento inicial  logramos identificar todos los restaurantes y comedores que existen en el municipio, adem\u00e1s de identificar la oferta gastron\u00f3mica, revisar los principales ingredientes usados en los diferentes platos estableciendo si son productos originarios de la zona.  Adem\u00e1s trabajamos en las inspecciones de las cocinas para verificar los m\u00e9todos usados as\u00ed como los equipos e instalaciones existentes y el manejo que le dan a los desperdicios y la manipulaci\u00f3n de los alimentos\u201d, enfatiz\u00f3 Estevez.<\/p>\n<p>Como resultado del primer diagnostico realizado en el municipio de Los Patos se determin\u00f3 que existe un gran potencial para guiar a los negocios de comida que existen en la zona y convertir este municipio en el primer \u201cPresidium de Slow Food\u201d en el pa\u00eds.  Esto basado en que tienen una oferta gastron\u00f3mica criolla, uniforme, basada en pescados, mariscos y otros productos de la regi\u00f3n, as\u00ed como el manejo de productos frescos.<\/p>\n<p>Dentro de los beneficios que generar\u00e1 el proyecto para el turismo de la provincia se destacan la integraci\u00f3n y el fortalecimiento de los negocios de alimentos y bebidas del balneario de Los Patos, as\u00ed con su cadena de suministro para garantizar el origen con productos de cercan\u00eda, de estaci\u00f3n y respetuoso con el medio ambiente (ecol\u00f3gicos, biol\u00f3gicos y org\u00e1nicos).<\/p>\n<p>A trav\u00e9s de los mecanismos que establece la Fundaci\u00f3n para la Biodiversidad de Slow Food Org., se podr\u00e1 trabajar en la capacitaci\u00f3n y estandarizaci\u00f3n de los profesionales y los procesos que se  intervienen en el proyecto.<\/p>\n<p>\u201cLa comunicaci\u00f3n de una historia entrelazada del producto, el proceso y el productor, sirve  de modelo e inspiraci\u00f3n para promover la sostenibilidad en la regi\u00f3n.  Adem\u00e1s el hecho de promover el sello de certificaci\u00f3n de Presidium, tanto a nivel de la regi\u00f3n, del pa\u00eds e internacionalmente es una fortaleza complementaria del atractivo tur\u00edstico que ayudar\u00e1  a mejorar el flujo tur\u00edstico hacia nuestra provincia\u201d.<\/p>\n","protected":false},"excerpt":{"rendered":"<p>Abril de 2021.- Bajo el nombre \u201cPresidium Slow Food Balneario Los Patos\u201d el Cl\u00faster de Turismo y Producci\u00f3n de Barahona present\u00f3 este proyecto que permitir\u00e1 proteger los productos, productores, as\u00ed&hellip; <\/p>\n","protected":false},"author":2,"featured_media":5103,"comment_status":"open","ping_status":"open","sticky":false,"template":"","format":"standard","meta":{"fifu_image_url":"","fifu_image_alt":"","footnotes":""},"categories":[85],"tags":[],"class_list":["post-5102","post","type-post","status-publish","format-standard","has-post-thumbnail","hentry","category-gastronomia"],"_links":{"self":[{"href":"https:\/\/elmundodelosnegocios.com.do\/v1\/wp-json\/wp\/v2\/posts\/5102","targetHints":{"allow":["GET"]}}],"collection":[{"href":"https:\/\/elmundodelosnegocios.com.do\/v1\/wp-json\/wp\/v2\/posts"}],"about":[{"href":"https:\/\/elmundodelosnegocios.com.do\/v1\/wp-json\/wp\/v2\/types\/post"}],"author":[{"embeddable":true,"href":"https:\/\/elmundodelosnegocios.com.do\/v1\/wp-json\/wp\/v2\/users\/2"}],"replies":[{"embeddable":true,"href":"https:\/\/elmundodelosnegocios.com.do\/v1\/wp-json\/wp\/v2\/comments?post=5102"}],"version-history":[{"count":0,"href":"https:\/\/elmundodelosnegocios.com.do\/v1\/wp-json\/wp\/v2\/posts\/5102\/revisions"}],"wp:featuredmedia":[{"embeddable":true,"href":"https:\/\/elmundodelosnegocios.com.do\/v1\/wp-json\/wp\/v2\/media\/5103"}],"wp:attachment":[{"href":"https:\/\/elmundodelosnegocios.com.do\/v1\/wp-json\/wp\/v2\/media?parent=5102"}],"wp:term":[{"taxonomy":"category","embeddable":true,"href":"https:\/\/elmundodelosnegocios.com.do\/v1\/wp-json\/wp\/v2\/categories?post=5102"},{"taxonomy":"post_tag","embeddable":true,"href":"https:\/\/elmundodelosnegocios.com.do\/v1\/wp-json\/wp\/v2\/tags?post=5102"}],"curies":[{"name":"wp","href":"https:\/\/api.w.org\/{rel}","templated":true}]}}