{"id":51044,"date":"2024-04-17T08:38:18","date_gmt":"2024-04-17T13:08:18","guid":{"rendered":"https:\/\/elmundodelosnegocios.com.do\/v1\/?p=51044"},"modified":"2024-04-17T08:38:19","modified_gmt":"2024-04-17T13:08:19","slug":"promese-cal-invierte-mas-de-37-millones-en-tratamiento-para-ninos-con-hemofilia","status":"publish","type":"post","link":"https:\/\/elmundodelosnegocios.com.do\/v1\/promese-cal-invierte-mas-de-37-millones-en-tratamiento-para-ninos-con-hemofilia\/","title":{"rendered":"Promese\/CAL invierte m\u00e1s de 37 millones en tratamiento para ni\u00f1os con hemofilia"},"content":{"rendered":"\n<p>anto Domingo.- El Programa de Medicamentos Esenciales y Central de Apoyo Log\u00edstico (<strong>Promese\/CAL<\/strong>) invirti\u00f3, entre el 2021 y lo que va de a\u00f1o,&nbsp;<strong>37,810,960 pesos<\/strong>&nbsp;para suplir el tratamiento a&nbsp;<strong>menores de edad con hemofilia<\/strong>, condici\u00f3n que impide la coagulaci\u00f3n de la sangre.<\/p>\n\n\n<div class=\"wp-block-image\">\n<figure class=\"aligncenter size-large\"><img decoding=\"async\" src=\"https:\/\/presidencia.gob.do\/sites\/default\/files\/styles\/large\/public\/news\/2024-04\/foto%20fachada%202%202024.png?itok=DNFko_qb\" alt=\"\"\/><\/figure>\n<\/div>\n\n\n<p>Seg\u00fan el director de Promese\/CAL,&nbsp;<strong>Adolfo P\u00e9rez<\/strong>, la cobertura se realiz\u00f3 a trav\u00e9s Programa de Medicamentos para Hemofilia e Inhibidores&nbsp;<strong>(Promhefilia)<\/strong>, que beneficia a&nbsp;<strong>pacientes de escasos recursos<\/strong>&nbsp;que todav\u00eda no cuentan con cobertura de seguro social.<\/p>\n\n\n\n<p><em>\u201cCada 17 de abril el mundo conmemora el D\u00eda Mundial de la Hemofilia y nosotros queremos aprovechar la ocasi\u00f3n para destacar la gran labor que, bajo la instrucci\u00f3n del presidente Luis Abinader, realizamos desde Promese\/CAL\u201d,<\/em>&nbsp;precis\u00f3 P\u00e9rez.&nbsp;<\/p>\n\n\n\n<p>De su lado, el subdirector y encargado de los programas sociales de Promese\/CAL,&nbsp;<strong>Luis Lizardo<\/strong>, explic\u00f3 que el Promhefilia est\u00e1 dirigido a pacientes&nbsp;<strong>hasta los 17 a\u00f1os<\/strong>&nbsp;que han desarrollado&nbsp;<strong>inhibidores al Factor VIII<\/strong>.<\/p>\n\n\n\n<p><em>\u201cPara beneficiarse del programa solo tienen que dirigirse a las unidades de hemato-oncolog\u00eda de los hospitales pedi\u00e1tricos Robert Reid Cabral en Santo Domingo y el Regional Universitario Arturo Grull\u00f3n en Santiago, quienes eval\u00faan cada caso y suministran los medicamentos a los pacientes\u201d<\/em>, puntualiz\u00f3 Lizardo.&nbsp;<\/p>\n\n\n\n<p>Asimismo, el subdirector detall\u00f3 que la medicaci\u00f3n suministrada tiene como finalidad&nbsp;<strong>disminuir la ocurrencia de hemorragias y sus secuelas<\/strong>&nbsp;para mejorar la calidad de vida de los pacientes hemof\u00edlicos que desarrollan inhibidores.&nbsp;<\/p>\n\n\n\n<p>La hemofilia es una&nbsp;<strong>enfermedad hereditaria<\/strong>&nbsp;que afecta la coagulaci\u00f3n. Esto puede ocasionar hemorragias espont\u00e1neas, despu\u00e9s de una operaci\u00f3n o de una lesi\u00f3n. Es un trastorno poco frecuente y se estima que&nbsp;<strong>1 de cada 10,000 personas<\/strong>&nbsp;nace con \u00e9l.<\/p>\n","protected":false},"excerpt":{"rendered":"<p>anto Domingo.- El Programa de Medicamentos Esenciales y Central de Apoyo Log\u00edstico (Promese\/CAL) invirti\u00f3, entre el 2021 y lo que va de a\u00f1o,&nbsp;37,810,960 pesos&nbsp;para suplir el tratamiento a&nbsp;menores de edad&hellip; <\/p>\n","protected":false},"author":2,"featured_media":51046,"comment_status":"closed","ping_status":"closed","sticky":false,"template":"","format":"standard","meta":{"fifu_image_url":"https:\/\/presidencia.gob.do\/sites\/default\/files\/styles\/large\/public\/news\/2024-04\/foto%20fachada%202%202024.png?itok=DNFko_qb","fifu_image_alt":"","footnotes":""},"categories":[80],"tags":[],"class_list":["post-51044","post","type-post","status-publish","format-standard","has-post-thumbnail","hentry","category-salud"],"_links":{"self":[{"href":"https:\/\/elmundodelosnegocios.com.do\/v1\/wp-json\/wp\/v2\/posts\/51044","targetHints":{"allow":["GET"]}}],"collection":[{"href":"https:\/\/elmundodelosnegocios.com.do\/v1\/wp-json\/wp\/v2\/posts"}],"about":[{"href":"https:\/\/elmundodelosnegocios.com.do\/v1\/wp-json\/wp\/v2\/types\/post"}],"author":[{"embeddable":true,"href":"https:\/\/elmundodelosnegocios.com.do\/v1\/wp-json\/wp\/v2\/users\/2"}],"replies":[{"embeddable":true,"href":"https:\/\/elmundodelosnegocios.com.do\/v1\/wp-json\/wp\/v2\/comments?post=51044"}],"version-history":[{"count":1,"href":"https:\/\/elmundodelosnegocios.com.do\/v1\/wp-json\/wp\/v2\/posts\/51044\/revisions"}],"predecessor-version":[{"id":51045,"href":"https:\/\/elmundodelosnegocios.com.do\/v1\/wp-json\/wp\/v2\/posts\/51044\/revisions\/51045"}],"wp:featuredmedia":[{"embeddable":true,"href":"https:\/\/elmundodelosnegocios.com.do\/v1\/wp-json\/wp\/v2\/media\/51046"}],"wp:attachment":[{"href":"https:\/\/elmundodelosnegocios.com.do\/v1\/wp-json\/wp\/v2\/media?parent=51044"}],"wp:term":[{"taxonomy":"category","embeddable":true,"href":"https:\/\/elmundodelosnegocios.com.do\/v1\/wp-json\/wp\/v2\/categories?post=51044"},{"taxonomy":"post_tag","embeddable":true,"href":"https:\/\/elmundodelosnegocios.com.do\/v1\/wp-json\/wp\/v2\/tags?post=51044"}],"curies":[{"name":"wp","href":"https:\/\/api.w.org\/{rel}","templated":true}]}}