{"id":51067,"date":"2024-04-19T03:01:46","date_gmt":"2024-04-19T07:31:46","guid":{"rendered":"https:\/\/elmundodelosnegocios.com.do\/v1\/index.php\/2024\/04\/19\/banco-popular-lanza-nueva-campana-seguimos-tu-ritmo-acompanada-de-un-sonido-unico-para-su-marca\/"},"modified":"2024-04-19T03:01:46","modified_gmt":"2024-04-19T07:31:46","slug":"banco-popular-lanza-nueva-campana-seguimos-tu-ritmo-acompanada-de-un-sonido-unico-para-su-marca","status":"publish","type":"post","link":"https:\/\/elmundodelosnegocios.com.do\/v1\/banco-popular-lanza-nueva-campana-seguimos-tu-ritmo-acompanada-de-un-sonido-unico-para-su-marca\/","title":{"rendered":"Banco Popular lanza nueva campa\u00f1a \u201cSeguimos tu Ritmo\u201d acompa\u00f1ada de un sonido \u00fanico para su marca"},"content":{"rendered":"<p>SAN JUAN, Puerto Rico&#8211;(BUSINESS WIRE)&#8211;Puerto Rico se caracteriza por ser una plataforma mundial para el talento musical, en donde la variedad de ritmos y g\u00e9neros son representativos de su riqueza cultural. Siguiendo esta influencia y tomando en cuenta los m\u00faltiples canales tradicionales y digitales que Popular ofrece a sus clientes, hoy la empresa anunci\u00f3 su nueva campa\u00f1a \u201cSeguimos tu Ritmo\u201d. En esta ruta se utiliza como ancla esa analog\u00eda de la m\u00fasica para presentar c\u00f3mo cada persona es distinta y c\u00f3mo Popular se adapta a ellos, proveyendo alternativas de hacer banca.<br \/>\n\u201cPor los pasados 130 a\u00f1os Popular ha evolucionado con los cambios culturales, sociales y econ\u00f3micos para asegurarse de servir de manera \u00f3ptima y eficiente. Siempre nos hemos movido al ritmo de nuestros clientes, entendiendo sus preferencias y constantemente transformando nuestro ofrecimiento para atender sus necesidades y puedan efectuar sus transacciones de manera \u00e1gil y sencilla\u201d, indic\u00f3 Ignacio \u00c1lvarez, presidente y CEO de Popular.<br \/>\nPrecisamente, esta campa\u00f1a tiene como objetivo presentar a Popular como un banco que ofrece una amplia gama de soluciones financieras, tradicionales y digitales. \u201cQueremos resaltar uno de los atributos m\u00e1s notables que tenemos, que somos el banco m\u00e1s conveniente y accesible para nuestros clientes y c\u00f3mo continuamos construyendo hacia el futuro, mientras atendemos a las distintas generaciones que servimos. Deseamos tambi\u00e9n presentar una marca m\u00e1s moderna que aporte a nuestro reconocimiento s\u00f3lido local y constante evoluci\u00f3n\u201d, mencion\u00f3 Denise Draper, gerente de la divisi\u00f3n de Mercadeo de Popular.<br \/>\nEl esfuerzo fue desarrollado creativamente por la agencia RosadoToledo&amp; y grabado por la casa productora Metr\u00f3polis, con la participaci\u00f3n de m\u00faltiples empleados y m\u00fasicos locales, entre ellos el talentoso maestro \u00c1ngel \u201cCucco\u201d Pe\u00f1a, para la composici\u00f3n y arreglo, qui\u00e9n junto a estudiantes de programas musicales de la Fundaci\u00f3n Banco Popular y la Orquesta Filarm\u00f3nica Arturo Somohano dan vida musical a esta campa\u00f1a. En la parte de digital, contamos con la agencia Cont\u00e1ctica.<br \/>\n\u201cHemos anclado esta ejecuci\u00f3n publicitaria a nuestro nuevo marco cultural, nuestro nuevo prop\u00f3sito, de poner a la gente en el centro del progreso. Tambi\u00e9n, utilizamos la m\u00fasica para crear una conexi\u00f3n con nuestros clientes y humanizar su forma \u00fanica de hacer banca\u201d, agreg\u00f3 Patricia Vigoreaux, vicepresidenta del grupo de Mercadeo en Popular.<br \/>\nLa instituci\u00f3n tambi\u00e9n dio a conocer que estar\u00e1 lanzando una marca sonora con el cual se estar\u00e1 identificando la marca de Popular. La misma estuvo a cargo del cantautor puertorrique\u00f1o Tommy Torres.<br \/>\n\u201cHemos estado en un proceso de modernizar la marca Popular y, entre ello, se encuentra la marca sonora. Queremos lograr que la gente nos identifique por un sonido que nos distinga. Estamos muy entusiasmados de haber contado con un artista de la talla de Tommy Torres para esa encomienda. A Tommy le pedimos que el sonido fuera algo reconocible, que de alg\u00fan modo identificara nuestras ra\u00edces y cultura, pero que a la vez apelara a todos los mercados que servimos (Puerto Rico, Estados Unidos e Islas V\u00edrgenes). Que cuando se escuchara en otras partes donde tenemos presencia, pudiera transportar al cliente a nuestra esencia como marca\u201d, indic\u00f3 Eduardo Negr\u00f3n, vicepresidente ejecutivo y gerente del grupo de Administraci\u00f3n de Popular.<br \/>\nTanto el esfuerzo publicitario, como la marca sonora de Popular comenzar\u00e1n a partir del 18 de abril en televisi\u00f3n, prensa, as\u00ed como en medios exteriores y digitales. Contacts<br \/>\nNatacha Vale<br \/>\n(787) 553-6681<br \/>\nNatacha.vale@popular.com<\/p>\n","protected":false},"excerpt":{"rendered":"<p>SAN JUAN, Puerto Rico&#8211;(BUSINESS WIRE)&#8211;Puerto Rico se caracteriza por ser una plataforma mundial para el talento musical, en donde la variedad de ritmos y g\u00e9neros son representativos de su riqueza&hellip; <\/p>\n","protected":false},"author":2,"featured_media":51068,"comment_status":"closed","ping_status":"closed","sticky":false,"template":"","format":"standard","meta":{"fifu_image_url":"","fifu_image_alt":"","footnotes":""},"categories":[252],"tags":[253],"class_list":["post-51067","post","type-post","status-publish","format-standard","has-post-thumbnail","hentry","category-business-wire","tag-business-wire"],"_links":{"self":[{"href":"https:\/\/elmundodelosnegocios.com.do\/v1\/wp-json\/wp\/v2\/posts\/51067","targetHints":{"allow":["GET"]}}],"collection":[{"href":"https:\/\/elmundodelosnegocios.com.do\/v1\/wp-json\/wp\/v2\/posts"}],"about":[{"href":"https:\/\/elmundodelosnegocios.com.do\/v1\/wp-json\/wp\/v2\/types\/post"}],"author":[{"embeddable":true,"href":"https:\/\/elmundodelosnegocios.com.do\/v1\/wp-json\/wp\/v2\/users\/2"}],"replies":[{"embeddable":true,"href":"https:\/\/elmundodelosnegocios.com.do\/v1\/wp-json\/wp\/v2\/comments?post=51067"}],"version-history":[{"count":0,"href":"https:\/\/elmundodelosnegocios.com.do\/v1\/wp-json\/wp\/v2\/posts\/51067\/revisions"}],"wp:featuredmedia":[{"embeddable":true,"href":"https:\/\/elmundodelosnegocios.com.do\/v1\/wp-json\/wp\/v2\/media\/51068"}],"wp:attachment":[{"href":"https:\/\/elmundodelosnegocios.com.do\/v1\/wp-json\/wp\/v2\/media?parent=51067"}],"wp:term":[{"taxonomy":"category","embeddable":true,"href":"https:\/\/elmundodelosnegocios.com.do\/v1\/wp-json\/wp\/v2\/categories?post=51067"},{"taxonomy":"post_tag","embeddable":true,"href":"https:\/\/elmundodelosnegocios.com.do\/v1\/wp-json\/wp\/v2\/tags?post=51067"}],"curies":[{"name":"wp","href":"https:\/\/api.w.org\/{rel}","templated":true}]}}