{"id":5111,"date":"2021-04-26T10:55:06","date_gmt":"2021-04-26T15:25:06","guid":{"rendered":"http:\/\/elmundodelosnegocios.com.do\/v1\/?p=5111"},"modified":"2021-04-26T10:55:06","modified_gmt":"2021-04-26T15:25:06","slug":"pone-gobierno-atencion-desarrollo-ruta-productiva-de-la-uva","status":"publish","type":"post","link":"https:\/\/elmundodelosnegocios.com.do\/v1\/pone-gobierno-atencion-desarrollo-ruta-productiva-de-la-uva\/","title":{"rendered":"Pone Gobierno atenci\u00f3n desarrollo Ruta Productiva de la UVA"},"content":{"rendered":"<p>Neyba, R.D. Abril 2021.- La ciudad de Neyba, epicentro del cultivo de la uva en Rep\u00fablica Dominicana, y uno de los pocos lugares caracter\u00edsticos de este cultivo en el Caribe,  fue la sede del recorrido realizado por Hecmilio Galv\u00e1n, Director Ejecutivo de la Unidad de Evaluaci\u00f3n y Seguimiento de los Proyectos de la Presidencia UESP en el que reconoci\u00f3 los principales proyectos de este sector productivo, de tanto potencial agr\u00edcola y tur\u00edstico del sur del pa\u00eds. <\/p>\n<p>Hecmlio Galv\u00e1n, quien estuvo acompa\u00f1ado de  la Gobernadora Civil Juana Mateo y de Eliferbo Herasme, Director Ejecutivo de UTEPDA, visit\u00f3 la Bodega Cacique Enriquillo ubicada en la Plaza Cacique, que es donde se fabrica el vino y donde sostuvo un encuentro con la Cooperativa de Vitivinicultores de Neyba, COOPEVINE, instituci\u00f3n a la que prometi\u00f3 el respaldo del Estado.<\/p>\n<p>Galv\u00e1n ponder\u00f3 la calidad de la uva de Neyba y sobre todo el avance que han tenido en la fabricaci\u00f3n del vino, el cual ya se encuentra en capacidad de ser presentado en el mercado para empezar, junto a otros, a convertirse en un vino bandera dominicano.<\/p>\n<p>Durante el recorrido, el funcionario tambi\u00e9n sostuvo una reuni\u00f3n en la Sede del Instituto Nacional de la Uva INUVA dirigido por el Sr. Jos\u00e9 Santos Manzueta, donde particip\u00f3 la Senadora de Bahoruco Melania Salvador y el exsenador Francisco Jim\u00e9nez, as\u00ed como importantes personalidades de la provincia Bahoruco<\/p>\n<p>El Director del INUVA, Jose Santos, present\u00f3 a la UESP una cartera importante de proyectos que llevar\u00e1n a cabo con el apoyo del Ministerio de Agricultura, entre los que se encuentran el fomento de m\u00e1s de 2,000 tareas de producci\u00f3n de uva de mesa, el cual tendr\u00eda una inversi\u00f3n de cercad e 300 millones de pesos, as\u00ed como la recuperaci\u00f3n de la estaci\u00f3n experimental de variedades en convenio con la Direcci\u00f3n General de Desarrollo Fronterizo, entre otros. <\/p>\n<p>Hecmilio Galv\u00e1n, se comprometi\u00f3 a respaldar decididamente la producci\u00f3n de uva y anunci\u00f3 el inter\u00e9s del presidente Lu\u00eds Abinader en la creaci\u00f3n de empleo y riqueza en las provincias del pa\u00eds, teniendo la uva un lugar esencial ya que incluye el tema agr\u00edcola, el tema industrial y artesanal y el tur\u00edstico.<\/p>\n<p>LA Ruta Productiva de la Uva tambi\u00e9n incluy\u00f3 la Visita al Parador Fotogr\u00e1fico de la Uva, la Inauguraci\u00f3n de La Plaza Tur\u00edstica del Vino, propiedad del empresario Alexander Reyes, as\u00ed como la 1ra Reuni\u00f3n del Cl\u00faster Eco tur\u00edstico de la Provincia Bahoruco, donde el Director de la UESP jurament\u00f3 el Comit\u00e9 Gestor de esta Entidad el cual est\u00e1 presidido por el Alcalde Municipal, Jos\u00e9 Dar\u00edo Cepeda.<\/p>\n","protected":false},"excerpt":{"rendered":"<p>Neyba, R.D. Abril 2021.- La ciudad de Neyba, epicentro del cultivo de la uva en Rep\u00fablica Dominicana, y uno de los pocos lugares caracter\u00edsticos de este cultivo en el Caribe,&hellip; <\/p>\n","protected":false},"author":2,"featured_media":5091,"comment_status":"open","ping_status":"open","sticky":false,"template":"","format":"standard","meta":{"fifu_image_url":"","fifu_image_alt":"","footnotes":""},"categories":[73],"tags":[],"class_list":["post-5111","post","type-post","status-publish","format-standard","has-post-thumbnail","hentry","category-agronegocios"],"_links":{"self":[{"href":"https:\/\/elmundodelosnegocios.com.do\/v1\/wp-json\/wp\/v2\/posts\/5111","targetHints":{"allow":["GET"]}}],"collection":[{"href":"https:\/\/elmundodelosnegocios.com.do\/v1\/wp-json\/wp\/v2\/posts"}],"about":[{"href":"https:\/\/elmundodelosnegocios.com.do\/v1\/wp-json\/wp\/v2\/types\/post"}],"author":[{"embeddable":true,"href":"https:\/\/elmundodelosnegocios.com.do\/v1\/wp-json\/wp\/v2\/users\/2"}],"replies":[{"embeddable":true,"href":"https:\/\/elmundodelosnegocios.com.do\/v1\/wp-json\/wp\/v2\/comments?post=5111"}],"version-history":[{"count":0,"href":"https:\/\/elmundodelosnegocios.com.do\/v1\/wp-json\/wp\/v2\/posts\/5111\/revisions"}],"wp:featuredmedia":[{"embeddable":true,"href":"https:\/\/elmundodelosnegocios.com.do\/v1\/wp-json\/wp\/v2\/media\/5091"}],"wp:attachment":[{"href":"https:\/\/elmundodelosnegocios.com.do\/v1\/wp-json\/wp\/v2\/media?parent=5111"}],"wp:term":[{"taxonomy":"category","embeddable":true,"href":"https:\/\/elmundodelosnegocios.com.do\/v1\/wp-json\/wp\/v2\/categories?post=5111"},{"taxonomy":"post_tag","embeddable":true,"href":"https:\/\/elmundodelosnegocios.com.do\/v1\/wp-json\/wp\/v2\/tags?post=5111"}],"curies":[{"name":"wp","href":"https:\/\/api.w.org\/{rel}","templated":true}]}}