{"id":51281,"date":"2024-04-25T16:32:47","date_gmt":"2024-04-25T21:02:47","guid":{"rendered":"https:\/\/elmundodelosnegocios.com.do\/v1\/?p=51281"},"modified":"2024-04-25T16:32:48","modified_gmt":"2024-04-25T21:02:48","slug":"en-primera-edicion-premios-los-mas-ecoistas-banco-popular-recibe-premio-grupo-pinero","status":"publish","type":"post","link":"https:\/\/elmundodelosnegocios.com.do\/v1\/en-primera-edicion-premios-los-mas-ecoistas-banco-popular-recibe-premio-grupo-pinero\/","title":{"rendered":"En primera edici\u00f3n premios \u201cLos m\u00e1s eco\u00edstas\u201d Banco Popular recibe premio Grupo Pinero"},"content":{"rendered":"\n<p><strong>Punta Cana<\/strong>, Hig\u00fcey, R.D. Abril 25, 2024.-&nbsp; El Banco Popular Dominicano fue premiado por el Grupo Pi\u00f1ero como una de las empresas \u201cM\u00e1s eco\u00edstas de la Rep\u00fablica Dominicana\u201d, un galard\u00f3n de este grupo hotelero que reconoce tanto el apoyo del banco a sus operaciones como el valor agregado que aporta en materia de sostenibilidad a su desarrollo.<\/p>\n\n\n<div class=\"wp-block-image\">\n<figure class=\"aligncenter size-full\"><img loading=\"lazy\" decoding=\"async\" width=\"1000\" height=\"603\" src=\"https:\/\/elmundodelosnegocios.com.do\/v1\/wp-content\/uploads\/2024\/04\/6JA04353-Desde-la-izquierda-Rene-Grullon-Encarna-Pinero-Karina-Vallejo-e-Isabel-Pinero.jpg\" alt=\"\" class=\"wp-image-51282\" srcset=\"https:\/\/elmundodelosnegocios.com.do\/v1\/wp-content\/uploads\/2024\/04\/6JA04353-Desde-la-izquierda-Rene-Grullon-Encarna-Pinero-Karina-Vallejo-e-Isabel-Pinero.jpg 1000w, https:\/\/elmundodelosnegocios.com.do\/v1\/wp-content\/uploads\/2024\/04\/6JA04353-Desde-la-izquierda-Rene-Grullon-Encarna-Pinero-Karina-Vallejo-e-Isabel-Pinero-300x181.jpg 300w, https:\/\/elmundodelosnegocios.com.do\/v1\/wp-content\/uploads\/2024\/04\/6JA04353-Desde-la-izquierda-Rene-Grullon-Encarna-Pinero-Karina-Vallejo-e-Isabel-Pinero-768x463.jpg 768w\" sizes=\"auto, (max-width: 1000px) 100vw, 1000px\" \/><\/figure>\n<\/div>\n\n\n<p>La primera edici\u00f3n de los premios \u201cLos m\u00e1s eco\u00edstas\u201d en Rep\u00fablica Dominicana tuvo lugar en el marco de la feria Dominican Annual Tourism Exchange (DATE), con el prop\u00f3sito de reconocer la labor de los proveedores, colaboradores y socios nacionales e internacionales de Grupo Pi\u00f1ero que cumplen con altos est\u00e1ndares de calidad y tambi\u00e9n sensibilizan a actuar en favor de la preservaci\u00f3n del medioambiente y la lucha contra los efectos nocivos del cambio clim\u00e1tico.<\/p>\n\n\n\n<p>La selecci\u00f3n de los galardonados estuvo a cargo de la Divisi\u00f3n de Sostenibilidad de Grupo Pi\u00f1ero. &nbsp;<\/p>\n\n\n\n<p>En el acto de entrega estuvieron presentes los se\u00f1ores David Collado, ministro de Turismo, y Milagros Germ\u00e1n, ministra de Cultura. Por parte del Popular, los se\u00f1ores Ren\u00e9 Grull\u00f3n Finet, vicepresidente ejecutivo Senior de Negocios Nacionales e Internacionales, y Juan Manuel Mart\u00edn de Oliva, vicepresidente del \u00c1rea de Negocios Tur\u00edsticos.<\/p>\n\n\n\n<p><strong>Profundizaci\u00f3n de la visi\u00f3n sostenible<\/strong><\/p>\n\n\n\n<p>El galard\u00f3n al Banco Popular fue entregado de manos de las se\u00f1oras Encarna Pi\u00f1ero, CEO del Grupo Pi\u00f1ero, e Isabel Pi\u00f1ero, Chief Sustainability Officer del Grupo Pi\u00f1ero.<\/p>\n\n\n\n<p>El vicepresidente ejecutivo senior de Negocios Nacionales e Internacionales, Ren\u00e9 Grull\u00f3n Finet, expres\u00f3 su gratitud en nombre del Banco Popular y el honor que representa para la entidad financiera recibir tal distinci\u00f3n.<\/p>\n\n\n\n<p>\u201cEn el Banco Popular Dominicano entendemos que el desarrollo econ\u00f3mico debe ir de la mano con la conservaci\u00f3n del medioambiente, por lo cual desde nuestra visi\u00f3n sostenible hemos desarrollado innovadores productos que promueven el cambio hacia un modelo de producci\u00f3n y consumo con mayor respeto del medioambiente\u201d, dijo el se\u00f1or Grull\u00f3n Finet.<\/p>\n\n\n\n<p>La CEO de Grupo Pi\u00f1ero felicit\u00f3 a los galardonados y subray\u00f3 su conducta de ejemplar compromiso con la sostenibilidad y la preservaci\u00f3n del medioambiente.<\/p>\n\n\n\n<p>\u201cEn un mundo donde los desaf\u00edos ambientales son cada vez m\u00e1s apremiantes, vuestro trabajo no solo es admirable, sino absolutamente necesario. Sois la prueba de que es posible alcanzar el \u00e9xito empresarial y el bienestar social sin comprometer los recursos naturales de nuestro planeta\u201d, dijo la se\u00f1ora Pi\u00f1ero<\/p>\n\n\n\n<p>El Grupo Pi\u00f1ero gestiona en el pa\u00eds m\u00e1s de 6,615 habitaciones distribuidas en 14 hoteles.<\/p>\n","protected":false},"excerpt":{"rendered":"<p>Punta Cana, Hig\u00fcey, R.D. Abril 25, 2024.-&nbsp; El Banco Popular Dominicano fue premiado por el Grupo Pi\u00f1ero como una de las empresas \u201cM\u00e1s eco\u00edstas de la Rep\u00fablica Dominicana\u201d, un galard\u00f3n&hellip; <\/p>\n","protected":false},"author":2,"featured_media":51284,"comment_status":"closed","ping_status":"closed","sticky":false,"template":"","format":"standard","meta":{"fifu_image_url":"https:\/\/elmundodelosnegocios.com.do\/v1\/wp-content\/uploads\/2024\/04\/6JA04353-Desde-la-izquierda-Rene-Grullon-Encarna-Pinero-Karina-Vallejo-e-Isabel-Pinero.jpg","fifu_image_alt":"","footnotes":""},"categories":[78],"tags":[],"class_list":["post-51281","post","type-post","status-publish","format-standard","has-post-thumbnail","hentry","category-con-responsabilidad"],"_links":{"self":[{"href":"https:\/\/elmundodelosnegocios.com.do\/v1\/wp-json\/wp\/v2\/posts\/51281","targetHints":{"allow":["GET"]}}],"collection":[{"href":"https:\/\/elmundodelosnegocios.com.do\/v1\/wp-json\/wp\/v2\/posts"}],"about":[{"href":"https:\/\/elmundodelosnegocios.com.do\/v1\/wp-json\/wp\/v2\/types\/post"}],"author":[{"embeddable":true,"href":"https:\/\/elmundodelosnegocios.com.do\/v1\/wp-json\/wp\/v2\/users\/2"}],"replies":[{"embeddable":true,"href":"https:\/\/elmundodelosnegocios.com.do\/v1\/wp-json\/wp\/v2\/comments?post=51281"}],"version-history":[{"count":1,"href":"https:\/\/elmundodelosnegocios.com.do\/v1\/wp-json\/wp\/v2\/posts\/51281\/revisions"}],"predecessor-version":[{"id":51283,"href":"https:\/\/elmundodelosnegocios.com.do\/v1\/wp-json\/wp\/v2\/posts\/51281\/revisions\/51283"}],"wp:featuredmedia":[{"embeddable":true,"href":"https:\/\/elmundodelosnegocios.com.do\/v1\/wp-json\/wp\/v2\/media\/51284"}],"wp:attachment":[{"href":"https:\/\/elmundodelosnegocios.com.do\/v1\/wp-json\/wp\/v2\/media?parent=51281"}],"wp:term":[{"taxonomy":"category","embeddable":true,"href":"https:\/\/elmundodelosnegocios.com.do\/v1\/wp-json\/wp\/v2\/categories?post=51281"},{"taxonomy":"post_tag","embeddable":true,"href":"https:\/\/elmundodelosnegocios.com.do\/v1\/wp-json\/wp\/v2\/tags?post=51281"}],"curies":[{"name":"wp","href":"https:\/\/api.w.org\/{rel}","templated":true}]}}