{"id":51456,"date":"2024-04-30T21:46:01","date_gmt":"2024-05-01T02:16:01","guid":{"rendered":"https:\/\/elmundodelosnegocios.com.do\/v1\/?p=51456"},"modified":"2024-04-30T21:46:02","modified_gmt":"2024-05-01T02:16:02","slug":"celebran-asamblea-adepe-y-eligen-guzman-como-presidente","status":"publish","type":"post","link":"https:\/\/elmundodelosnegocios.com.do\/v1\/celebran-asamblea-adepe-y-eligen-guzman-como-presidente\/","title":{"rendered":"Celebran asamblea ADEPE y eligen Guzm\u00e1n como presidente"},"content":{"rendered":"\n<p><strong>Moca<\/strong>, Prov. Espaillat. Abril 30, 2024.- La Asociaci\u00f3n para el Desarrollo de la Provincia Espaillat (ADEPE) celebr\u00f3 con \u00e9xito su Asamblea No. 49, un evento destacado en la agenda de la comunidad. Durante este encuentro se llev\u00f3 a cabo el juramento de diez (10) nuevos miembros, marcando un hito significativo en la continuidad y fortalecimiento de la instituci\u00f3n, entre ellos: la Ing. Judith Valdez de Grull\u00f3n, Alberto Gonz\u00e1lez, Gabriel Guzm\u00e1n, Dania Cardenas, Alexis Jim\u00e9nez, Cecilia Hiciano, Rafael Santos Rojas.<\/p>\n\n\n<div class=\"wp-block-image\">\n<figure class=\"aligncenter size-full\"><img loading=\"lazy\" decoding=\"async\" width=\"960\" height=\"640\" src=\"https:\/\/elmundodelosnegocios.com.do\/v1\/wp-content\/uploads\/2024\/04\/IB3A1936.jpg\" alt=\"\" class=\"wp-image-51460\" srcset=\"https:\/\/elmundodelosnegocios.com.do\/v1\/wp-content\/uploads\/2024\/04\/IB3A1936.jpg 960w, https:\/\/elmundodelosnegocios.com.do\/v1\/wp-content\/uploads\/2024\/04\/IB3A1936-300x200.jpg 300w, https:\/\/elmundodelosnegocios.com.do\/v1\/wp-content\/uploads\/2024\/04\/IB3A1936-768x512.jpg 768w\" sizes=\"auto, (max-width: 960px) 100vw, 960px\" \/><\/figure>\n<\/div>\n\n<div class=\"wp-block-image\">\n<figure class=\"aligncenter size-full\"><img loading=\"lazy\" decoding=\"async\" width=\"960\" height=\"640\" src=\"https:\/\/elmundodelosnegocios.com.do\/v1\/wp-content\/uploads\/2024\/04\/IB3A1722.jpg\" alt=\"\" class=\"wp-image-51457\" srcset=\"https:\/\/elmundodelosnegocios.com.do\/v1\/wp-content\/uploads\/2024\/04\/IB3A1722.jpg 960w, https:\/\/elmundodelosnegocios.com.do\/v1\/wp-content\/uploads\/2024\/04\/IB3A1722-300x200.jpg 300w, https:\/\/elmundodelosnegocios.com.do\/v1\/wp-content\/uploads\/2024\/04\/IB3A1722-768x512.jpg 768w\" sizes=\"auto, (max-width: 960px) 100vw, 960px\" \/><\/figure>\n<\/div>\n\n\n<p>Entre los momentos m\u00e1s destacados de la asamblea, se encuentra la elecci\u00f3n del Lic. Amable Guzm\u00e1n como nuevo presidente de ADEPE por un per\u00edodo de dos a\u00f1os. Guzm\u00e1n, quien actualmente se desempe\u00f1a como presidente del Grupo de Amigos La Pe\u00f1ita, ha demostrado ser un l\u00edder excepcional, dedicado y comprometido con la misi\u00f3n y valores de nuestra comunidad. Su profunda empat\u00eda y habilidades humanas son reconocidas y admiradas por todos quienes lo conocen.<\/p>\n\n\n<div class=\"wp-block-image\">\n<figure class=\"aligncenter size-full\"><img loading=\"lazy\" decoding=\"async\" width=\"960\" height=\"640\" src=\"https:\/\/elmundodelosnegocios.com.do\/v1\/wp-content\/uploads\/2024\/04\/IB3A1877.jpg\" alt=\"\" class=\"wp-image-51458\" srcset=\"https:\/\/elmundodelosnegocios.com.do\/v1\/wp-content\/uploads\/2024\/04\/IB3A1877.jpg 960w, https:\/\/elmundodelosnegocios.com.do\/v1\/wp-content\/uploads\/2024\/04\/IB3A1877-300x200.jpg 300w, https:\/\/elmundodelosnegocios.com.do\/v1\/wp-content\/uploads\/2024\/04\/IB3A1877-768x512.jpg 768w\" sizes=\"auto, (max-width: 960px) 100vw, 960px\" \/><\/figure>\n<\/div>\n\n\n<p>En esta asamblea tambi\u00e9n se entregaron reconocimientos al actual alcalde Dr. Miguel Guarocuya Cabral, al empresario av\u00edcola V\u00edctor Abreu, a la cooperativa COOPADEPE, y fue reconocido con el t\u00edtulo&nbsp;\u00abdirector&nbsp;Ad-Vitam\u00bb el Ing. Fernando Jim\u00e9nez por sus grandes aportes por m\u00e1s de 40 a\u00f1os a la instituci\u00f3n.<\/p>\n\n\n\n<p>Con la elecci\u00f3n del licenciado Guzm\u00e1n como presidente, ADEPE contin\u00faa su compromiso de liderazgo s\u00f3lido y orientaci\u00f3n hacia un futuro prometedor.<\/p>\n\n\n\n<p>Estamos seguros que con su entusiasmo ADEPE seguir\u00e1 trabajando para el desarrollo de nuestra provincia Espaillat con pasi\u00f3n&nbsp;y&nbsp;excelencia.<\/p>\n","protected":false},"excerpt":{"rendered":"<p>Moca, Prov. Espaillat. Abril 30, 2024.- La Asociaci\u00f3n para el Desarrollo de la Provincia Espaillat (ADEPE) celebr\u00f3 con \u00e9xito su Asamblea No. 49, un evento destacado en la agenda de&hellip; <\/p>\n","protected":false},"author":2,"featured_media":51462,"comment_status":"closed","ping_status":"closed","sticky":false,"template":"","format":"standard","meta":{"fifu_image_url":"https:\/\/elmundodelosnegocios.com.do\/v1\/wp-content\/uploads\/2024\/04\/IB3A1936.jpg","fifu_image_alt":"","footnotes":""},"categories":[247],"tags":[],"class_list":["post-51456","post","type-post","status-publish","format-standard","has-post-thumbnail","hentry","category-organizaciones"],"_links":{"self":[{"href":"https:\/\/elmundodelosnegocios.com.do\/v1\/wp-json\/wp\/v2\/posts\/51456","targetHints":{"allow":["GET"]}}],"collection":[{"href":"https:\/\/elmundodelosnegocios.com.do\/v1\/wp-json\/wp\/v2\/posts"}],"about":[{"href":"https:\/\/elmundodelosnegocios.com.do\/v1\/wp-json\/wp\/v2\/types\/post"}],"author":[{"embeddable":true,"href":"https:\/\/elmundodelosnegocios.com.do\/v1\/wp-json\/wp\/v2\/users\/2"}],"replies":[{"embeddable":true,"href":"https:\/\/elmundodelosnegocios.com.do\/v1\/wp-json\/wp\/v2\/comments?post=51456"}],"version-history":[{"count":1,"href":"https:\/\/elmundodelosnegocios.com.do\/v1\/wp-json\/wp\/v2\/posts\/51456\/revisions"}],"predecessor-version":[{"id":51461,"href":"https:\/\/elmundodelosnegocios.com.do\/v1\/wp-json\/wp\/v2\/posts\/51456\/revisions\/51461"}],"wp:featuredmedia":[{"embeddable":true,"href":"https:\/\/elmundodelosnegocios.com.do\/v1\/wp-json\/wp\/v2\/media\/51462"}],"wp:attachment":[{"href":"https:\/\/elmundodelosnegocios.com.do\/v1\/wp-json\/wp\/v2\/media?parent=51456"}],"wp:term":[{"taxonomy":"category","embeddable":true,"href":"https:\/\/elmundodelosnegocios.com.do\/v1\/wp-json\/wp\/v2\/categories?post=51456"},{"taxonomy":"post_tag","embeddable":true,"href":"https:\/\/elmundodelosnegocios.com.do\/v1\/wp-json\/wp\/v2\/tags?post=51456"}],"curies":[{"name":"wp","href":"https:\/\/api.w.org\/{rel}","templated":true}]}}