{"id":51463,"date":"2024-05-01T07:58:22","date_gmt":"2024-05-01T12:28:22","guid":{"rendered":"https:\/\/elmundodelosnegocios.com.do\/v1\/?p=51463"},"modified":"2024-05-01T07:58:22","modified_gmt":"2024-05-01T12:28:22","slug":"republica-dominicana-llama-a-la-unidad-a-paises-de-las-americas-para-impulsar-el-turismo-y-sus-economias","status":"publish","type":"post","link":"https:\/\/elmundodelosnegocios.com.do\/v1\/republica-dominicana-llama-a-la-unidad-a-paises-de-las-americas-para-impulsar-el-turismo-y-sus-economias\/","title":{"rendered":"Collado llama unidad pa\u00edses las Am\u00e9ricas para impulsar turismo y econom\u00edas"},"content":{"rendered":"\n<p>Varadero, Cuba.-&nbsp;<strong>El ministro de Turismo de Rep\u00fablica Dominicana<\/strong>&nbsp;y presidente de la&nbsp;<strong>Comisi\u00f3n Regional para las Am\u00e9ricas de la Organizaci\u00f3n Mundial de Turismo<\/strong>, David Collado, hizo un llamado de unidad a los pa\u00edses de la regi\u00f3n para impulsar, a\u00fan m\u00e1s, el desarrollo del sector y&nbsp;<em>\u00abpor consiguiente de sus econom\u00edas\u00bb.<\/em><\/p>\n\n\n<div class=\"wp-block-image\">\n<figure class=\"aligncenter size-large\"><img loading=\"lazy\" decoding=\"async\" width=\"1024\" height=\"576\" src=\"https:\/\/elmundodelosnegocios.com.do\/v1\/wp-content\/uploads\/2024\/04\/IMG_3512-1024x576.jpg\" alt=\"\" class=\"wp-image-51464\" srcset=\"https:\/\/elmundodelosnegocios.com.do\/v1\/wp-content\/uploads\/2024\/04\/IMG_3512-1024x576.jpg 1024w, https:\/\/elmundodelosnegocios.com.do\/v1\/wp-content\/uploads\/2024\/04\/IMG_3512-300x169.jpg 300w, https:\/\/elmundodelosnegocios.com.do\/v1\/wp-content\/uploads\/2024\/04\/IMG_3512-768x432.jpg 768w, https:\/\/elmundodelosnegocios.com.do\/v1\/wp-content\/uploads\/2024\/04\/IMG_3512.jpg 1300w\" sizes=\"auto, (max-width: 1024px) 100vw, 1024px\" \/><\/figure>\n<\/div>\n\n\n<p>En la 69\u00b0 reuni\u00f3n de la Comisi\u00f3n Regional de la ONU Turismo para las Am\u00e9ricas, Collado defini\u00f3 ese encuentro como&nbsp;<strong>un hito significativo<\/strong>&nbsp;en el impulso hacia un futuro tur\u00edstico<strong>&nbsp;sostenible, comunitario y pr\u00f3spero<\/strong>&nbsp;en la regi\u00f3n.<\/p>\n\n\n\n<p>La reuni\u00f3n se llev\u00f3 a cabo aqu\u00ed durante tres d\u00edas, donde participaron l\u00edderes de gobiernos, expertos en turismo, representantes de la sociedad civil y actores clave del sector privado.<\/p>\n\n\n\n<p>En la reuni\u00f3n se discutieron&nbsp;<strong>estrategias innovadoras y colaborativas<\/strong>&nbsp;que promuevan el desarrollo tur\u00edstico inclusivo, comunitario y responsable en las Am\u00e9ricas.<\/p>\n\n\n\n<p>En la cumbre se destac\u00f3 la importancia de abordar los desaf\u00edos actuales del sector tur\u00edstico, incluida la&nbsp;<strong>mitigaci\u00f3n del impacto ambiental<\/strong>, la promoci\u00f3n de la&nbsp;<strong>inclusi\u00f3n social<\/strong>&nbsp;y la generaci\u00f3n de&nbsp;<strong>oportunidades econ\u00f3micas<\/strong>&nbsp;equitativas.<\/p>\n\n\n\n<p><em>\u00abDebemos garantizar que el desarrollo tur\u00edstico de nuestros pa\u00edses vaya de la mano con la protecci\u00f3n del medio ambiente, la inclusi\u00f3n social y el respeto por los derechos humanos\u00bb,<\/em>&nbsp;indic\u00f3 el ministro de Turismo dominicano y actual presidente de la Comisi\u00f3n Regional para las Am\u00e9ricas de la OMT.<\/p>\n\n\n\n<p>Entiende que solo as\u00ed se puede construir una regi\u00f3n&nbsp;<strong>pr\u00f3spera y equitativa<\/strong>&nbsp;para las generaciones presentes y futuras.<\/p>\n\n\n\n<p>Durante el evento, se resalt\u00f3 el compromiso de los pa\u00edses miembros de la Comisi\u00f3n Regional de la ONU Turismo para las Am\u00e9ricas en la implementaci\u00f3n de&nbsp;<strong>pol\u00edticas y acciones concretas<\/strong>&nbsp;para fomentar un turismo&nbsp;<strong>responsable y beneficioso<\/strong>&nbsp;para todas las partes interesadas.<\/p>\n\n\n\n<p>Adem\u00e1s, se subray\u00f3 la importancia de la colaboraci\u00f3n entre los&nbsp;<strong>sectores p\u00fablico y privado<\/strong>, as\u00ed como la participaci\u00f3n de la sociedad civil y las comunidades locales, como elementos claves para el \u00e9xito de las&nbsp;<strong>iniciativas tur\u00edsticas sostenibles.<\/strong><\/p>\n\n\n\n<p>Esta 69\u00b0 reuni\u00f3n de la Comisi\u00f3n Regional de la ONU Turismo para las Am\u00e9ricas refleja el firme compromiso de los pa\u00edses de la regi\u00f3n con los principios de desarrollo sostenible, comunitario y la promoci\u00f3n de un turismo que contribuya al bienestar de las personas y al cuidado del medio ambiente.<\/p>\n","protected":false},"excerpt":{"rendered":"<p>Varadero, Cuba.-&nbsp;El ministro de Turismo de Rep\u00fablica Dominicana&nbsp;y presidente de la&nbsp;Comisi\u00f3n Regional para las Am\u00e9ricas de la Organizaci\u00f3n Mundial de Turismo, David Collado, hizo un llamado de unidad a los&hellip; <\/p>\n","protected":false},"author":2,"featured_media":51466,"comment_status":"closed","ping_status":"closed","sticky":false,"template":"","format":"standard","meta":{"fifu_image_url":"https:\/\/elmundodelosnegocios.com.do\/v1\/wp-content\/uploads\/2024\/04\/IMG_3512-1024x576.jpg","fifu_image_alt":"","footnotes":""},"categories":[172],"tags":[],"class_list":["post-51463","post","type-post","status-publish","format-standard","has-post-thumbnail","hentry","category-turismo"],"_links":{"self":[{"href":"https:\/\/elmundodelosnegocios.com.do\/v1\/wp-json\/wp\/v2\/posts\/51463","targetHints":{"allow":["GET"]}}],"collection":[{"href":"https:\/\/elmundodelosnegocios.com.do\/v1\/wp-json\/wp\/v2\/posts"}],"about":[{"href":"https:\/\/elmundodelosnegocios.com.do\/v1\/wp-json\/wp\/v2\/types\/post"}],"author":[{"embeddable":true,"href":"https:\/\/elmundodelosnegocios.com.do\/v1\/wp-json\/wp\/v2\/users\/2"}],"replies":[{"embeddable":true,"href":"https:\/\/elmundodelosnegocios.com.do\/v1\/wp-json\/wp\/v2\/comments?post=51463"}],"version-history":[{"count":2,"href":"https:\/\/elmundodelosnegocios.com.do\/v1\/wp-json\/wp\/v2\/posts\/51463\/revisions"}],"predecessor-version":[{"id":51526,"href":"https:\/\/elmundodelosnegocios.com.do\/v1\/wp-json\/wp\/v2\/posts\/51463\/revisions\/51526"}],"wp:featuredmedia":[{"embeddable":true,"href":"https:\/\/elmundodelosnegocios.com.do\/v1\/wp-json\/wp\/v2\/media\/51466"}],"wp:attachment":[{"href":"https:\/\/elmundodelosnegocios.com.do\/v1\/wp-json\/wp\/v2\/media?parent=51463"}],"wp:term":[{"taxonomy":"category","embeddable":true,"href":"https:\/\/elmundodelosnegocios.com.do\/v1\/wp-json\/wp\/v2\/categories?post=51463"},{"taxonomy":"post_tag","embeddable":true,"href":"https:\/\/elmundodelosnegocios.com.do\/v1\/wp-json\/wp\/v2\/tags?post=51463"}],"curies":[{"name":"wp","href":"https:\/\/api.w.org\/{rel}","templated":true}]}}