{"id":5148,"date":"2021-04-26T11:22:14","date_gmt":"2021-04-26T15:52:14","guid":{"rendered":"http:\/\/elmundodelosnegocios.com.do\/v1\/?p=5148"},"modified":"2021-04-26T11:22:14","modified_gmt":"2021-04-26T15:52:14","slug":"aerolineas-demandan-que-extranjeros-vacunados-puedan-entrar-a-espana-sin-pcr","status":"publish","type":"post","link":"https:\/\/elmundodelosnegocios.com.do\/v1\/aerolineas-demandan-que-extranjeros-vacunados-puedan-entrar-a-espana-sin-pcr\/","title":{"rendered":"Aerol\u00edneas demandan que extranjeros vacunados puedan entrar a Espa\u00f1a sin PCR"},"content":{"rendered":"<p>La Asociaci\u00f3n de L\u00edneas A\u00e9reas de Espa\u00f1a pidi\u00f3 este lunes al Gobierno espa\u00f1ol que exima a los viajeros internacionales vacunados contra la covid-19 del test PCR para entrar en el pa\u00eds, porque otros competidores, como Grecia, lo permitir\u00e1n sin esperar al certificado verde digital en el que trabaja la Uni\u00f3n Europea.<\/p>\n<p>En rueda de prensa en Madrid, el presidente de esa asociaci\u00f3n, Javier G\u00e1ndara, avanz\u00f3 que prev\u00e9n operar este verano un 58% de los vuelos realizados en el mismo periodo de 2019, antes de la pandemia, pero un catorce por ciento por encima de los datos del verano de 2020, con una evoluci\u00f3n algo mejor en los dom\u00e9sticos que en los internacionales.<\/p>\n<p>Aunque Europa se est\u00e1 quedando rezagada respecto a otros mercados como China o Estados Unidos, con el turismo interior ya muy reactivado, algunos pa\u00edses ya est\u00e1n tomando medidas, como Grecia, que abrir\u00e1 sus fronteras a partir del 14 de mayo y eximir\u00e1 de la prueba PCR si el turista est\u00e1 vacunado.<\/p>\n","protected":false},"excerpt":{"rendered":"<p>La Asociaci\u00f3n de L\u00edneas A\u00e9reas de Espa\u00f1a pidi\u00f3 este lunes al Gobierno espa\u00f1ol que exima a los viajeros internacionales vacunados contra la covid-19 del test PCR para entrar en el&hellip; <\/p>\n","protected":false},"author":2,"featured_media":5149,"comment_status":"open","ping_status":"open","sticky":false,"template":"","format":"standard","meta":{"fifu_image_url":"","fifu_image_alt":"","footnotes":""},"categories":[168],"tags":[],"class_list":["post-5148","post","type-post","status-publish","format-standard","has-post-thumbnail","hentry","category-transporte-aereo"],"_links":{"self":[{"href":"https:\/\/elmundodelosnegocios.com.do\/v1\/wp-json\/wp\/v2\/posts\/5148","targetHints":{"allow":["GET"]}}],"collection":[{"href":"https:\/\/elmundodelosnegocios.com.do\/v1\/wp-json\/wp\/v2\/posts"}],"about":[{"href":"https:\/\/elmundodelosnegocios.com.do\/v1\/wp-json\/wp\/v2\/types\/post"}],"author":[{"embeddable":true,"href":"https:\/\/elmundodelosnegocios.com.do\/v1\/wp-json\/wp\/v2\/users\/2"}],"replies":[{"embeddable":true,"href":"https:\/\/elmundodelosnegocios.com.do\/v1\/wp-json\/wp\/v2\/comments?post=5148"}],"version-history":[{"count":0,"href":"https:\/\/elmundodelosnegocios.com.do\/v1\/wp-json\/wp\/v2\/posts\/5148\/revisions"}],"wp:featuredmedia":[{"embeddable":true,"href":"https:\/\/elmundodelosnegocios.com.do\/v1\/wp-json\/wp\/v2\/media\/5149"}],"wp:attachment":[{"href":"https:\/\/elmundodelosnegocios.com.do\/v1\/wp-json\/wp\/v2\/media?parent=5148"}],"wp:term":[{"taxonomy":"category","embeddable":true,"href":"https:\/\/elmundodelosnegocios.com.do\/v1\/wp-json\/wp\/v2\/categories?post=5148"},{"taxonomy":"post_tag","embeddable":true,"href":"https:\/\/elmundodelosnegocios.com.do\/v1\/wp-json\/wp\/v2\/tags?post=5148"}],"curies":[{"name":"wp","href":"https:\/\/api.w.org\/{rel}","templated":true}]}}