{"id":51633,"date":"2024-05-05T11:30:33","date_gmt":"2024-05-05T16:00:33","guid":{"rendered":"https:\/\/elmundodelosnegocios.com.do\/v1\/?p=51633"},"modified":"2024-05-05T11:30:34","modified_gmt":"2024-05-05T16:00:34","slug":"indice-mensual-de-actividad-manufacturera-mantiene-tendencia-positiva-constante-al-ubicarse-sobre-50-0-por-quinto-mes-consecutivo","status":"publish","type":"post","link":"https:\/\/elmundodelosnegocios.com.do\/v1\/indice-mensual-de-actividad-manufacturera-mantiene-tendencia-positiva-constante-al-ubicarse-sobre-50-0-por-quinto-mes-consecutivo\/","title":{"rendered":"\u00cdndice Mensual de Actividad Manufacturera mantiene tendencia positiva constante al ubicarse sobre 50.0 por quinto mes consecutivo"},"content":{"rendered":"\n<p><strong>Santo Domingo<\/strong>. El \u00cdndice Mensual de Actividad Manufacturera (IMAM) de la Asociaci\u00f3n de Industrias de la Rep\u00fablica Dominicana (AIRD) se mantiene por quinto mes consecutivo sobre la barrera de los 50.0 a pesar de presentar una disminuci\u00f3n en el mes de marzo del presente a\u00f1o (2024) al pasar de 66.1 (enero 2024) a 60.6 (febrero 2024) y 56.1 en marzo de 2024.<\/p>\n\n\n<div class=\"wp-block-image\">\n<figure class=\"aligncenter size-full is-resized\"><img loading=\"lazy\" decoding=\"async\" width=\"750\" height=\"536\" src=\"https:\/\/elmundodelosnegocios.com.do\/v1\/wp-content\/uploads\/2024\/05\/AIRD.jpg\" alt=\"\" class=\"wp-image-51634\" style=\"width:844px;height:auto\" srcset=\"https:\/\/elmundodelosnegocios.com.do\/v1\/wp-content\/uploads\/2024\/05\/AIRD.jpg 750w, https:\/\/elmundodelosnegocios.com.do\/v1\/wp-content\/uploads\/2024\/05\/AIRD-300x214.jpg 300w\" sizes=\"auto, (max-width: 750px) 100vw, 750px\" \/><\/figure>\n<\/div>\n\n\n<p>El IMAM est\u00e1 compuesto por cinco variables: ventas, producci\u00f3n, empleos, inventarios y tiempos de entrega. Los resultados mayores a 50 corresponden a una mayor actividad con relaci\u00f3n al mes anterior.<\/p>\n\n\n\n<p>Para el mes de marzo, tres variables se mostraron a la baja y dos se muestran al alza.<\/p>\n\n\n\n<p>A la baja se mostraron \u201cvolumen de ventas\u201d al descender de 69.5 en febrero a 54.8 en marzo; \u201cvolumen de producci\u00f3n\u201d al 67.4 en febrero a 58.5 en marzo, as\u00ed como \u201cplazo de entrega de suplidores\u201d que descendi\u00f3 de 54.5 en febrero a 47.1 en marzo. Esta fue la variable con el menor desempe\u00f1o del mes.<\/p>\n\n\n\n<p>Al alza se mostraron las variables \u201cempleo\u201d e \u201cinventario de materias primas\u201d, ambas superaron las barreras de los 50.0. \u201cEmpleo\u201d pas\u00f3 de 43.1 en febrero a 55.8 en marzo, mientras que \u201cinventario de materias primas\u201d pas\u00f3 de 37.3 en febrero a 53.5 en marzo.<\/p>\n\n\n\n<p>El IMAM es una adecuaci\u00f3n del \u00cdndice de los Gerentes de Compras, (PMI por sus siglas en ingl\u00e9s) a la realidad del sector manufacturero dominicano, constituyendo un retrato de la actividad manufacturera de un mes con relaci\u00f3n al anterior, de modo r\u00e1pido y sencillo. Est\u00e1 est\u00e1 compuesto por cinco variables: ventas, producci\u00f3n, empleos, inventarios y tiempos de entrega.<\/p>\n\n\n\n<p>En t\u00e9rminos de tendencia, se precisa que en los \u00faltimos cinco meses el IMAM tuvo resultados por encima de 44, como muestra el Cuadro No. 1, manteniendo una actividad positiva constante para el presente a\u00f1o. Es relevante si se toma en cuenta que el comportamiento del IMAM es la reacci\u00f3n de un mes con relaci\u00f3n al anterior (de julio a octubre de 2023 la tendencia del indicador fue a la baja).<\/p>\n\n\n\n<p><strong>Sobre el IMAM<\/strong><\/p>\n\n\n\n<p>Debido a la posibilidad de realizar las encuestas y recibir sus respuestas de forma r\u00e1pida,&nbsp;este indicador permite obtener informaciones de tendencias econ\u00f3micas previo a la publicaci\u00f3n de estad\u00edsticas oficiales y sirve de referencia para los propios economistas, hacedores de opini\u00f3n y tomadores de decisiones, prev\u00e9 las tendencias de la marcha econ\u00f3mica y posibilita tomar medidas en la direcci\u00f3n conveniente.<\/p>\n\n\n\n<p>El \u00edndice se construye a trav\u00e9s&nbsp;de encuestas mensuales realizadas a los directores generales y\/o gerentes de compras de las empresas asociadas a la AIRD. Los datos son recopilados los primeros 20 d\u00edas del mes siguiente a trav\u00e9s de encuestas online.<\/p>\n","protected":false},"excerpt":{"rendered":"<p>Santo Domingo. El \u00cdndice Mensual de Actividad Manufacturera (IMAM) de la Asociaci\u00f3n de Industrias de la Rep\u00fablica Dominicana (AIRD) se mantiene por quinto mes consecutivo sobre la barrera de los&hellip; <\/p>\n","protected":false},"author":2,"featured_media":51636,"comment_status":"closed","ping_status":"closed","sticky":false,"template":"","format":"standard","meta":{"fifu_image_url":"https:\/\/elmundodelosnegocios.com.do\/v1\/wp-content\/uploads\/2024\/05\/AIRD.jpg","fifu_image_alt":"","footnotes":""},"categories":[154],"tags":[],"class_list":["post-51633","post","type-post","status-publish","format-standard","has-post-thumbnail","hentry","category-industria"],"_links":{"self":[{"href":"https:\/\/elmundodelosnegocios.com.do\/v1\/wp-json\/wp\/v2\/posts\/51633","targetHints":{"allow":["GET"]}}],"collection":[{"href":"https:\/\/elmundodelosnegocios.com.do\/v1\/wp-json\/wp\/v2\/posts"}],"about":[{"href":"https:\/\/elmundodelosnegocios.com.do\/v1\/wp-json\/wp\/v2\/types\/post"}],"author":[{"embeddable":true,"href":"https:\/\/elmundodelosnegocios.com.do\/v1\/wp-json\/wp\/v2\/users\/2"}],"replies":[{"embeddable":true,"href":"https:\/\/elmundodelosnegocios.com.do\/v1\/wp-json\/wp\/v2\/comments?post=51633"}],"version-history":[{"count":1,"href":"https:\/\/elmundodelosnegocios.com.do\/v1\/wp-json\/wp\/v2\/posts\/51633\/revisions"}],"predecessor-version":[{"id":51635,"href":"https:\/\/elmundodelosnegocios.com.do\/v1\/wp-json\/wp\/v2\/posts\/51633\/revisions\/51635"}],"wp:featuredmedia":[{"embeddable":true,"href":"https:\/\/elmundodelosnegocios.com.do\/v1\/wp-json\/wp\/v2\/media\/51636"}],"wp:attachment":[{"href":"https:\/\/elmundodelosnegocios.com.do\/v1\/wp-json\/wp\/v2\/media?parent=51633"}],"wp:term":[{"taxonomy":"category","embeddable":true,"href":"https:\/\/elmundodelosnegocios.com.do\/v1\/wp-json\/wp\/v2\/categories?post=51633"},{"taxonomy":"post_tag","embeddable":true,"href":"https:\/\/elmundodelosnegocios.com.do\/v1\/wp-json\/wp\/v2\/tags?post=51633"}],"curies":[{"name":"wp","href":"https:\/\/api.w.org\/{rel}","templated":true}]}}