{"id":51649,"date":"2024-05-05T12:33:38","date_gmt":"2024-05-05T17:03:38","guid":{"rendered":"https:\/\/elmundodelosnegocios.com.do\/v1\/?p=51649"},"modified":"2024-05-06T09:59:33","modified_gmt":"2024-05-06T14:29:33","slug":"lanzan-centro-de-emprendimiento-icc-para-promover-el-comercio-internacional-de-las-pyme","status":"publish","type":"post","link":"https:\/\/elmundodelosnegocios.com.do\/v1\/lanzan-centro-de-emprendimiento-icc-para-promover-el-comercio-internacional-de-las-pyme\/","title":{"rendered":"Lanzan Centro de Emprendimiento ICC promover comercio internacional PYMES"},"content":{"rendered":"\n<p><strong>Santo Domingo. \u2013<\/strong>&nbsp;Con la presencia de la vicepresidenta Raquel Pe\u00f1a, fue lanzado el Centro de Emprendimiento ICC en Rep\u00fablica Dominicana, el cual tiene como objetivo promover las peque\u00f1as y medianas empresas (PYME) a nivel internacional.<\/p>\n\n\n<div class=\"wp-block-image\">\n<figure class=\"aligncenter size-large is-resized\"><img decoding=\"async\" src=\"https:\/\/www.dominicanoahora.com\/wp-content\/uploads\/2024\/05\/Camara-de-Comercio-ICC.jpg\" alt=\"\" style=\"width:839px;height:auto\"\/><\/figure>\n<\/div>\n\n\n<p>Durante la ceremonia, el ministro de Industria, y MiPymes, V\u00edctor -Ito- Bison\u00f3, asegur\u00f3 que, mediante el est\u00edmulo a las MIPYMES, el Gobierno persigue fortalecer la econom\u00eda nacional y facilitar la inserci\u00f3n de emprendimientos locales en el \u00e1mbito global.<\/p>\n\n\n\n<p>Al participar en el lanzamiento del Centro de Emprendimiento ICC en la Rep\u00fablica Dominicana, hecho por la C\u00e1mara de Comercio de Santo Domingo (CCPSD) y la International Chamber of Commerce (ICC), el titular del MICM aprovech\u00f3 este escenario para anunciar que este lunes 6 de mayo ser\u00e1 lanzado el proyecto \u00abAct\u00edvate a Emprender\u00bb.<\/p>\n\n\n<div class=\"wp-block-image\">\n<figure class=\"aligncenter\"><img decoding=\"async\" src=\"https:\/\/micm.gob.do\/wp-content\/uploads\/2024\/05\/Lanzan-Centro-de-Emprendimiento-ICC-para-promover-el-comercio-internacional-02.jpeg\" alt=\"\" class=\"wp-image-33960\"\/><\/figure>\n<\/div>\n\n\n<p>\u201cIniciativa con la que buscamos empoderar a nuestros ciudadanos, brind\u00e1ndoles las herramientas necesarias para alcanzar el \u00e9xito en el \u00e1mbito laboral y empresarial\u201d, afirm\u00f3 el funcionario.<\/p>\n\n\n\n<p>El Centro de Emprendimiento de la ICC colabora estrechamente con c\u00e1maras de comercio alrededor del mundo para que estas ampl\u00eden su red y puedan ofrecer capacitaciones globales, tutor\u00eda virtual y coaching, con el objetivo de inspirar a futuros empresarios, digitalizar PYMES; contribuyendo a mejorar su competitividad global.<\/p>\n\n\n\n<p>Este Centro, representa el decimoquinto que se coloca a nivel internacional por parte de la ICC.<\/p>\n\n\n<div class=\"wp-block-image\">\n<figure class=\"aligncenter\"><img decoding=\"async\" src=\"https:\/\/micm.gob.do\/wp-content\/uploads\/2024\/05\/Lanzan-Centro-de-Emprendimiento-ICC-para-promover-el-comercio-internacional-03.jpeg\" alt=\"\" class=\"wp-image-33961\"\/><\/figure>\n<\/div>\n\n\n<p>El acto de presentaci\u00f3n estuvo encabezado por Anyerlene Berg\u00e9s, segunda vicepresidente de la Junta Directiva de la C\u00e1mara de Comercio de Santo Domingo; Antonio Ramos, vicepresidente ejecutivo de la entidad y John W.H. Denton AO, secretario General de la ICC, quienes por separado valoran el alcance de la iniciativa, presente en m\u00e1s de 14 pa\u00edses y cuatro continentes.<\/p>\n\n\n\n<p>A la actividad, adem\u00e1s, de la vicepresidenta Raquel Pe\u00f1a y el ministro de Industria, Comercio y Mipymes, V\u00edctor Ito Bison\u00f3, asistieron el ministro de la Presidencia, Joel A. Santos Echavarr\u00eda y el ministro de Trabajo, Luis Miguel de Camps, entre otros funcionarios.<\/p>\n\n\n\n<p>Anyerlene Berg\u00e9s, segunda vicepresidenta de la CCPSD subray\u00f3 la importancia de las PYMES en la econom\u00eda de la Rep\u00fablica Dominicana, especialmente en sectores claves como el turismo y los servicios.<\/p>\n\n\n\n<p>Expres\u00f3 que, mediante iniciativas como el Centro de Emprendimiento, se pondr\u00e1n en marcha programas espec\u00edficos a respaldar su expansi\u00f3n internacional, permiti\u00e9ndoles sus fuentes de ingresos y capitalizar nuevas oportunidades de negocio.<\/p>\n\n\n\n<p>Berg\u00e9s se\u00f1al\u00f3 que el objetivo es proporcionarles las herramientas necesarias para que puedan hacerles frente a los desaf\u00edos de acceder a otros mercados y aumentar su productividad.<\/p>\n\n\n\n<p>El vicepresidente ejecutivo de la C\u00e1mara de Comercio, Antonio Ramos, dijo que: \u201ccon esta alianza estrat\u00e9gica con la ICC, la C\u00e1mara de Comercio no solo establecer\u00e1 una red de oportunidades de profesionalizaci\u00f3n y crecimiento, sino que tambi\u00e9n fortalecer\u00e1 su capacidad para brindar apoyo integral a las empresas dominicanas, facilitando su acceso a conocimientos y conexiones para el comercio internacional\u201d.<\/p>\n\n\n\n<p>Hizo menci\u00f3n del programa One Clic, un repositorio estructurado de f\u00e1cil acceso con herramientas que guiaran a las Pymes de manera sistem\u00e1tica a internacionalizarse de manera exitosa.<\/p>\n\n\n\n<p>De su lado, John W.H. Denton AO, dijo que: \u00abNos complace anunciar la expansi\u00f3n de nuestra red del Centro de Emprendimiento de la ICC para incluir ahora a la Rep\u00fablica Dominicana. En colaboraci\u00f3n con la C\u00e1mara de Comercio de Santo Domingo, nuestro objetivo es impulsar una mayor participaci\u00f3n en el mercado global entre las PYMES y allanar el camino para oportunidades de crecimiento.\u00bb<\/p>\n","protected":false},"excerpt":{"rendered":"<p>Santo Domingo. \u2013&nbsp;Con la presencia de la vicepresidenta Raquel Pe\u00f1a, fue lanzado el Centro de Emprendimiento ICC en Rep\u00fablica Dominicana, el cual tiene como objetivo promover las peque\u00f1as y medianas&hellip; <\/p>\n","protected":false},"author":2,"featured_media":51651,"comment_status":"closed","ping_status":"closed","sticky":false,"template":"","format":"standard","meta":{"fifu_image_url":"https:\/\/www.dominicanoahora.com\/wp-content\/uploads\/2024\/05\/Camara-de-Comercio-ICC.jpg","fifu_image_alt":"","footnotes":""},"categories":[161],"tags":[],"class_list":["post-51649","post","type-post","status-publish","format-standard","has-post-thumbnail","hentry","category-mipymes"],"_links":{"self":[{"href":"https:\/\/elmundodelosnegocios.com.do\/v1\/wp-json\/wp\/v2\/posts\/51649","targetHints":{"allow":["GET"]}}],"collection":[{"href":"https:\/\/elmundodelosnegocios.com.do\/v1\/wp-json\/wp\/v2\/posts"}],"about":[{"href":"https:\/\/elmundodelosnegocios.com.do\/v1\/wp-json\/wp\/v2\/types\/post"}],"author":[{"embeddable":true,"href":"https:\/\/elmundodelosnegocios.com.do\/v1\/wp-json\/wp\/v2\/users\/2"}],"replies":[{"embeddable":true,"href":"https:\/\/elmundodelosnegocios.com.do\/v1\/wp-json\/wp\/v2\/comments?post=51649"}],"version-history":[{"count":2,"href":"https:\/\/elmundodelosnegocios.com.do\/v1\/wp-json\/wp\/v2\/posts\/51649\/revisions"}],"predecessor-version":[{"id":51709,"href":"https:\/\/elmundodelosnegocios.com.do\/v1\/wp-json\/wp\/v2\/posts\/51649\/revisions\/51709"}],"wp:featuredmedia":[{"embeddable":true,"href":"https:\/\/elmundodelosnegocios.com.do\/v1\/wp-json\/wp\/v2\/media\/51651"}],"wp:attachment":[{"href":"https:\/\/elmundodelosnegocios.com.do\/v1\/wp-json\/wp\/v2\/media?parent=51649"}],"wp:term":[{"taxonomy":"category","embeddable":true,"href":"https:\/\/elmundodelosnegocios.com.do\/v1\/wp-json\/wp\/v2\/categories?post=51649"},{"taxonomy":"post_tag","embeddable":true,"href":"https:\/\/elmundodelosnegocios.com.do\/v1\/wp-json\/wp\/v2\/tags?post=51649"}],"curies":[{"name":"wp","href":"https:\/\/api.w.org\/{rel}","templated":true}]}}