{"id":51660,"date":"2024-05-05T12:58:11","date_gmt":"2024-05-05T17:28:11","guid":{"rendered":"https:\/\/elmundodelosnegocios.com.do\/v1\/?p=51660"},"modified":"2024-05-06T10:02:49","modified_gmt":"2024-05-06T14:32:49","slug":"resalta-director-idac-aportes-simposio-global-oaci-para-aviacion-turismo-y-marca-dominicana","status":"publish","type":"post","link":"https:\/\/elmundodelosnegocios.com.do\/v1\/resalta-director-idac-aportes-simposio-global-oaci-para-aviacion-turismo-y-marca-dominicana\/","title":{"rendered":"Resalta Director IDAC aportes Simposio Global OACI para aviaci\u00f3n, turismo y marca Dominicana"},"content":{"rendered":"\n<p>&nbsp;La celebraci\u00f3n en el pa\u00eds del Simposio Global de Implementaci\u00f3n de la Organizaci\u00f3n de la Aviaci\u00f3n Civil Internacional (OACI) marca un antes y un despu\u00e9s en el sector aeron\u00e1utico de la Rep\u00fablica Dominicana, sobre todo por su impacto en la aviaci\u00f3n civil y en la marca Rep\u00fablica Dominicana como principal destino tur\u00edstico del Caribe.<strong><\/strong><\/p>\n\n\n<div class=\"wp-block-image\">\n<figure class=\"aligncenter size-large\"><img loading=\"lazy\" decoding=\"async\" width=\"1024\" height=\"682\" src=\"https:\/\/elmundodelosnegocios.com.do\/v1\/wp-content\/uploads\/2024\/05\/El-Presidente-del-Consejo-de-la-OACI-Sr.-Salvatore-Sciacchitano-y-el-Sr.-Juan-Carlos-Salazar-Secretario-General-Organizacion-de-Aviacion-Civil-Internacional-reconocen-al-director-general-del-IDAC-p-1024x682.jpg\" alt=\"\" class=\"wp-image-51661\" srcset=\"https:\/\/elmundodelosnegocios.com.do\/v1\/wp-content\/uploads\/2024\/05\/El-Presidente-del-Consejo-de-la-OACI-Sr.-Salvatore-Sciacchitano-y-el-Sr.-Juan-Carlos-Salazar-Secretario-General-Organizacion-de-Aviacion-Civil-Internacional-reconocen-al-director-general-del-IDAC-p-1024x682.jpg 1024w, https:\/\/elmundodelosnegocios.com.do\/v1\/wp-content\/uploads\/2024\/05\/El-Presidente-del-Consejo-de-la-OACI-Sr.-Salvatore-Sciacchitano-y-el-Sr.-Juan-Carlos-Salazar-Secretario-General-Organizacion-de-Aviacion-Civil-Internacional-reconocen-al-director-general-del-IDAC-p-300x200.jpg 300w, https:\/\/elmundodelosnegocios.com.do\/v1\/wp-content\/uploads\/2024\/05\/El-Presidente-del-Consejo-de-la-OACI-Sr.-Salvatore-Sciacchitano-y-el-Sr.-Juan-Carlos-Salazar-Secretario-General-Organizacion-de-Aviacion-Civil-Internacional-reconocen-al-director-general-del-IDAC-p-768x512.jpg 768w, https:\/\/elmundodelosnegocios.com.do\/v1\/wp-content\/uploads\/2024\/05\/El-Presidente-del-Consejo-de-la-OACI-Sr.-Salvatore-Sciacchitano-y-el-Sr.-Juan-Carlos-Salazar-Secretario-General-Organizacion-de-Aviacion-Civil-Internacional-reconocen-al-director-general-del-IDAC-p.jpg 1280w\" sizes=\"auto, (max-width: 1024px) 100vw, 1024px\" \/><\/figure>\n<\/div>\n\n\n<p>As\u00ed lo afirm\u00f3 el director general del Instituto Dominicano de Aviaci\u00f3n Civil (IDAC) H\u00e9ctor Porcella, al pronunciar el discurso de clausura del m\u00e1s importante evento internacional de la OACI, con la participaci\u00f3n de m\u00e1s de 900 delegados procedentes de todo el mundo.<\/p>\n\n\n\n<p>\u00abNos quedamos con un rico caudal de experiencias, aportes&nbsp;y lecciones aprendidas, que sin duda alguna, contribuir\u00e1n a consolidar los avances de estos \u00faltimos a\u00f1os y seguir siendo un&nbsp;referente en toda la Regi\u00f3n\u201d, expuso Porcella ante las principales autoridades de la OACI encabezadas por su presidente Salvatore Sciacchitano y su secretario general Juan Carlos Salazar.<\/p>\n\n\n\n<p>Tras se\u00f1alar que el encuentro super\u00f3 las expectativas creadas cuando hace un a\u00f1o la Rep\u00fablica Dominicana asumi\u00f3 la sede del Simposio, para convertirse en el primer pa\u00eds del Continente Americano en hacerlo. Porcella agradeci\u00f3 el voto de confianza de las autoridades de la OACI y de manera especial al presidente Luis Abinader por avalar la candidatura de Rep\u00fablica Dominicana en la pasada edici\u00f3n de Corea del Sur.<\/p>\n\n\n\n<p>Tambi\u00e9n expres\u00f3 un sentido agradecimiento al ministro de Turismo David Collado, a las instituciones del sector aeron\u00e1utico dominicano y a los aliados del sector privado por el apoyo incondicional a la edici\u00f3n 2024 del Simposio Global.&nbsp; Porcella aprovech\u00f3 sus palabras para felicitar a las autoridades aeron\u00e1uticas de los Emiratos \u00c1rabes Unidos por su elecci\u00f3n para convertirse en la sede de la edici\u00f3n 2025 del importante evento de la aviaci\u00f3n civil internacional.<\/p>\n\n\n\n<p>\u00abEn cuanto a nuestra invitaci\u00f3n a disfrutar de la hospitalidad de nuestro pueblo y de los encantos de nuestras playas, (aunque el clima de estos d\u00edas no nos ha ayudado mucho, espero que su estad\u00eda aqu\u00ed en Punta Cana&nbsp;le haya servido de aperitivo para entusiasmarlos y motivarlos a volver muy pronto al destino tur\u00edstico n\u00famero 1 de la Regi\u00f3n del Caribe\u00bb<\/p>\n\n\n\n<p>\u00abAqu\u00ed los esperamos con el coraz\u00f3n abierto y la alegr\u00eda que siempre ha caracterizado el pueblo dominicano\u00bb subray\u00f3 el director general del IDAC.<\/p>\n\n\n\n<p>En la ceremonia de clausura, el director general del IDAC recibi\u00f3 un reconocimiento de manos del presidente y el secretario general de la OACI por su efectivo liderazgo para hacer posible la exitosa celebraci\u00f3n del Simposio Global en la Rep\u00fablica Dominicana y lograr la integraci\u00f3n de los principales sectores nacionales vinculados a la aviaci\u00f3n civil y a la industria de la hospitalidad.<\/p>\n","protected":false},"excerpt":{"rendered":"<p>&nbsp;La celebraci\u00f3n en el pa\u00eds del Simposio Global de Implementaci\u00f3n de la Organizaci\u00f3n de la Aviaci\u00f3n Civil Internacional (OACI) marca un antes y un despu\u00e9s en el sector aeron\u00e1utico de&hellip; <\/p>\n","protected":false},"author":2,"featured_media":51663,"comment_status":"closed","ping_status":"closed","sticky":false,"template":"","format":"standard","meta":{"fifu_image_url":"https:\/\/elmundodelosnegocios.com.do\/v1\/wp-content\/uploads\/2024\/05\/El-Presidente-del-Consejo-de-la-OACI-Sr.-Salvatore-Sciacchitano-y-el-Sr.-Juan-Carlos-Salazar-Secretario-General-Organizacion-de-Aviacion-Civil-Internacional-reconocen-al-director-general-del-IDAC-p-1024x682.jpg","fifu_image_alt":"","footnotes":""},"categories":[169],"tags":[],"class_list":["post-51660","post","type-post","status-publish","format-standard","has-post-thumbnail","hentry","category-transporte-internacional"],"_links":{"self":[{"href":"https:\/\/elmundodelosnegocios.com.do\/v1\/wp-json\/wp\/v2\/posts\/51660","targetHints":{"allow":["GET"]}}],"collection":[{"href":"https:\/\/elmundodelosnegocios.com.do\/v1\/wp-json\/wp\/v2\/posts"}],"about":[{"href":"https:\/\/elmundodelosnegocios.com.do\/v1\/wp-json\/wp\/v2\/types\/post"}],"author":[{"embeddable":true,"href":"https:\/\/elmundodelosnegocios.com.do\/v1\/wp-json\/wp\/v2\/users\/2"}],"replies":[{"embeddable":true,"href":"https:\/\/elmundodelosnegocios.com.do\/v1\/wp-json\/wp\/v2\/comments?post=51660"}],"version-history":[{"count":1,"href":"https:\/\/elmundodelosnegocios.com.do\/v1\/wp-json\/wp\/v2\/posts\/51660\/revisions"}],"predecessor-version":[{"id":51662,"href":"https:\/\/elmundodelosnegocios.com.do\/v1\/wp-json\/wp\/v2\/posts\/51660\/revisions\/51662"}],"wp:featuredmedia":[{"embeddable":true,"href":"https:\/\/elmundodelosnegocios.com.do\/v1\/wp-json\/wp\/v2\/media\/51663"}],"wp:attachment":[{"href":"https:\/\/elmundodelosnegocios.com.do\/v1\/wp-json\/wp\/v2\/media?parent=51660"}],"wp:term":[{"taxonomy":"category","embeddable":true,"href":"https:\/\/elmundodelosnegocios.com.do\/v1\/wp-json\/wp\/v2\/categories?post=51660"},{"taxonomy":"post_tag","embeddable":true,"href":"https:\/\/elmundodelosnegocios.com.do\/v1\/wp-json\/wp\/v2\/tags?post=51660"}],"curies":[{"name":"wp","href":"https:\/\/api.w.org\/{rel}","templated":true}]}}