{"id":51713,"date":"2024-05-06T20:00:42","date_gmt":"2024-05-07T00:30:42","guid":{"rendered":"https:\/\/elmundodelosnegocios.com.do\/v1\/?p=51713"},"modified":"2024-05-06T20:00:43","modified_gmt":"2024-05-07T00:30:43","slug":"presidenta-copardom-destaca-acuerdo-tripartito-para-programa-trabajo-decente","status":"publish","type":"post","link":"https:\/\/elmundodelosnegocios.com.do\/v1\/presidenta-copardom-destaca-acuerdo-tripartito-para-programa-trabajo-decente\/","title":{"rendered":"Presidenta Copardom destaca acuerdo tripartito para Programa Trabajo Decente"},"content":{"rendered":"\n<p><strong>Santo Domingo, R. D.&nbsp;<\/strong>Lunes 6 de mayo 2024.<strong>&#8211;&nbsp;<\/strong>&nbsp;La presidente de la Confederaci\u00f3n Patronal de la Rep\u00fablica Dominicana (Copardom), Laura Pe\u00f1a Izquierdo, dijo que en coyunturas como la actual, en el que el pa\u00eds tiene crecimiento econ\u00f3mico y, al mismo tiempo, campa\u00f1as en contra que da\u00f1an su imagen en aspectos migratorios, el Programa Nacional Trabajo Decente debe ser un instrumento de fortalecimiento institucional.<\/p>\n\n\n<div class=\"wp-block-image\">\n<figure class=\"aligncenter size-large\"><img loading=\"lazy\" decoding=\"async\" width=\"1024\" height=\"682\" src=\"https:\/\/elmundodelosnegocios.com.do\/v1\/wp-content\/uploads\/2024\/05\/Foto-1-La-presidenta-de-Copardom-Laura-Pena-Izquierdo-interviene-en-el-acto-1024x682.jpg\" alt=\"\" class=\"wp-image-51714\" srcset=\"https:\/\/elmundodelosnegocios.com.do\/v1\/wp-content\/uploads\/2024\/05\/Foto-1-La-presidenta-de-Copardom-Laura-Pena-Izquierdo-interviene-en-el-acto-1024x682.jpg 1024w, https:\/\/elmundodelosnegocios.com.do\/v1\/wp-content\/uploads\/2024\/05\/Foto-1-La-presidenta-de-Copardom-Laura-Pena-Izquierdo-interviene-en-el-acto-300x200.jpg 300w, https:\/\/elmundodelosnegocios.com.do\/v1\/wp-content\/uploads\/2024\/05\/Foto-1-La-presidenta-de-Copardom-Laura-Pena-Izquierdo-interviene-en-el-acto-768x512.jpg 768w, https:\/\/elmundodelosnegocios.com.do\/v1\/wp-content\/uploads\/2024\/05\/Foto-1-La-presidenta-de-Copardom-Laura-Pena-Izquierdo-interviene-en-el-acto.jpg 1280w\" sizes=\"auto, (max-width: 1024px) 100vw, 1024px\" \/><\/figure>\n<\/div>\n\n\n<p>Al intervenir en el acto de la firma del memor\u00e1ndum de entendimiento de puesta en marcha del nuevo Programa Nacional de Trabajo Decente, la dirigente empresarial se mostr\u00f3 esperanzada de que este contribuya con la adaptaci\u00f3n de la legislaci\u00f3n a las necesidades del pa\u00eds, fortalezca el tripartismo, la protecci\u00f3n y fomente el empleo formal y las empresas sostenibles.<\/p>\n\n\n\n<p>Pe\u00f1a Izquierdo indic\u00f3 que las prioridades estructuradas en torno a metas definidas y acorde a necesidades nacionales deben aportar inclusi\u00f3n a trabajadores, seguridad jur\u00eddica, entorno favorable para los empleadores y que contribuyan con el crecimiento econ\u00f3mico sostenible fomentando el di\u00e1logo, el respeto mutuo y la igualdad de oportunidades.<\/p>\n\n\n\n<p>Adem\u00e1s, la no discriminaci\u00f3n, la buena gobernanza, la pol\u00edtica macroecon\u00f3mica adecuada, el entorno jur\u00eddico y reglamentario propicio, el estado de derecho, garant\u00eda de propiedad, la libre empresa, y por supuesto, la educaci\u00f3n y la formaci\u00f3n.<\/p>\n\n\n\n<p>\u201cEn una oportunidad la Copardom expres\u00f3 al director general de la Organizaci\u00f3n Internacional del Trabajo (OIT) su decisi\u00f3n de adherirse a la Coalici\u00f3n Mundial por la Justicia Social que procura superar retos a trav\u00e9s del di\u00e1logo social, y en ese orden este Programa Nacional de Trabajo Decente es un valioso instrumento que permitir\u00e1 exhibir logros a nivel internacional, en materia de empleo, equidad, sostenibilidad e institucionalidad\u201d, se\u00f1al\u00f3.<\/p>\n\n\n\n<p>Pe\u00f1a Izquierdo precis\u00f3 que las empresas crean riqueza, empleo y desarrollo sobre todo en pa\u00edses en desarrollo, y que es el sector privado el que contribuye directamente con el crecimiento incluyente, el bienestar, la reducci\u00f3n de la pobreza y que desde hace tiempo tiene la responsabilidad de impactar el cambio clim\u00e1tico y la sostenibilidad ambiental.<\/p>\n\n\n\n<p>Destac\u00f3 que las responsabilidades de las compa\u00f1\u00edas, obligan a la transformaci\u00f3n de las unidades productivas privadas a empresas sostenibles, en las cuales combinan el potencial empresarial con la creaci\u00f3n de empleos productivos y decentes.<\/p>\n\n\n\n<p>Adem\u00e1s de la presidenta de la Copardom, el acuerdo de memor\u00e1ndum fue firmado por el ministro de Trabajo, Luis Miguel De Camps y en representaci\u00f3n de los sindicatos de trabajadores Gabriel del Rio, Santos S\u00e1nchez y Eulogia Familia.<\/p>\n\n\n\n<p>El acto cont\u00f3 con la asistencia de Juan Hunt, director de la Oficina Internacional del Trabajo, con sede en San Jos\u00e9; Gabriel del R\u00edo, Rafael Pepe Abreu y Jacobo Ramos, representantes de las organizaciones de trabajadores; funcionarios y representantes de organizaciones de empleadores y de la OIT.<\/p>\n","protected":false},"excerpt":{"rendered":"<p>Santo Domingo, R. D.&nbsp;Lunes 6 de mayo 2024.&#8211;&nbsp;&nbsp;La presidente de la Confederaci\u00f3n Patronal de la Rep\u00fablica Dominicana (Copardom), Laura Pe\u00f1a Izquierdo, dijo que en coyunturas como la actual, en el&hellip; <\/p>\n","protected":false},"author":2,"featured_media":51716,"comment_status":"closed","ping_status":"closed","sticky":false,"template":"","format":"standard","meta":{"fifu_image_url":"https:\/\/elmundodelosnegocios.com.do\/v1\/wp-content\/uploads\/2024\/05\/Foto-1-La-presidenta-de-Copardom-Laura-Pena-Izquierdo-interviene-en-el-acto-1024x682.jpg","fifu_image_alt":"","footnotes":""},"categories":[62],"tags":[],"class_list":["post-51713","post","type-post","status-publish","format-standard","has-post-thumbnail","hentry","category-economia"],"_links":{"self":[{"href":"https:\/\/elmundodelosnegocios.com.do\/v1\/wp-json\/wp\/v2\/posts\/51713","targetHints":{"allow":["GET"]}}],"collection":[{"href":"https:\/\/elmundodelosnegocios.com.do\/v1\/wp-json\/wp\/v2\/posts"}],"about":[{"href":"https:\/\/elmundodelosnegocios.com.do\/v1\/wp-json\/wp\/v2\/types\/post"}],"author":[{"embeddable":true,"href":"https:\/\/elmundodelosnegocios.com.do\/v1\/wp-json\/wp\/v2\/users\/2"}],"replies":[{"embeddable":true,"href":"https:\/\/elmundodelosnegocios.com.do\/v1\/wp-json\/wp\/v2\/comments?post=51713"}],"version-history":[{"count":1,"href":"https:\/\/elmundodelosnegocios.com.do\/v1\/wp-json\/wp\/v2\/posts\/51713\/revisions"}],"predecessor-version":[{"id":51715,"href":"https:\/\/elmundodelosnegocios.com.do\/v1\/wp-json\/wp\/v2\/posts\/51713\/revisions\/51715"}],"wp:featuredmedia":[{"embeddable":true,"href":"https:\/\/elmundodelosnegocios.com.do\/v1\/wp-json\/wp\/v2\/media\/51716"}],"wp:attachment":[{"href":"https:\/\/elmundodelosnegocios.com.do\/v1\/wp-json\/wp\/v2\/media?parent=51713"}],"wp:term":[{"taxonomy":"category","embeddable":true,"href":"https:\/\/elmundodelosnegocios.com.do\/v1\/wp-json\/wp\/v2\/categories?post=51713"},{"taxonomy":"post_tag","embeddable":true,"href":"https:\/\/elmundodelosnegocios.com.do\/v1\/wp-json\/wp\/v2\/tags?post=51713"}],"curies":[{"name":"wp","href":"https:\/\/api.w.org\/{rel}","templated":true}]}}