{"id":51744,"date":"2024-05-07T09:02:05","date_gmt":"2024-05-07T13:32:05","guid":{"rendered":"https:\/\/elmundodelosnegocios.com.do\/v1\/?p=51744"},"modified":"2024-05-07T09:02:05","modified_gmt":"2024-05-07T13:32:05","slug":"otorgan-empresaria-dominicana-pena-premio-the-latina-pro","status":"publish","type":"post","link":"https:\/\/elmundodelosnegocios.com.do\/v1\/otorgan-empresaria-dominicana-pena-premio-the-latina-pro\/","title":{"rendered":"Otorgan empresaria dominicana\u00a0 Pe\u00f1a premio The Latina Pro"},"content":{"rendered":"\n<p>Miami, Florida, mayo 2024.- La empresaria y arquitecta Yermys Pe\u00f1a recibi\u00f3 el premio The Latina Pro, otorgado por la organizaci\u00f3n del mismo nombre, en el marco del evento \u201cVestidito Rojo\u201d, que se lleva a cabo anualmente en el exclusivo Rusty Pelican, Florida.<\/p>\n\n\n<div class=\"wp-block-image\">\n<figure class=\"aligncenter size-large\"><img loading=\"lazy\" decoding=\"async\" width=\"1024\" height=\"576\" src=\"https:\/\/elmundodelosnegocios.com.do\/v1\/wp-content\/uploads\/2024\/05\/002-2-1-1024x576.jpg\" alt=\"\" class=\"wp-image-51745\" srcset=\"https:\/\/elmundodelosnegocios.com.do\/v1\/wp-content\/uploads\/2024\/05\/002-2-1-1024x576.jpg 1024w, https:\/\/elmundodelosnegocios.com.do\/v1\/wp-content\/uploads\/2024\/05\/002-2-1-300x169.jpg 300w, https:\/\/elmundodelosnegocios.com.do\/v1\/wp-content\/uploads\/2024\/05\/002-2-1-768x432.jpg 768w, https:\/\/elmundodelosnegocios.com.do\/v1\/wp-content\/uploads\/2024\/05\/002-2-1-1536x864.jpg 1536w, https:\/\/elmundodelosnegocios.com.do\/v1\/wp-content\/uploads\/2024\/05\/002-2-1.jpg 1980w\" sizes=\"auto, (max-width: 1024px) 100vw, 1024px\" \/><\/figure>\n<\/div>\n\n\n<p>Al encuentro acudieron unos 150 empresarias de diferentes industrias. Pe\u00f1a recibi\u00f3 el reconocimiento por la importante labor que realiza como CEO de Studio YP y Construger, firma de construcci\u00f3n que cuenta con m\u00e1s de 60 a\u00f1os de experiencia en Rep\u00fablica Dominicana.<\/p>\n\n\n\n<p>TheLatinaPro\u00ae fue fundada en 2017 en Miami y desde entonces ha organizado numerosos eventos destinados a promover temas educativos y sociales vinculados al mundo del emprendimiento y el tejido empresarial.<\/p>\n\n\n\n<p>La arquitecta Yermys Pe\u00f1a es conocida por ser pionera en novedosos tipos de construcciones y en la utilizaci\u00f3n de nuevos materiales para sus originales fachadas y dise\u00f1os. Actualmente, a trav\u00e9s de Studio YP, realiza proyectos en Punta Cana, Rep\u00fablica Dominicana, Miami y Nueva York.<\/p>\n\n\n\n<p>Es tambi\u00e9n una persona con fuerte influencia en redes sociales, muy reconocida por su labor de divulgaci\u00f3n en temas relacionados con las finanzas y las inversiones en bienes ra\u00edces, facilitando a trav\u00e9s de sus proyectos modelos de compra en planos ideales para obtener alta rentabilidad. Es invitada frecuente en Univision, Despierta Am\u00e9rica, La Mesa Caliente de Telemundo, HOLA! USA, VIX, Imagen Magazine, y colabora en otros medios de comunicaci\u00f3n en Estados Unidos y la Rep\u00fablica Dominicana; ha colaborado con celebridades como Clarissa Molina y Mar\u00eda Celeste Arrar\u00e1s, quienes han confiado en ella para realizar inversiones. Recientemente, han adquirido propiedades en dos de sus proyectos: Paseo Isle\u00f1o y Riviera Coste\u00f1a.<\/p>\n\n\n\n<p>La arquitecta Pe\u00f1a tiene una amplia experiencia en dise\u00f1o sostenible, arquitectura bioclim\u00e1tica y planeaci\u00f3n urbana. Se gradu\u00f3 como arquitecta a los 20 a\u00f1os, pero trabaja en el sector desde los 19. Es reconocida por su esp\u00edritu libre e independiente, creando espacios innovadores, funcionales, sostenibles, arm\u00f3nicos, estables y felices. Es CEO Partner de la Constructora Construger, y fundadora de Studio YP, la primera firma de dise\u00f1o arquitect\u00f3nico en Rep\u00fablica Dominicana. Cre\u00f3, dise\u00f1\u00f3 y construy\u00f3 el primer edificio sostenible con certificaci\u00f3n Leed Gold en Santo Domingo. Ha dise\u00f1ado y construido proyectos como Corporativo Vista 311, Urban Houses, Paseo Isle\u00f1o, Eco 23 Residences, Edificio Residencial BH, Centro de Salud y Formaci\u00f3n NJSD y m\u00e1s. Es columnista de El Nuevo Herald, de Miami; La Opini\u00f3n de LA, El Diario de Nueva York y trece diarios m\u00e1s.<\/p>\n","protected":false},"excerpt":{"rendered":"<p>Miami, Florida, mayo 2024.- La empresaria y arquitecta Yermys Pe\u00f1a recibi\u00f3 el premio The Latina Pro, otorgado por la organizaci\u00f3n del mismo nombre, en el marco del evento \u201cVestidito Rojo\u201d,&hellip; <\/p>\n","protected":false},"author":2,"featured_media":0,"comment_status":"closed","ping_status":"closed","sticky":false,"template":"","format":"standard","meta":{"fifu_image_url":"","fifu_image_alt":"","footnotes":""},"categories":[69],"tags":[],"class_list":["post-51744","post","type-post","status-publish","format-standard","hentry","category-construccion"],"_links":{"self":[{"href":"https:\/\/elmundodelosnegocios.com.do\/v1\/wp-json\/wp\/v2\/posts\/51744","targetHints":{"allow":["GET"]}}],"collection":[{"href":"https:\/\/elmundodelosnegocios.com.do\/v1\/wp-json\/wp\/v2\/posts"}],"about":[{"href":"https:\/\/elmundodelosnegocios.com.do\/v1\/wp-json\/wp\/v2\/types\/post"}],"author":[{"embeddable":true,"href":"https:\/\/elmundodelosnegocios.com.do\/v1\/wp-json\/wp\/v2\/users\/2"}],"replies":[{"embeddable":true,"href":"https:\/\/elmundodelosnegocios.com.do\/v1\/wp-json\/wp\/v2\/comments?post=51744"}],"version-history":[{"count":1,"href":"https:\/\/elmundodelosnegocios.com.do\/v1\/wp-json\/wp\/v2\/posts\/51744\/revisions"}],"predecessor-version":[{"id":51746,"href":"https:\/\/elmundodelosnegocios.com.do\/v1\/wp-json\/wp\/v2\/posts\/51744\/revisions\/51746"}],"wp:attachment":[{"href":"https:\/\/elmundodelosnegocios.com.do\/v1\/wp-json\/wp\/v2\/media?parent=51744"}],"wp:term":[{"taxonomy":"category","embeddable":true,"href":"https:\/\/elmundodelosnegocios.com.do\/v1\/wp-json\/wp\/v2\/categories?post=51744"},{"taxonomy":"post_tag","embeddable":true,"href":"https:\/\/elmundodelosnegocios.com.do\/v1\/wp-json\/wp\/v2\/tags?post=51744"}],"curies":[{"name":"wp","href":"https:\/\/api.w.org\/{rel}","templated":true}]}}