{"id":51795,"date":"2024-05-08T09:56:36","date_gmt":"2024-05-08T14:26:36","guid":{"rendered":"https:\/\/elmundodelosnegocios.com.do\/v1\/?p=51795"},"modified":"2024-05-08T09:56:37","modified_gmt":"2024-05-08T14:26:37","slug":"cumbre-busca-impulsar-crecimiento-economico-y-colaboracion-entre-puerto-rico-y-florida","status":"publish","type":"post","link":"https:\/\/elmundodelosnegocios.com.do\/v1\/cumbre-busca-impulsar-crecimiento-economico-y-colaboracion-entre-puerto-rico-y-florida\/","title":{"rendered":"Cumbre busca Impulsar Crecimiento Econ\u00f3mico y Colaboraci\u00f3n entre Puerto Rico y Florida"},"content":{"rendered":"\n<p><strong>Orlando<\/strong>, Florida. Mayo 8, 2024.- La Cumbre Puertorrique\u00f1a 2024 llega para impulsar y unir a las comunidades empresariales entre Puerto Rico y Florida. El evento tendr\u00e1 lugar del 15 al 17 de mayo en el DoubleTree Hotel at Seaworld, en Orlando.<\/p>\n\n\n<div class=\"wp-block-image\">\n<figure class=\"aligncenter size-large\"><img loading=\"lazy\" decoding=\"async\" width=\"1024\" height=\"539\" src=\"https:\/\/elmundodelosnegocios.com.do\/v1\/wp-content\/uploads\/2024\/05\/1-_YEI0506-Enhanced-NR-2-1024x539.jpg\" alt=\"\" class=\"wp-image-51796\" srcset=\"https:\/\/elmundodelosnegocios.com.do\/v1\/wp-content\/uploads\/2024\/05\/1-_YEI0506-Enhanced-NR-2-1024x539.jpg 1024w, https:\/\/elmundodelosnegocios.com.do\/v1\/wp-content\/uploads\/2024\/05\/1-_YEI0506-Enhanced-NR-2-300x158.jpg 300w, https:\/\/elmundodelosnegocios.com.do\/v1\/wp-content\/uploads\/2024\/05\/1-_YEI0506-Enhanced-NR-2-768x404.jpg 768w, https:\/\/elmundodelosnegocios.com.do\/v1\/wp-content\/uploads\/2024\/05\/1-_YEI0506-Enhanced-NR-2-1536x809.jpg 1536w, https:\/\/elmundodelosnegocios.com.do\/v1\/wp-content\/uploads\/2024\/05\/1-_YEI0506-Enhanced-NR-2.jpg 2000w\" sizes=\"auto, (max-width: 1024px) 100vw, 1024px\" \/><\/figure>\n<\/div>\n\n\n<p>La cumbre se realiza por 13avo. a\u00f1o consecutivo en Orlando, promete fomentar el crecimiento econ\u00f3mico y fortalecer las colaboraciones entre Puerto Rico y Florida, ofreciendo una plataforma \u00fanica para el di\u00e1logo y la acci\u00f3n conjunta.<\/p>\n\n\n\n<figure class=\"wp-block-image\"><img decoding=\"async\" src=\"https:\/\/elmundo-delosnegocios.com\/wp-content\/uploads\/2024\/05\/01-1024x673.jpg\" alt=\"\" class=\"wp-image-41400\"\/><\/figure>\n\n\n\n<p>Durante la conferencia de prensa hoy, en Orlando, Luis DeRosa, director y Miriam Martinez, coordinadora de la Cumbre Puertorrique\u00f1a junto a los panelistas, Marcos Vilar, director de Alianza for Progress y Laudi Campo, directora estatal de Hispanic Federation en Florida, hicieron eco del poder de la unidad y la influencia del voto puertorrique\u00f1o, adem\u00e1s de las oportunidades para las empresas van a encontrar en este evento.<\/p>\n\n\n\n<p>La actividad se inaugurar\u00e1 el mi\u00e9rcoles 15 de mayo con el Foro de Mujeres, un espacio dedicado a discutir y destacar los roles de liderazgo femenino en la sociedad y la econom\u00eda. El jueves 16, se realizar\u00e1 una sesi\u00f3n de networking VIP privado, dise\u00f1ado para fomentar conexiones profesionales entre los participantes.<\/p>\n\n\n\n<p>El viernes 17 de mayo, la agenda est\u00e1 repleta de Paneles Educativos durante todo el d\u00eda. Estos paneles abordar\u00e1n una variedad de temas cr\u00edticos que afectan a nuestras comunidades e incluye el Almuerzo Empresarial. Este almuerzo ser\u00e1 una oportunidad excepcional para que autoridades, oficiales electos y l\u00edderes comunitarios de Florida y Puerto Rico compartan sus visiones y compromisos hacia el progreso y la colaboraci\u00f3n mutua.<\/p>\n\n\n\n<p>Este a\u00f1o, bajo el tema \u201cUna Visi\u00f3n para el Futuro\u201d, la cumbre servir\u00e1 como un catalizador para que las empresas de Florida colaboren en los esfuerzos de reconstrucci\u00f3n y desarrollo de Puerto Rico. Esperamos reunir a l\u00edderes y autoridades notables, incluyendo a Glorymar Rivera, Presidenta y CEO de United Way en Puerto Rico, como oradora principal del almuerzo en el Foro de Mujeres.<\/p>\n\n\n\n<p>Luis DeRosa, director de la Cumbre Puertorrique\u00f1a, afirm\u00f3 que esta actividad es m\u00e1s que un evento; es un compromiso con el progreso y la prosperidad, destinado a forjar y fortalecer los lazos entre las comunidades de Florida y Puerto Rico..<\/p>\n\n\n\n<p>Para registrarse y ver la agenda completa del evento visite,&nbsp;<a href=\"http:\/\/puertoricansummit.com\/\" target=\"_blank\" rel=\"noreferrer noopener\">puertoricansummit.com<\/a><\/p>\n","protected":false},"excerpt":{"rendered":"<p>Orlando, Florida. Mayo 8, 2024.- La Cumbre Puertorrique\u00f1a 2024 llega para impulsar y unir a las comunidades empresariales entre Puerto Rico y Florida. El evento tendr\u00e1 lugar del 15 al&hellip; <\/p>\n","protected":false},"author":2,"featured_media":51798,"comment_status":"closed","ping_status":"closed","sticky":false,"template":"","format":"standard","meta":{"fifu_image_url":"https:\/\/elmundodelosnegocios.com.do\/v1\/wp-content\/uploads\/2024\/05\/1-_YEI0506-Enhanced-NR-2-1024x539.jpg","fifu_image_alt":"","footnotes":""},"categories":[74],"tags":[],"class_list":["post-51795","post","type-post","status-publish","format-standard","has-post-thumbnail","hentry","category-comercio-internacional"],"_links":{"self":[{"href":"https:\/\/elmundodelosnegocios.com.do\/v1\/wp-json\/wp\/v2\/posts\/51795","targetHints":{"allow":["GET"]}}],"collection":[{"href":"https:\/\/elmundodelosnegocios.com.do\/v1\/wp-json\/wp\/v2\/posts"}],"about":[{"href":"https:\/\/elmundodelosnegocios.com.do\/v1\/wp-json\/wp\/v2\/types\/post"}],"author":[{"embeddable":true,"href":"https:\/\/elmundodelosnegocios.com.do\/v1\/wp-json\/wp\/v2\/users\/2"}],"replies":[{"embeddable":true,"href":"https:\/\/elmundodelosnegocios.com.do\/v1\/wp-json\/wp\/v2\/comments?post=51795"}],"version-history":[{"count":1,"href":"https:\/\/elmundodelosnegocios.com.do\/v1\/wp-json\/wp\/v2\/posts\/51795\/revisions"}],"predecessor-version":[{"id":51797,"href":"https:\/\/elmundodelosnegocios.com.do\/v1\/wp-json\/wp\/v2\/posts\/51795\/revisions\/51797"}],"wp:featuredmedia":[{"embeddable":true,"href":"https:\/\/elmundodelosnegocios.com.do\/v1\/wp-json\/wp\/v2\/media\/51798"}],"wp:attachment":[{"href":"https:\/\/elmundodelosnegocios.com.do\/v1\/wp-json\/wp\/v2\/media?parent=51795"}],"wp:term":[{"taxonomy":"category","embeddable":true,"href":"https:\/\/elmundodelosnegocios.com.do\/v1\/wp-json\/wp\/v2\/categories?post=51795"},{"taxonomy":"post_tag","embeddable":true,"href":"https:\/\/elmundodelosnegocios.com.do\/v1\/wp-json\/wp\/v2\/tags?post=51795"}],"curies":[{"name":"wp","href":"https:\/\/api.w.org\/{rel}","templated":true}]}}