{"id":51799,"date":"2024-05-08T10:30:51","date_gmt":"2024-05-08T15:00:51","guid":{"rendered":"https:\/\/elmundodelosnegocios.com.do\/v1\/?p=51799"},"modified":"2024-05-08T10:30:51","modified_gmt":"2024-05-08T15:00:51","slug":"resalto-adompretur-labor-grandes-mujeres-turismo-nacional","status":"publish","type":"post","link":"https:\/\/elmundodelosnegocios.com.do\/v1\/resalto-adompretur-labor-grandes-mujeres-turismo-nacional\/","title":{"rendered":"Resalt\u00f3 Adompretur labor grandes mujeres turismo nacional"},"content":{"rendered":"\n<p><strong>Santo Domingo<\/strong>, R.D. 2024.<strong>&#8211;<\/strong>&nbsp;Por su trayectoria y apoyo al turismo dominicano, valiosas mujeres fueron reconocidas por la Asociaci\u00f3n Dominicana de Prensa Tur\u00edstica (Adompretur), en ocasi\u00f3n de la conmemoraci\u00f3n del 8 de marzo \u00abD\u00eda Internacional de la Mujer\u00bb.<\/p>\n\n\n<div class=\"wp-block-image\">\n<figure class=\"aligncenter size-full\"><img loading=\"lazy\" decoding=\"async\" width=\"1000\" height=\"585\" src=\"https:\/\/elmundodelosnegocios.com.do\/v1\/wp-content\/uploads\/2024\/05\/Mujeres-del-turismo-reconocidas-por-Adompretur.jpg\" alt=\"\" class=\"wp-image-51800\" srcset=\"https:\/\/elmundodelosnegocios.com.do\/v1\/wp-content\/uploads\/2024\/05\/Mujeres-del-turismo-reconocidas-por-Adompretur.jpg 1000w, https:\/\/elmundodelosnegocios.com.do\/v1\/wp-content\/uploads\/2024\/05\/Mujeres-del-turismo-reconocidas-por-Adompretur-300x176.jpg 300w, https:\/\/elmundodelosnegocios.com.do\/v1\/wp-content\/uploads\/2024\/05\/Mujeres-del-turismo-reconocidas-por-Adompretur-768x449.jpg 768w\" sizes=\"auto, (max-width: 1000px) 100vw, 1000px\" \/><\/figure>\n<\/div>\n\n\n<p>Yenny Polanco Lovera, presidente de Adompretur resalt\u00f3 que estas doce dominicanas fueron seleccionadas por la junta directiva por su destacada trayectoria a nivel nacional e internacional, as\u00ed como por la trascendencia del trabajo que desde sus diferentes posiciones han desarrollado en favor de la industria tur\u00edstica.<\/p>\n\n\n\n<p>La lista est\u00e1 encabezada por&nbsp;<strong>M\u00f3nika Infante Henr\u00edquez<\/strong>, directora ejecutiva de Aeropuertos Dominicanos Siglo XXI (Aerodom);&nbsp;<strong>Jacqueline Mora<\/strong>, viceministra T\u00e9cnica de Turismo;&nbsp;<strong>Fabeth Mart\u00ednez<\/strong>, directora ejecutiva de la Asociaci\u00f3n de Hoteles de Santo Domingo (AHSD) y del Cl\u00faster Tur\u00edstico de Santo Domingo (CTSD);&nbsp;<strong>Amelia Reyes Mora<\/strong>, presidenta de AF Comunicaci\u00f3n Estrat\u00e9gica y vicepresidenta de la Asociaci\u00f3n Dominicana de Turismo de Salud (ADTS);&nbsp;<strong>Cesarina Beauchamp<\/strong>, directora Comercial de Sky High Dominicana;&nbsp;<strong>Hayd\u00e9e Kuret<\/strong>, fundadora del Grupo PuntaCana.<\/p>\n\n\n\n<p>Adompretur tambi\u00e9n reconoce a&nbsp;<strong>Sabrina Brugal<\/strong>, presidente y productora general del programa Sabrina en Fin de Semana, el cual tiene 34 a\u00f1os de trasmisi\u00f3n ininterrumpida;<strong>&nbsp;Raysa F\u00e9liz,<\/strong>&nbsp;gerente de Relaciones Institucionales y Comunicaci\u00f3n en Lopesan Costa B\u00e1varo Resort, Spa y Casino;&nbsp;<strong>Magaly Toribio<\/strong>, asesora de Marketing, quien ha implementado&nbsp;exitosas estrategias de promoci\u00f3n tur\u00edstica del destino dominicano en los mercados internacionales;&nbsp;<strong>Maribel Pichardo<\/strong>, directora de la Escuela T\u00e9cnica Hotelera Serran\u00eda en Jarabacoa;&nbsp;<strong>Mileyka Brugal,&nbsp;<\/strong>directora de Mercadeo &amp; Ventas Hotel Blue JackTar y presidente de la Junta Directiva C\u00e1mara de Comercio Puerto Plata; y&nbsp;<strong>Ana Garc\u00eda- Sotoca Pascual,<\/strong>&nbsp;directora Ejecutiva en Asociaci\u00f3n de Hoteles La Romana &#8211; Bayah\u00edbe.<\/p>\n\n\n\n<p>\u201cPara la junta directiva 2023-2025 es un gran honor presentar en nuestras plataformas&nbsp;<a href=\"mailto:sonrie210@yahoo.es\" target=\"_blank\" rel=\"noreferrer noopener\">@<\/a>adompretur\/&nbsp;www.<a href=\"http:\/\/adompreutur.com\/\" target=\"_blank\" rel=\"noreferrer noopener\">adompreutur.com<\/a>&nbsp;esta selecci\u00f3n tan especial de mujeres que d\u00eda tras d\u00eda -desde sus diferentes espacios-, aportan al desarrollo y dinamismo de la principal industria de Rep\u00fablica Dominicana, el turismo\u201d, afirm\u00f3 Polanco Lovera.<\/p>\n\n\n\n<p>Destac\u00f3 que \u201cAdompretur felicita a estas grandes mujeres, no solo por el trabajo que cada d\u00eda realizan, sino tambi\u00e9n porque han sabido romper con esos estereotipos que llevamos las mujeres en todas las \u00e1reas profesionales\u201d.<\/p>\n\n\n\n<p>Asimismo, indic\u00f3 que \u201ccon esta merecida distinci\u00f3n valoramos sus trayectorias de \u00e9xitos y el hecho de que por sus aportes son un gran ejemplo a seguir para las presentes y futuras generaciones de dominicanos que seguir\u00e1n sus pasos en el turismo\u201d.<\/p>\n","protected":false},"excerpt":{"rendered":"<p>Santo Domingo, R.D. 2024.&#8211;&nbsp;Por su trayectoria y apoyo al turismo dominicano, valiosas mujeres fueron reconocidas por la Asociaci\u00f3n Dominicana de Prensa Tur\u00edstica (Adompretur), en ocasi\u00f3n de la conmemoraci\u00f3n del 8&hellip; <\/p>\n","protected":false},"author":2,"featured_media":51802,"comment_status":"closed","ping_status":"closed","sticky":false,"template":"","format":"standard","meta":{"fifu_image_url":"https:\/\/elmundodelosnegocios.com.do\/v1\/wp-content\/uploads\/2024\/05\/Mujeres-del-turismo-reconocidas-por-Adompretur.jpg","fifu_image_alt":"","footnotes":""},"categories":[172],"tags":[],"class_list":["post-51799","post","type-post","status-publish","format-standard","has-post-thumbnail","hentry","category-turismo"],"_links":{"self":[{"href":"https:\/\/elmundodelosnegocios.com.do\/v1\/wp-json\/wp\/v2\/posts\/51799","targetHints":{"allow":["GET"]}}],"collection":[{"href":"https:\/\/elmundodelosnegocios.com.do\/v1\/wp-json\/wp\/v2\/posts"}],"about":[{"href":"https:\/\/elmundodelosnegocios.com.do\/v1\/wp-json\/wp\/v2\/types\/post"}],"author":[{"embeddable":true,"href":"https:\/\/elmundodelosnegocios.com.do\/v1\/wp-json\/wp\/v2\/users\/2"}],"replies":[{"embeddable":true,"href":"https:\/\/elmundodelosnegocios.com.do\/v1\/wp-json\/wp\/v2\/comments?post=51799"}],"version-history":[{"count":1,"href":"https:\/\/elmundodelosnegocios.com.do\/v1\/wp-json\/wp\/v2\/posts\/51799\/revisions"}],"predecessor-version":[{"id":51801,"href":"https:\/\/elmundodelosnegocios.com.do\/v1\/wp-json\/wp\/v2\/posts\/51799\/revisions\/51801"}],"wp:featuredmedia":[{"embeddable":true,"href":"https:\/\/elmundodelosnegocios.com.do\/v1\/wp-json\/wp\/v2\/media\/51802"}],"wp:attachment":[{"href":"https:\/\/elmundodelosnegocios.com.do\/v1\/wp-json\/wp\/v2\/media?parent=51799"}],"wp:term":[{"taxonomy":"category","embeddable":true,"href":"https:\/\/elmundodelosnegocios.com.do\/v1\/wp-json\/wp\/v2\/categories?post=51799"},{"taxonomy":"post_tag","embeddable":true,"href":"https:\/\/elmundodelosnegocios.com.do\/v1\/wp-json\/wp\/v2\/tags?post=51799"}],"curies":[{"name":"wp","href":"https:\/\/api.w.org\/{rel}","templated":true}]}}