{"id":51803,"date":"2024-05-09T03:01:52","date_gmt":"2024-05-09T07:31:52","guid":{"rendered":"http:\/\/elmundodelosnegocios.com.do\/v1\/index.php\/2024\/05\/09\/la-fundacion-cardano-nombra-como-director-de-tecnologia-a-giorgio-zinetti\/"},"modified":"2024-05-09T03:01:52","modified_gmt":"2024-05-09T07:31:52","slug":"la-fundacion-cardano-nombra-como-director-de-tecnologia-a-giorgio-zinetti","status":"publish","type":"post","link":"https:\/\/elmundodelosnegocios.com.do\/v1\/la-fundacion-cardano-nombra-como-director-de-tecnologia-a-giorgio-zinetti\/","title":{"rendered":"La Fundaci\u00f3n Cardano nombra como director de tecnolog\u00eda a Giorgio Zinetti"},"content":{"rendered":"<p>ZUG, Suiza&#8211;(BUSINESS WIRE)&#8211;La Fundaci\u00f3n Cardano, una organizaci\u00f3n sin fines de lucro con sede en Suiza encargada de impulsar Cardano como una infraestructura digital p\u00fablica en una amplia gama de industrias, anunciado el nombramiento de Giorgio Zinetti como su director de tecnolog\u00eda (CTO). En este puesto, dirigir\u00e1 la esfera t\u00e9cnica de la Fundaci\u00f3n, desempe\u00f1ando un papel clave en la ampliaci\u00f3n de la creciente cartera de proyectos y productos de la Fundaci\u00f3n Cardano, adem\u00e1s de potenciar al m\u00e1ximo el modelo de c\u00f3digo abierto para ofrecer la pr\u00f3xima generaci\u00f3n de tecnolog\u00eda \u201cblockchain\u201d empresarial.<br \/>\nEn referencia al nombramiento, Frederik Gregaard, director ejecutivo de la Fundaci\u00f3n Cardano, declar\u00f3: \u00abLa incorporaci\u00f3n de Giorgio al equipo ejecutivo como nuestro primer CTO es un hito importante para la Fundaci\u00f3n que marca nuestro compromiso con la excelencia t\u00e9cnica. Su experiencia y conocimientos nos ayudar\u00e1n a llevar adelante nuestra misi\u00f3n de aumentar la adopci\u00f3n de soluciones \u2018blockchain\u2019 que puedan tanto mejorar la naturaleza de la confianza como ser la base de nuevas aplicaciones, industrias y econom\u00edas\u00bb.<br \/>\nCon este nombramiento, Zinetti aprovechar\u00e1 su dilatada experiencia como cofundador y director de tecnolog\u00eda de Procivis AG, proveedor de tecnolog\u00eda de identidad digital para administraciones p\u00fablicas y empresas, y como ingeniero de software en el banco de inversi\u00f3n multinacional UBS. Adem\u00e1s de tener un m\u00e1ster en Inform\u00e1tica, ha acumulado una enorme experiencia en la creaci\u00f3n de soluciones tecnol\u00f3gicas desde cero, navegando por un amplio espectro de organizaciones, incluidos clientes gubernamentales, instituciones financieras, grandes corporaciones y empresas emergentes \u00e1giles en la intersecci\u00f3n de los negocios y la tecnolog\u00eda. A lo largo de su carrera, Zinetti ha desempe\u00f1ado un papel decisivo en la direcci\u00f3n de equipos en distintas zonas geogr\u00e1ficas, siguiendo las mejores pr\u00e1cticas din\u00e1micas y respetando las normas de arquitectura empresarial.<br \/>\nRefiri\u00e9ndose a su nuevo papel como CTO de la Fundaci\u00f3n Cardano, Zinetti coment\u00f3: \u00abEl trabajo innovador e importante de la Fundaci\u00f3n Cardano est\u00e1 ayudando a impulsar una de las tecnolog\u00edas m\u00e1s apasionantes del mundo. Como CTO de la Fundaci\u00f3n, ser\u00e1 un honor continuar el gran trabajo de mejorar la resistencia operativa de la \u2018blockchain\u2019 Cardano, asegurando que podamos mantenernos a la vanguardia del avance tecnol\u00f3gico en medio de un entorno global fuertemente competitivo\u00bb.<br \/>\nPara obtener m\u00e1s informaci\u00f3n, visite https:\/\/cardanofoundation.org\/<br \/>\nFrederik Gregaard, director ejecutivo, y Giorgio Zinetti, director de tecnolog\u00eda, se encuentran a disposici\u00f3n para cualquier comentario.<br \/>\nAcerca de la Fundaci\u00f3n Cardano<br \/>\nLa Fundaci\u00f3n Cardano es una organizaci\u00f3n independiente sin fines de lucro, con sede en Suiza, encargada de promover Cardano como infraestructura digital p\u00fablica en una amplia gama de sectores. La Fundaci\u00f3n trabaja para que Cardano se convierta en una utilidad imprescindible para los sistemas financieros y sociales, capacitando as\u00ed a los arquitectos digitales del futuro. Tambi\u00e9n desarrolla herramientas de infraestructura, incluso cuando puede no haber un caso de uso comercial inmediato, fortalece la resistencia operativa e impulsa la diversidad de casos de uso en la infraestructura, as\u00ed como el desarrollo de un gobierno s\u00f3lido y representativo.<br \/>\nEl texto original en el idioma fuente de este comunicado es la versi\u00f3n oficial autorizada. Las traducciones solo se suministran como adaptaci\u00f3n y deben cotejarse con el texto en el idioma fuente, que es la \u00fanica versi\u00f3n del texto que tendr\u00e1 un efecto legal. Contacts<br \/>\nContactos de prensa:Renagh Mooney<br \/>\nDirectora de Comunicaci\u00f3n de la Fundaci\u00f3n Cardano<br \/>\nCorreo electr\u00f3nico: renagh.mooney@cardanofoundation.orgTel.: +353 85 209 3209<\/p>\n","protected":false},"excerpt":{"rendered":"<p>ZUG, Suiza&#8211;(BUSINESS WIRE)&#8211;La Fundaci\u00f3n Cardano, una organizaci\u00f3n sin fines de lucro con sede en Suiza encargada de impulsar Cardano como una infraestructura digital p\u00fablica en una amplia gama de industrias,&hellip; <\/p>\n","protected":false},"author":2,"featured_media":51804,"comment_status":"closed","ping_status":"closed","sticky":false,"template":"","format":"standard","meta":{"fifu_image_url":"","fifu_image_alt":"","footnotes":""},"categories":[252],"tags":[253],"class_list":["post-51803","post","type-post","status-publish","format-standard","has-post-thumbnail","hentry","category-business-wire","tag-business-wire"],"_links":{"self":[{"href":"https:\/\/elmundodelosnegocios.com.do\/v1\/wp-json\/wp\/v2\/posts\/51803","targetHints":{"allow":["GET"]}}],"collection":[{"href":"https:\/\/elmundodelosnegocios.com.do\/v1\/wp-json\/wp\/v2\/posts"}],"about":[{"href":"https:\/\/elmundodelosnegocios.com.do\/v1\/wp-json\/wp\/v2\/types\/post"}],"author":[{"embeddable":true,"href":"https:\/\/elmundodelosnegocios.com.do\/v1\/wp-json\/wp\/v2\/users\/2"}],"replies":[{"embeddable":true,"href":"https:\/\/elmundodelosnegocios.com.do\/v1\/wp-json\/wp\/v2\/comments?post=51803"}],"version-history":[{"count":0,"href":"https:\/\/elmundodelosnegocios.com.do\/v1\/wp-json\/wp\/v2\/posts\/51803\/revisions"}],"wp:featuredmedia":[{"embeddable":true,"href":"https:\/\/elmundodelosnegocios.com.do\/v1\/wp-json\/wp\/v2\/media\/51804"}],"wp:attachment":[{"href":"https:\/\/elmundodelosnegocios.com.do\/v1\/wp-json\/wp\/v2\/media?parent=51803"}],"wp:term":[{"taxonomy":"category","embeddable":true,"href":"https:\/\/elmundodelosnegocios.com.do\/v1\/wp-json\/wp\/v2\/categories?post=51803"},{"taxonomy":"post_tag","embeddable":true,"href":"https:\/\/elmundodelosnegocios.com.do\/v1\/wp-json\/wp\/v2\/tags?post=51803"}],"curies":[{"name":"wp","href":"https:\/\/api.w.org\/{rel}","templated":true}]}}