{"id":51926,"date":"2024-05-13T09:45:29","date_gmt":"2024-05-13T14:15:29","guid":{"rendered":"https:\/\/elmundodelosnegocios.com.do\/v1\/?p=51926"},"modified":"2024-05-13T09:45:29","modified_gmt":"2024-05-13T14:15:29","slug":"bisono-asegura-dominicana-sera-principal-centro-inversion-extranjera-region","status":"publish","type":"post","link":"https:\/\/elmundodelosnegocios.com.do\/v1\/bisono-asegura-dominicana-sera-principal-centro-inversion-extranjera-region\/","title":{"rendered":"Bison\u00f3 asegura Dominicana ser\u00e1 principal centro inversi\u00f3n extranjera regi\u00f3n"},"content":{"rendered":"\n<p>Santo Domingo, R.D. Mayo 2024..- Con un aumento de las exportaciones de US$5 mil millones a m\u00e1s de US$8 mil millones, el ministro de Industria, Comercio y Mipymes (MICM), V\u00edctor Ito Bison\u00f3, evidenci\u00f3 el progreso del sector industrial durante el actual Gobierno de Luis Abinader.<\/p>\n\n\n<div class=\"wp-block-image\">\n<figure class=\"aligncenter size-full\"><img loading=\"lazy\" decoding=\"async\" width=\"1000\" height=\"563\" src=\"https:\/\/elmundodelosnegocios.com.do\/v1\/wp-content\/uploads\/2024\/05\/Ito-Bisono.jpg\" alt=\"\" class=\"wp-image-51927\" srcset=\"https:\/\/elmundodelosnegocios.com.do\/v1\/wp-content\/uploads\/2024\/05\/Ito-Bisono.jpg 1000w, https:\/\/elmundodelosnegocios.com.do\/v1\/wp-content\/uploads\/2024\/05\/Ito-Bisono-300x169.jpg 300w, https:\/\/elmundodelosnegocios.com.do\/v1\/wp-content\/uploads\/2024\/05\/Ito-Bisono-768x432.jpg 768w\" sizes=\"auto, (max-width: 1000px) 100vw, 1000px\" \/><\/figure>\n<\/div>\n\n\n<p>Bison\u00f3 particip\u00f3 en el podcast \u201cSeguimos Unidos con Luis\u201d, espacio en el que destac\u00f3 los avances del sector productivo y c\u00f3mo estos han repercutido en las inversiones for\u00e1neas.<\/p>\n\n\n\n<p>\u201cRep\u00fablica Dominicana va a ser el principal reservorio de inversi\u00f3n extranjera en la regi\u00f3n por much\u00edsimas razones. \u00bfCu\u00e1les son? Estabilidad econ\u00f3mica, pol\u00edtica y social. \u00bfQu\u00e9 genera eso? Que cada a\u00f1o se rompen los r\u00e9cords de inversi\u00f3n extranjera directa\u201d, manifest\u00f3.<\/p>\n\n\n\n<p>Mencion\u00f3 como ejemplo las zonas francas, donde el empleo se increment\u00f3 de 132 mil puestos, al momento de asumir el Gobierno Luis Abinader, a los 200 mil que se tienen hoy.<\/p>\n\n\n\n<p>En este per\u00edodo tambi\u00e9n ha ocurrido un ascenso del propio perfil de las zonas francas.&nbsp;Mientras que a\u00f1os atr\u00e1s la fabricaci\u00f3n de calzado y textiles constitu\u00eda un fuerte del sector, hoy en d\u00eda se ha especializado m\u00e1s, y la industria de insumos m\u00e9dicos, por ejemplo, ha adquirido una importancia creciente.<\/p>\n\n\n\n<p>\u201cHoy podemos decir que 36% del personal de zonas francas actualmente sean profesionales t\u00e9cnicos y especialistas\u201d, indic\u00f3.<\/p>\n\n\n\n<p>En materia de Mypimes, asegur\u00f3 que la gesti\u00f3n del Gobierno del Cambio ha trabajado por apoyar financieramente.<\/p>\n\n\n\n<p>A trav\u00e9s de Promipyme se han otorgado m\u00e1s de RD$25 mil millones para el sector de los emprendedores dominicanos. Tambi\u00e9n a trav\u00e9s del Banco de Reservas se otorgaron, solo en el \u00faltimo a\u00f1o, m\u00e1s de RD$12 mil millones a este sector productivo.<\/p>\n\n\n\n<p>Bison\u00f3 enfatiz\u00f3 que si bien el presidente Luis Abinader tiene logros econ\u00f3micos que mostrar, tambi\u00e9n se ha preocupado por reparar la institucionalidad del pa\u00eds.<\/p>\n\n\n\n<p>\u201cEl Presidente cree firmemente en que los dominicanos, juntos,&nbsp;estamos en la capacidad de construir un mejor pa\u00eds. Estamos de cara a una oportunidad hist\u00f3rica con las venideras elecciones, est\u00e1 de nuestra parte aprovechar esta oportunidad y cumplir con nuestro deber ciudadano de votar\u201d, manifest\u00f3 el ministro.<\/p>\n\n\n\n<p><strong>Seguimos Unidos con Luis<\/strong><\/p>\n\n\n\n<p>&nbsp;Es un Podcast, conducido por Emely M. Taveras y Julia Mu\u00f1oz Alegre, para abordar desde el punto de vista de los protagonistas y los testigos la transformaci\u00f3n nacional que lleva adelante el Gobierno del Cambio, liderado por Luis Abinader. Los invitados tambi\u00e9n incentivar\u00e1n al voto en los pr\u00f3ximos comicios. Se transmitir\u00e1 a trav\u00e9s del canal de YouTube: Seguimos Unidos con Luis&nbsp;<a href=\"https:\/\/www.youtube.com\/@SeguimosUnidosconLuis\/videos\">https:\/\/www.youtube.com\/@SeguimosUnidosconLuis\/videos<\/a><\/p>\n","protected":false},"excerpt":{"rendered":"<p>Santo Domingo, R.D. Mayo 2024..- Con un aumento de las exportaciones de US$5 mil millones a m\u00e1s de US$8 mil millones, el ministro de Industria, Comercio y Mipymes (MICM), V\u00edctor&hellip; <\/p>\n","protected":false},"author":2,"featured_media":51929,"comment_status":"closed","ping_status":"closed","sticky":false,"template":"","format":"standard","meta":{"fifu_image_url":"https:\/\/elmundodelosnegocios.com.do\/v1\/wp-content\/uploads\/2024\/05\/Ito-Bisono.jpg","fifu_image_alt":"","footnotes":""},"categories":[154],"tags":[],"class_list":["post-51926","post","type-post","status-publish","format-standard","has-post-thumbnail","hentry","category-industria"],"_links":{"self":[{"href":"https:\/\/elmundodelosnegocios.com.do\/v1\/wp-json\/wp\/v2\/posts\/51926","targetHints":{"allow":["GET"]}}],"collection":[{"href":"https:\/\/elmundodelosnegocios.com.do\/v1\/wp-json\/wp\/v2\/posts"}],"about":[{"href":"https:\/\/elmundodelosnegocios.com.do\/v1\/wp-json\/wp\/v2\/types\/post"}],"author":[{"embeddable":true,"href":"https:\/\/elmundodelosnegocios.com.do\/v1\/wp-json\/wp\/v2\/users\/2"}],"replies":[{"embeddable":true,"href":"https:\/\/elmundodelosnegocios.com.do\/v1\/wp-json\/wp\/v2\/comments?post=51926"}],"version-history":[{"count":1,"href":"https:\/\/elmundodelosnegocios.com.do\/v1\/wp-json\/wp\/v2\/posts\/51926\/revisions"}],"predecessor-version":[{"id":51928,"href":"https:\/\/elmundodelosnegocios.com.do\/v1\/wp-json\/wp\/v2\/posts\/51926\/revisions\/51928"}],"wp:featuredmedia":[{"embeddable":true,"href":"https:\/\/elmundodelosnegocios.com.do\/v1\/wp-json\/wp\/v2\/media\/51929"}],"wp:attachment":[{"href":"https:\/\/elmundodelosnegocios.com.do\/v1\/wp-json\/wp\/v2\/media?parent=51926"}],"wp:term":[{"taxonomy":"category","embeddable":true,"href":"https:\/\/elmundodelosnegocios.com.do\/v1\/wp-json\/wp\/v2\/categories?post=51926"},{"taxonomy":"post_tag","embeddable":true,"href":"https:\/\/elmundodelosnegocios.com.do\/v1\/wp-json\/wp\/v2\/tags?post=51926"}],"curies":[{"name":"wp","href":"https:\/\/api.w.org\/{rel}","templated":true}]}}