{"id":52193,"date":"2024-05-22T09:39:44","date_gmt":"2024-05-22T14:09:44","guid":{"rendered":"https:\/\/elmundodelosnegocios.com.do\/v1\/?p=52193"},"modified":"2024-05-22T09:39:45","modified_gmt":"2024-05-22T14:09:45","slug":"felicita-camara-santiago-dominicanos-ante-elecciones-destacaron-madurez-politica-y-organizacion","status":"publish","type":"post","link":"https:\/\/elmundodelosnegocios.com.do\/v1\/felicita-camara-santiago-dominicanos-ante-elecciones-destacaron-madurez-politica-y-organizacion\/","title":{"rendered":"Felicita C\u00e1mara Santiago dominicanos ante elecciones destacaron madurez pol\u00edtica y organizaci\u00f3n"},"content":{"rendered":"\n<p>Santiago de los Caballeros. &#8211; La C\u00e1mara de Comercio y Producci\u00f3n de Santiago felicit\u00f3 al pueblo dominicano por su destacada participaci\u00f3n y compromiso c\u00edvico durante el proceso electoral llevado a cabo el pasado 19 de mayo.<\/p>\n\n\n<div class=\"wp-block-image\">\n<figure class=\"aligncenter size-full\"><img loading=\"lazy\" decoding=\"async\" width=\"1000\" height=\"563\" src=\"https:\/\/elmundodelosnegocios.com.do\/v1\/wp-content\/uploads\/2024\/05\/Fachada-CCPS.jpg\" alt=\"\" class=\"wp-image-52194\" srcset=\"https:\/\/elmundodelosnegocios.com.do\/v1\/wp-content\/uploads\/2024\/05\/Fachada-CCPS.jpg 1000w, https:\/\/elmundodelosnegocios.com.do\/v1\/wp-content\/uploads\/2024\/05\/Fachada-CCPS-300x169.jpg 300w, https:\/\/elmundodelosnegocios.com.do\/v1\/wp-content\/uploads\/2024\/05\/Fachada-CCPS-768x432.jpg 768w\" sizes=\"auto, (max-width: 1000px) 100vw, 1000px\" \/><\/figure>\n<\/div>\n\n\n<p>En un ejercicio de democracia ejemplar, los ciudadanos dominicanos acudieron masivamente a las urnas para ejercer su derecho al voto, fortaleciendo as\u00ed los pilares fundamentales de nuestra naci\u00f3n, donde resalt\u00f3 la madurez pol\u00edtica demostrada por los diferentes actores durante el proceso electoral.&nbsp;<\/p>\n\n\n\n<p>Asimismo, valor\u00f3 la labor ejemplar llevada a cabo por la Junta Central Electoral en la organizaci\u00f3n y ejecuci\u00f3n de las elecciones, destacando el profesionalismo y dedicaci\u00f3n, para garantizar la transparencia y la confiabilidad del proceso, contribuyendo a fortalecer la democracia en nuestro pa\u00eds.<\/p>\n\n\n\n<p>De igual manera, reconoci\u00f3 a todos los candidatos que participaron en estas elecciones, as\u00ed como a aquellos que resultaron electos para ocupar diversos cargos de responsabilidad en la sociedad. El compromiso con la ciudadan\u00eda debe reflejar el esp\u00edritu de servicio que caracteriza a nuestra querida Rep\u00fablica Dominicana, en favor de un mejor pa\u00eds para todos.<\/p>\n\n\n\n<p>Adem\u00e1s, la instituci\u00f3n expres\u00f3 su agradecimiento a los observadores internacionales que acompa\u00f1aron el desarrollo de las elecciones, brindando su experiencia y asegurando el cumplimiento de est\u00e1ndares internacionales en materia electoral, destacado la importancia de su presencia, para garantizar la integridad y la legitimidad del proceso electoral dominicano ante la comunidad internacional.<\/p>\n\n\n\n<p>Este proceso electoral ha sido un claro ejemplo de que la democracia es el motor fundamental para el desarrollo de un pa\u00eds, as\u00ed como de la madurez democr\u00e1tica de nuestra naci\u00f3n y del compromiso de los ciudadanos con la construcci\u00f3n de un futuro justo, pr\u00f3spero y equitativo para todos.<\/p>\n\n\n\n<p>La C\u00e1mara de Comercio y Producci\u00f3n de Santiago reafirm\u00f3 su compromiso de seguir colaborando con las autoridades electas y la sociedad en su conjunto, para impulsar el desarrollo econ\u00f3mico y social de nuestra regi\u00f3n y del pa\u00eds, enfatizando lo importante que es para la instituci\u00f3n defender y fortalecer la democracia en todos los niveles, y as\u00ed colaborar a asegurar un futuro de progreso y bienestar para todos los dominicanos.<\/p>\n\n\n\n<p>Felicit\u00f3 una vez m\u00e1s al pueblo dominicano por su participaci\u00f3n activa y pac\u00edfica en este proceso electoral, y expres\u00f3 los mejores deseos de \u00e9xito a los nuevos funcionarios electos en el cumplimiento de sus responsabilidades.<\/p>\n","protected":false},"excerpt":{"rendered":"<p>Santiago de los Caballeros. &#8211; La C\u00e1mara de Comercio y Producci\u00f3n de Santiago felicit\u00f3 al pueblo dominicano por su destacada participaci\u00f3n y compromiso c\u00edvico durante el proceso electoral llevado a&hellip; <\/p>\n","protected":false},"author":2,"featured_media":52196,"comment_status":"closed","ping_status":"closed","sticky":false,"template":"","format":"standard","meta":{"fifu_image_url":"https:\/\/elmundodelosnegocios.com.do\/v1\/wp-content\/uploads\/2024\/05\/Fachada-CCPS.jpg","fifu_image_alt":"","footnotes":""},"categories":[255],"tags":[],"class_list":["post-52193","post","type-post","status-publish","format-standard","has-post-thumbnail","hentry","category-elecciones"],"_links":{"self":[{"href":"https:\/\/elmundodelosnegocios.com.do\/v1\/wp-json\/wp\/v2\/posts\/52193","targetHints":{"allow":["GET"]}}],"collection":[{"href":"https:\/\/elmundodelosnegocios.com.do\/v1\/wp-json\/wp\/v2\/posts"}],"about":[{"href":"https:\/\/elmundodelosnegocios.com.do\/v1\/wp-json\/wp\/v2\/types\/post"}],"author":[{"embeddable":true,"href":"https:\/\/elmundodelosnegocios.com.do\/v1\/wp-json\/wp\/v2\/users\/2"}],"replies":[{"embeddable":true,"href":"https:\/\/elmundodelosnegocios.com.do\/v1\/wp-json\/wp\/v2\/comments?post=52193"}],"version-history":[{"count":1,"href":"https:\/\/elmundodelosnegocios.com.do\/v1\/wp-json\/wp\/v2\/posts\/52193\/revisions"}],"predecessor-version":[{"id":52195,"href":"https:\/\/elmundodelosnegocios.com.do\/v1\/wp-json\/wp\/v2\/posts\/52193\/revisions\/52195"}],"wp:featuredmedia":[{"embeddable":true,"href":"https:\/\/elmundodelosnegocios.com.do\/v1\/wp-json\/wp\/v2\/media\/52196"}],"wp:attachment":[{"href":"https:\/\/elmundodelosnegocios.com.do\/v1\/wp-json\/wp\/v2\/media?parent=52193"}],"wp:term":[{"taxonomy":"category","embeddable":true,"href":"https:\/\/elmundodelosnegocios.com.do\/v1\/wp-json\/wp\/v2\/categories?post=52193"},{"taxonomy":"post_tag","embeddable":true,"href":"https:\/\/elmundodelosnegocios.com.do\/v1\/wp-json\/wp\/v2\/tags?post=52193"}],"curies":[{"name":"wp","href":"https:\/\/api.w.org\/{rel}","templated":true}]}}