{"id":52259,"date":"2024-05-23T21:59:21","date_gmt":"2024-05-24T02:29:21","guid":{"rendered":"https:\/\/elmundodelosnegocios.com.do\/v1\/?p=52259"},"modified":"2024-05-23T21:59:23","modified_gmt":"2024-05-24T02:29:23","slug":"sura-anuncia-actualizacion-de-su-marca","status":"publish","type":"post","link":"https:\/\/elmundodelosnegocios.com.do\/v1\/sura-anuncia-actualizacion-de-su-marca\/","title":{"rendered":"SURA anuncia actualizaci\u00f3n de su marca"},"content":{"rendered":"\n<p><strong>Santo Domingo,<\/strong>&nbsp;Rep\u00fablica Dominicana, Mayo 2024.-Seguros SURA, una de las principales compa\u00f1\u00edas aseguradoras de Am\u00e9rica Latina, anuncia la vitalizaci\u00f3n de su marca, una iniciativa que forma parte de una estrategia escalonada y sostenible destinada a transformar significativamente la interacci\u00f3n de las personas con la Compa\u00f1\u00eda en los espacios digitales, sedes f\u00edsicas y los veh\u00edculos de asistencia.<\/p>\n\n\n<div class=\"wp-block-image\">\n<figure class=\"aligncenter size-full is-resized\"><img loading=\"lazy\" decoding=\"async\" width=\"684\" height=\"456\" src=\"https:\/\/elmundodelosnegocios.com.do\/v1\/wp-content\/uploads\/2024\/05\/00000-Juana-Francisca-Llano-Pres.jpg\" alt=\"\" class=\"wp-image-52260\" style=\"width:841px;height:auto\" srcset=\"https:\/\/elmundodelosnegocios.com.do\/v1\/wp-content\/uploads\/2024\/05\/00000-Juana-Francisca-Llano-Pres.jpg 684w, https:\/\/elmundodelosnegocios.com.do\/v1\/wp-content\/uploads\/2024\/05\/00000-Juana-Francisca-Llano-Pres-300x200.jpg 300w\" sizes=\"auto, (max-width: 684px) 100vw, 684px\" \/><\/figure>\n<\/div>\n\n\n<p>Esta evoluci\u00f3n, aunque sutil, no se trata simplemente de un cambio de imagen corporativo.&nbsp;&nbsp;Este paso es un s\u00edmbolo de consolidaci\u00f3n como Suramericana, la tercera aseguradora de origen latino m\u00e1s grande de la regi\u00f3n, con presencia en 7 pa\u00edses y con m\u00e1s de 20 millones de clientes, 14 mil asesores y 31 mil proveedores y aliados, con los que, adem\u00e1s, reafirma su compromiso.<\/p>\n\n\n\n<p><em>\u201cEl prop\u00f3sito va m\u00e1s all\u00e1 de ofrecer una amplia oferta en seguros y servicios, se trata de reafirmar que seguimos siendo y haciendo Compa\u00f1\u00eda. Nuestra vigencia, capacidad de transformaci\u00f3n y solidez contin\u00faa con determinaci\u00f3n al servicio de la regi\u00f3n Latinoamericana\u201d&nbsp;<\/em>indic\u00f3 Juana Francisca Llano, presidente de Suramericana, resaltando la capacidad de la compa\u00f1\u00eda de transformarse en un entorno empresarial en constante evoluci\u00f3n.<\/p>\n\n\n\n<p>Una de las caracter\u00edsticas m\u00e1s destacadas de esta actualizaci\u00f3n es el nuevo aspecto visual y sonoro, as\u00ed como la reafirmaci\u00f3n de su lema \u201caseg\u00farate de vivir\u201d. Se deja atr\u00e1s el verde y el naranja y un nuevo tono de azul, que simboliza el agua y la vida de Am\u00e9rica Latina, color que desde ahora unificar\u00e1 visualmente a todos sus negocios. Adem\u00e1s, la m\u00fasica, un elemento esencial en la cultura latinoamericana, se integra como parte fundamental de la identidad de Seguros SURA, promoviendo as\u00ed la diversidad y la latinidad que acerca a la compa\u00f1\u00eda a cada uno de los territorios donde tiene presencia.<\/p>\n\n\n\n<p>La transformaci\u00f3n de los canales digitales de la compa\u00f1\u00eda tambi\u00e9n es una parte crucial de esta iniciativa. Como resultado de esta apuesta, inicialmente se transformar\u00e1 la experiencia digital en las filiales de Colombia, Uruguay, Panam\u00e1, Chile y M\u00e9xico. Adicionalmente, Rep\u00fablica Dominicana y Brasil tendr\u00e1n una nueva experiencia en algunas de sus sedes f\u00edsicas. De igual manera, Panam\u00e1 y Colombia comenzar\u00e1n a implementar la actualizaci\u00f3n en sus flotas y veh\u00edculos paulatinamente.<\/p>\n\n\n\n<p>Seguros SURA no solo est\u00e1 comprometida en simplificar y mejorar la experiencia de sus usuarios, haci\u00e9ndola m\u00e1s intuitiva e integrando todos sus seguros y servicios en una \u00fanica p\u00e1gina web y App por pa\u00eds, sino que tambi\u00e9n reafirma su compromiso con sus usuarios, construyendo confianza a trav\u00e9s de la solidez de un negocio que se ha transformado y evolucionado en los diferentes entornos durante m\u00e1s de 80 a\u00f1os.<\/p>\n","protected":false},"excerpt":{"rendered":"<p>Santo Domingo,&nbsp;Rep\u00fablica Dominicana, Mayo 2024.-Seguros SURA, una de las principales compa\u00f1\u00edas aseguradoras de Am\u00e9rica Latina, anuncia la vitalizaci\u00f3n de su marca, una iniciativa que forma parte de una estrategia escalonada&hellip; <\/p>\n","protected":false},"author":2,"featured_media":52262,"comment_status":"closed","ping_status":"closed","sticky":false,"template":"","format":"standard","meta":{"fifu_image_url":"https:\/\/elmundodelosnegocios.com.do\/v1\/wp-content\/uploads\/2024\/05\/00000-Juana-Francisca-Llano-Pres.jpg","fifu_image_alt":"","footnotes":""},"categories":[157],"tags":[],"class_list":["post-52259","post","type-post","status-publish","format-standard","has-post-thumbnail","hentry","category-marketing"],"_links":{"self":[{"href":"https:\/\/elmundodelosnegocios.com.do\/v1\/wp-json\/wp\/v2\/posts\/52259","targetHints":{"allow":["GET"]}}],"collection":[{"href":"https:\/\/elmundodelosnegocios.com.do\/v1\/wp-json\/wp\/v2\/posts"}],"about":[{"href":"https:\/\/elmundodelosnegocios.com.do\/v1\/wp-json\/wp\/v2\/types\/post"}],"author":[{"embeddable":true,"href":"https:\/\/elmundodelosnegocios.com.do\/v1\/wp-json\/wp\/v2\/users\/2"}],"replies":[{"embeddable":true,"href":"https:\/\/elmundodelosnegocios.com.do\/v1\/wp-json\/wp\/v2\/comments?post=52259"}],"version-history":[{"count":1,"href":"https:\/\/elmundodelosnegocios.com.do\/v1\/wp-json\/wp\/v2\/posts\/52259\/revisions"}],"predecessor-version":[{"id":52261,"href":"https:\/\/elmundodelosnegocios.com.do\/v1\/wp-json\/wp\/v2\/posts\/52259\/revisions\/52261"}],"wp:featuredmedia":[{"embeddable":true,"href":"https:\/\/elmundodelosnegocios.com.do\/v1\/wp-json\/wp\/v2\/media\/52262"}],"wp:attachment":[{"href":"https:\/\/elmundodelosnegocios.com.do\/v1\/wp-json\/wp\/v2\/media?parent=52259"}],"wp:term":[{"taxonomy":"category","embeddable":true,"href":"https:\/\/elmundodelosnegocios.com.do\/v1\/wp-json\/wp\/v2\/categories?post=52259"},{"taxonomy":"post_tag","embeddable":true,"href":"https:\/\/elmundodelosnegocios.com.do\/v1\/wp-json\/wp\/v2\/tags?post=52259"}],"curies":[{"name":"wp","href":"https:\/\/api.w.org\/{rel}","templated":true}]}}