{"id":52320,"date":"2024-05-27T18:01:21","date_gmt":"2024-05-27T22:31:21","guid":{"rendered":"https:\/\/elmundodelosnegocios.com.do\/v1\/?p=52320"},"modified":"2024-05-27T18:01:22","modified_gmt":"2024-05-27T22:31:22","slug":"mirex-otorga-reconocimientos-al-lanzar-guia-estandarizada-semana-dominicana-en-el-exterior","status":"publish","type":"post","link":"https:\/\/elmundodelosnegocios.com.do\/v1\/mirex-otorga-reconocimientos-al-lanzar-guia-estandarizada-semana-dominicana-en-el-exterior\/","title":{"rendered":"MIREX otorga reconocimientos al\u00a0 lanzar Gu\u00eda Estandarizada Semana Dominicana en el Exterior"},"content":{"rendered":"\n<p>Santo Domingo, R.D. Mayo 2024.- El Ministerio de Relaciones Exteriores present\u00f3&nbsp;la Gu\u00eda Estandarizada para la celebraci\u00f3n de la \u201cSemana Dominicana\u201d en el Exterior, publicaci\u00f3n&nbsp;que&nbsp;forma parte de la estrategia para&nbsp;promover&nbsp;la econom\u00eda en los mercados internacionales&nbsp;eje fundamental&nbsp;de la pol\u00edtica exterior del Gobierno dominicano para estrechar los lazos pol\u00edticos, sociales y culturales con los pa\u00edses en los que Rep\u00fablica Dominicana tiene presencia diplom\u00e1tica y\/o consular.<\/p>\n\n\n<div class=\"wp-block-image\">\n<figure class=\"aligncenter size-large\"><img loading=\"lazy\" decoding=\"async\" width=\"1024\" height=\"575\" src=\"https:\/\/elmundodelosnegocios.com.do\/v1\/wp-content\/uploads\/2024\/05\/00000000000-1024x575.png\" alt=\"\" class=\"wp-image-52321\" srcset=\"https:\/\/elmundodelosnegocios.com.do\/v1\/wp-content\/uploads\/2024\/05\/00000000000-1024x575.png 1024w, https:\/\/elmundodelosnegocios.com.do\/v1\/wp-content\/uploads\/2024\/05\/00000000000-300x168.png 300w, https:\/\/elmundodelosnegocios.com.do\/v1\/wp-content\/uploads\/2024\/05\/00000000000-768x431.png 768w, https:\/\/elmundodelosnegocios.com.do\/v1\/wp-content\/uploads\/2024\/05\/00000000000.png 1042w\" sizes=\"auto, (max-width: 1024px) 100vw, 1024px\" \/><\/figure>\n<\/div>\n\n\n<p>El lanzamiento estuvo encabezado por el ministro Roberto \u00c1lvarez, quien dijo que&nbsp;\u201clas&nbsp;semanas&nbsp;dominicanas se consolidan como un esfuerzo&nbsp;alineado al eje 2 de nuestra&nbsp;pol\u00edtica exterior,&nbsp;que podr\u00e1n replicarse bajo la organizaci\u00f3n&nbsp;una embajada o un consulado dominicano acreditado en el exterior, con el principal objetivo de servir como&nbsp;plataformas para&nbsp;promocionar al pa\u00eds&nbsp;en temas&nbsp;comerciales, econ\u00f3micos, culturales, de cooperaci\u00f3n, entre otros. Con esta gu\u00eda lanzamos una estrategia que nos permita&nbsp;como Gobierno dominicano&nbsp;institucionalizar y estandarizar&nbsp;este tipo de acciones, para mostrar lo mejor de nosotros y atraer lo mejor del mundo\u201d.<\/p>\n\n\n\n<p>Manifest\u00f3, que es imposible hablar de la semana dominicana, sin reconocer al grupo de visionarios que priorizaron el acercamiento con la di\u00e1spora, y el fortalecimiento de la relaci\u00f3n pol\u00edtica y econ\u00f3mica con \u201cnuestro principal socio comercial materializando por primera vez en el 1992 la Semana Dominicana en los Estados Unidos de Am\u00e9rica (SEMANADOM)\u201d, a los que agradeci\u00f3 su esfuerzo e inspiraci\u00f3n, destacando la presencia de Pedro Diaz Ballester, como uno de esos pioneros.<\/p>\n\n\n\n<p>La elaboraci\u00f3n de este instrumento es&nbsp;producto&nbsp;de un proceso de investigaci\u00f3n llevado a cabo por los miembros del Comit\u00e9 Institucional conformado por Viceministerios y Direcciones del MIREX, quienes se unieron para analizar los resultados mostrados por nuestras Misiones en relaci\u00f3n con el impacto positivo que generan las celebraciones de las Semanas Dominicanas en las relaciones pol\u00edticas y en el acceso a los mercados internacionales, de las cuales han surgido iniciativas importantes como acuerdos bilaterales, comerciales y de cooperaci\u00f3n.<\/p>\n\n\n\n<p>Uno de los aportes trascendentales que trae consigo esta&nbsp;Gu\u00eda, es la categorizaci\u00f3n de los niveles de celebraci\u00f3n, permitiendo definir la frecuencia con la que cada misi\u00f3n dominicana en el exterior podr\u00e1 llevar a cabo su semana dominicana.<\/p>\n\n\n\n<p>En el acto que cont\u00f3 con la presencia&nbsp;de los viceministros y directores del MIREX, fueron reconocidos por sus aportes en el desarrollo de las Semanas Dominicanas en Washington, los se\u00f1ores: William&nbsp;Malamud, vicepresidente Ejecutivo de la C\u00e1mara&nbsp;Americana&nbsp;de Comercio de Rep\u00fablica Dominicana; Roberto Herrera, pasado presidente de la&nbsp;AMCHAMDR (siglas en ingl\u00e9s); como a los fundadores, Dr. Luis Heredia Bonetti e Ing. Victor&nbsp;Thomen, con sendos reconocimientos de manera&nbsp;p\u00f3stuma, estando algunos familiares cercanos presentes.<\/p>\n\n\n\n<p>En la actividad estuvieron presentes adem\u00e1s&nbsp;otros representantes del sector privado, embajadores dominicanos y extranjeros, entre otras personalidades.<\/p>\n","protected":false},"excerpt":{"rendered":"<p>Santo Domingo, R.D. Mayo 2024.- El Ministerio de Relaciones Exteriores present\u00f3&nbsp;la Gu\u00eda Estandarizada para la celebraci\u00f3n de la \u201cSemana Dominicana\u201d en el Exterior, publicaci\u00f3n&nbsp;que&nbsp;forma parte de la estrategia para&nbsp;promover&nbsp;la econom\u00eda&hellip; <\/p>\n","protected":false},"author":2,"featured_media":52323,"comment_status":"closed","ping_status":"closed","sticky":false,"template":"","format":"standard","meta":{"fifu_image_url":"https:\/\/elmundodelosnegocios.com.do\/v1\/wp-content\/uploads\/2024\/05\/00000000000-1024x575.png","fifu_image_alt":"","footnotes":""},"categories":[74],"tags":[],"class_list":["post-52320","post","type-post","status-publish","format-standard","has-post-thumbnail","hentry","category-comercio-internacional"],"_links":{"self":[{"href":"https:\/\/elmundodelosnegocios.com.do\/v1\/wp-json\/wp\/v2\/posts\/52320","targetHints":{"allow":["GET"]}}],"collection":[{"href":"https:\/\/elmundodelosnegocios.com.do\/v1\/wp-json\/wp\/v2\/posts"}],"about":[{"href":"https:\/\/elmundodelosnegocios.com.do\/v1\/wp-json\/wp\/v2\/types\/post"}],"author":[{"embeddable":true,"href":"https:\/\/elmundodelosnegocios.com.do\/v1\/wp-json\/wp\/v2\/users\/2"}],"replies":[{"embeddable":true,"href":"https:\/\/elmundodelosnegocios.com.do\/v1\/wp-json\/wp\/v2\/comments?post=52320"}],"version-history":[{"count":1,"href":"https:\/\/elmundodelosnegocios.com.do\/v1\/wp-json\/wp\/v2\/posts\/52320\/revisions"}],"predecessor-version":[{"id":52322,"href":"https:\/\/elmundodelosnegocios.com.do\/v1\/wp-json\/wp\/v2\/posts\/52320\/revisions\/52322"}],"wp:featuredmedia":[{"embeddable":true,"href":"https:\/\/elmundodelosnegocios.com.do\/v1\/wp-json\/wp\/v2\/media\/52323"}],"wp:attachment":[{"href":"https:\/\/elmundodelosnegocios.com.do\/v1\/wp-json\/wp\/v2\/media?parent=52320"}],"wp:term":[{"taxonomy":"category","embeddable":true,"href":"https:\/\/elmundodelosnegocios.com.do\/v1\/wp-json\/wp\/v2\/categories?post=52320"},{"taxonomy":"post_tag","embeddable":true,"href":"https:\/\/elmundodelosnegocios.com.do\/v1\/wp-json\/wp\/v2\/tags?post=52320"}],"curies":[{"name":"wp","href":"https:\/\/api.w.org\/{rel}","templated":true}]}}