{"id":52343,"date":"2024-05-28T17:10:09","date_gmt":"2024-05-28T21:40:09","guid":{"rendered":"https:\/\/elmundodelosnegocios.com.do\/v1\/?p=52343"},"modified":"2024-05-28T17:10:11","modified_gmt":"2024-05-28T21:40:11","slug":"ministro-victor-ito-bisono-destaca-la-importancia-de-la-cooperacion-regional-para-el-desarrollo-economico-en-el-caribe","status":"publish","type":"post","link":"https:\/\/elmundodelosnegocios.com.do\/v1\/ministro-victor-ito-bisono-destaca-la-importancia-de-la-cooperacion-regional-para-el-desarrollo-economico-en-el-caribe\/","title":{"rendered":"Ministro V\u00edctor \u201cIto\u201d Bison\u00f3 destaca la importancia de la cooperaci\u00f3n regional para el desarrollo econ\u00f3mico en el Caribe"},"content":{"rendered":"\n<p>San Juan, Puerto Rico.-&nbsp;<strong>El ministro de Industria, Comercio y Mipymes de la Rep\u00fablica Dominicana<\/strong>, V\u00edctor \u00abIto\u00bb Bison\u00f3, resalt\u00f3 la necesidad de una&nbsp;<strong>mayor colaboraci\u00f3n<\/strong>&nbsp;entre los pa\u00edses del Caribe, para&nbsp;<strong>impulsar el crecimiento econ\u00f3mico<\/strong>&nbsp;en la regi\u00f3n y fomentar la&nbsp;<strong>creaci\u00f3n de empleos de calidad<\/strong>, durante un discurso pronunciado en el Centro Crece, en San Juan,&nbsp;<strong>Puerto Rico.&nbsp;<\/strong><\/p>\n\n\n<div class=\"wp-block-image\">\n<figure class=\"aligncenter size-large\"><img loading=\"lazy\" decoding=\"async\" width=\"1024\" height=\"576\" src=\"https:\/\/elmundodelosnegocios.com.do\/v1\/wp-content\/uploads\/2024\/05\/00-1024x576.jpeg\" alt=\"\" class=\"wp-image-52344\" srcset=\"https:\/\/elmundodelosnegocios.com.do\/v1\/wp-content\/uploads\/2024\/05\/00-1024x576.jpeg 1024w, https:\/\/elmundodelosnegocios.com.do\/v1\/wp-content\/uploads\/2024\/05\/00-300x169.jpeg 300w, https:\/\/elmundodelosnegocios.com.do\/v1\/wp-content\/uploads\/2024\/05\/00-768x432.jpeg 768w, https:\/\/elmundodelosnegocios.com.do\/v1\/wp-content\/uploads\/2024\/05\/00.jpeg 1300w\" sizes=\"auto, (max-width: 1024px) 100vw, 1024px\" \/><\/figure>\n<\/div>\n\n\n<p>Bison\u00f3 enfatiz\u00f3 la importancia de la unidad entre las naciones caribe\u00f1as para&nbsp;<strong>promover el bienestar&nbsp;<\/strong>de sus ciudadanos, recordando la&nbsp;<strong>\u00e9poca de las plantas gemelas<\/strong>&nbsp;cuando la&nbsp;<strong>mano de obra dominicana<\/strong>&nbsp;contribuy\u00f3 significativamente a la&nbsp;<strong>productividad de Puerto Rico<\/strong>, aprovechando las ventajas comparativas de las leyes estadounidenses de la \u00e9poca.&nbsp;<\/p>\n\n\n\n<p>Adem\u00e1s, hizo referencia a la inauguraci\u00f3n de la planta&nbsp;<strong>Westinghouse Electric<\/strong>&nbsp;en la Rep\u00fablica Dominicana en&nbsp;<strong>1987<\/strong>, recordando las palabras del&nbsp;<strong>gobernador Rafael Hern\u00e1ndez Col\u00f3n<\/strong>, quien afirm\u00f3 que la&nbsp;<strong>mayor justicia social<\/strong>&nbsp;que puede brindar un gobierno es la creaci\u00f3n de empleos.<\/p>\n\n\n\n<p>El titular del MICM tambi\u00e9n destac\u00f3 la&nbsp;<strong>estabilidad<\/strong>&nbsp;y los&nbsp;<strong>gobiernos procrecimiento<\/strong>&nbsp;como elementos claves para lograr&nbsp;<strong>resultados positivos<\/strong>&nbsp;en la regi\u00f3n. En este contexto, elogi\u00f3 el reciente triunfo electoral del&nbsp;<strong>presidente Luis Abinader<\/strong>&nbsp;en la Rep\u00fablica Dominicana y sus planes para realizar&nbsp;<strong>reformas modernizadoras<\/strong>&nbsp;en el pa\u00eds.&nbsp;<\/p>\n\n\n\n<figure class=\"wp-block-image\"><img decoding=\"async\" src=\"https:\/\/presidencia.gob.do\/sites\/default\/files\/inline-images\/Ministro%20Bisono%20Puerto%20Rico.jpeg\" alt=\"\"\/><\/figure>\n\n\n\n<p>Bison\u00f3 subray\u00f3 los objetivos del nuevo per\u00edodo gubernamental, que incluyen la&nbsp;<strong>reforma del modelo econ\u00f3mico<\/strong>&nbsp;para promover una mayor producci\u00f3n; la&nbsp;<strong>modernizaci\u00f3n del sistema educativo, para<\/strong>&nbsp;adaptarlo a las necesidades actuales del mercado laboral y la reducci\u00f3n de la rigidez laboral, para apoyar a los&nbsp;<strong>peque\u00f1os empresarios.<\/strong>&nbsp;<\/p>\n\n\n\n<p>Adem\u00e1s, resalt\u00f3 la importancia de incrementar la&nbsp;<strong>inversi\u00f3n en infraestructura<\/strong>&nbsp;para crear un entorno m\u00e1s propicio para la&nbsp;<strong>inversi\u00f3n extranjera directa&nbsp;<\/strong>y la necesidad de consolidar las conquistas institucionales logradas en el primer cuatrienio, as\u00ed como de&nbsp;<strong>fortalecer las alianzas internacionales<\/strong>&nbsp;para alcanzar objetivos comunes.&nbsp;<\/p>\n\n\n\n<p>Al abordar los&nbsp;<strong>desaf\u00edos y oportunidades<\/strong>&nbsp;que plantea el cambio en los flujos econ\u00f3micos globales, Bison\u00f3 mencion\u00f3 el concepto de&nbsp;<em>\u00abnearshoring\u00bb<\/em>&nbsp;y la posibilidad de redirigir&nbsp;<strong>inversiones desde China<\/strong>&nbsp;hacia pa\u00edses cercanos.&nbsp;<\/p>\n\n\n\n<p>Finalmente, elogi\u00f3 el liderazgo del presidente Abinader, destacando su enfoque en los resultados, su seguimiento constante de los temas y su compromiso con el&nbsp;<strong>servicio p\u00fablico y el trabajo en equipo<\/strong>.<\/p>\n","protected":false},"excerpt":{"rendered":"<p>San Juan, Puerto Rico.-&nbsp;El ministro de Industria, Comercio y Mipymes de la Rep\u00fablica Dominicana, V\u00edctor \u00abIto\u00bb Bison\u00f3, resalt\u00f3 la necesidad de una&nbsp;mayor colaboraci\u00f3n&nbsp;entre los pa\u00edses del Caribe, para&nbsp;impulsar el crecimiento&hellip; <\/p>\n","protected":false},"author":2,"featured_media":52346,"comment_status":"closed","ping_status":"closed","sticky":false,"template":"","format":"standard","meta":{"fifu_image_url":"https:\/\/elmundodelosnegocios.com.do\/v1\/wp-content\/uploads\/2024\/05\/00-1024x576.jpeg","fifu_image_alt":"","footnotes":""},"categories":[74],"tags":[],"class_list":["post-52343","post","type-post","status-publish","format-standard","has-post-thumbnail","hentry","category-comercio-internacional"],"_links":{"self":[{"href":"https:\/\/elmundodelosnegocios.com.do\/v1\/wp-json\/wp\/v2\/posts\/52343","targetHints":{"allow":["GET"]}}],"collection":[{"href":"https:\/\/elmundodelosnegocios.com.do\/v1\/wp-json\/wp\/v2\/posts"}],"about":[{"href":"https:\/\/elmundodelosnegocios.com.do\/v1\/wp-json\/wp\/v2\/types\/post"}],"author":[{"embeddable":true,"href":"https:\/\/elmundodelosnegocios.com.do\/v1\/wp-json\/wp\/v2\/users\/2"}],"replies":[{"embeddable":true,"href":"https:\/\/elmundodelosnegocios.com.do\/v1\/wp-json\/wp\/v2\/comments?post=52343"}],"version-history":[{"count":1,"href":"https:\/\/elmundodelosnegocios.com.do\/v1\/wp-json\/wp\/v2\/posts\/52343\/revisions"}],"predecessor-version":[{"id":52345,"href":"https:\/\/elmundodelosnegocios.com.do\/v1\/wp-json\/wp\/v2\/posts\/52343\/revisions\/52345"}],"wp:featuredmedia":[{"embeddable":true,"href":"https:\/\/elmundodelosnegocios.com.do\/v1\/wp-json\/wp\/v2\/media\/52346"}],"wp:attachment":[{"href":"https:\/\/elmundodelosnegocios.com.do\/v1\/wp-json\/wp\/v2\/media?parent=52343"}],"wp:term":[{"taxonomy":"category","embeddable":true,"href":"https:\/\/elmundodelosnegocios.com.do\/v1\/wp-json\/wp\/v2\/categories?post=52343"},{"taxonomy":"post_tag","embeddable":true,"href":"https:\/\/elmundodelosnegocios.com.do\/v1\/wp-json\/wp\/v2\/tags?post=52343"}],"curies":[{"name":"wp","href":"https:\/\/api.w.org\/{rel}","templated":true}]}}