{"id":52387,"date":"2024-06-02T15:59:31","date_gmt":"2024-06-02T20:29:31","guid":{"rendered":"https:\/\/elmundodelosnegocios.com.do\/v1\/?p=52387"},"modified":"2024-06-02T15:59:33","modified_gmt":"2024-06-02T20:29:33","slug":"gobernador-albizu-recibe-a-funcionarios-de-morgan-stanley-y-otros-inversionistas-internacionales","status":"publish","type":"post","link":"https:\/\/elmundodelosnegocios.com.do\/v1\/gobernador-albizu-recibe-a-funcionarios-de-morgan-stanley-y-otros-inversionistas-internacionales\/","title":{"rendered":"Gobernador Albizu recibe a funcionarios de Morgan Stanley y otros inversionistas internacionales"},"content":{"rendered":"\n<blockquote class=\"wp-block-quote is-layout-flow wp-block-quote-is-layout-flow\">\n<p>El grupo de inversionistas expres\u00f3 el \u00f3ptimo clima de negocios generado en la Rep\u00fablica Dominicana y destac\u00f3 la perspectiva positiva de la econom\u00eda.<\/p>\n<\/blockquote>\n\n\n\n<p>Santo Domingo. Rep\u00fablica Dominicana.&nbsp;El gobernador del Banco Central de la Rep\u00fablica Dominicana (BCRD), H\u00e9ctor Valdez Albizu, recibi\u00f3 a una comitiva de inversionistas internacionales encabezados por el banco de inversi\u00f3n Morgan Stanley, a fin de realizar un conversatorio sobre el estado de la econom\u00eda dominicana actual y sus perspectivas de futuro.<\/p>\n\n\n<div class=\"wp-block-image\">\n<figure class=\"aligncenter size-full\"><img loading=\"lazy\" decoding=\"async\" width=\"848\" height=\"410\" src=\"https:\/\/elmundodelosnegocios.com.do\/v1\/wp-content\/uploads\/2024\/05\/01-11.jpg\" alt=\"\" class=\"wp-image-52388\" srcset=\"https:\/\/elmundodelosnegocios.com.do\/v1\/wp-content\/uploads\/2024\/05\/01-11.jpg 848w, https:\/\/elmundodelosnegocios.com.do\/v1\/wp-content\/uploads\/2024\/05\/01-11-300x145.jpg 300w, https:\/\/elmundodelosnegocios.com.do\/v1\/wp-content\/uploads\/2024\/05\/01-11-768x371.jpg 768w\" sizes=\"auto, (max-width: 848px) 100vw, 848px\" \/><\/figure>\n<\/div>\n\n\n<p>En el encuentro celebrado en el BCRD, la multinacional financiera, en palabras de su representante Ra\u00fal Gallegos, resalt\u00f3 la fortaleza que Rep\u00fablica Dominicana refleja en comparaci\u00f3n con las econom\u00edas de la regi\u00f3n.<\/p>\n\n\n<div class=\"wp-block-image\">\n<figure class=\"aligncenter size-full\"><img loading=\"lazy\" decoding=\"async\" width=\"848\" height=\"410\" src=\"https:\/\/elmundodelosnegocios.com.do\/v1\/wp-content\/uploads\/2024\/05\/1-2.jpg\" alt=\"\" class=\"wp-image-52389\" srcset=\"https:\/\/elmundodelosnegocios.com.do\/v1\/wp-content\/uploads\/2024\/05\/1-2.jpg 848w, https:\/\/elmundodelosnegocios.com.do\/v1\/wp-content\/uploads\/2024\/05\/1-2-300x145.jpg 300w, https:\/\/elmundodelosnegocios.com.do\/v1\/wp-content\/uploads\/2024\/05\/1-2-768x371.jpg 768w\" sizes=\"auto, (max-width: 848px) 100vw, 848px\" \/><\/figure>\n<\/div>\n\n\n<p>Gallegos destac\u00f3 la perspectiva \u201cmuy positiva\u201d de la calificaci\u00f3n crediticia de RD con respecto a la de los pa\u00edses de la regi\u00f3n y el comportamiento satisfactorio registrado por los bonos, a lo que se une los resultados obtenidos en los distintos par\u00e1metros econ\u00f3micos, monetarios y financieros. Asimismo, resalt\u00f3 un clima de negocios propicio, que augura una evoluci\u00f3n favorable para que los inversionistas internacionales pongan sus ojos en la Rep\u00fablica Dominicana.<\/p>\n\n\n<div class=\"wp-block-image\">\n<figure class=\"aligncenter size-full\"><img loading=\"lazy\" decoding=\"async\" width=\"848\" height=\"410\" src=\"https:\/\/elmundodelosnegocios.com.do\/v1\/wp-content\/uploads\/2024\/05\/002-2-2-2.jpg\" alt=\"\" class=\"wp-image-52390\" srcset=\"https:\/\/elmundodelosnegocios.com.do\/v1\/wp-content\/uploads\/2024\/05\/002-2-2-2.jpg 848w, https:\/\/elmundodelosnegocios.com.do\/v1\/wp-content\/uploads\/2024\/05\/002-2-2-2-300x145.jpg 300w, https:\/\/elmundodelosnegocios.com.do\/v1\/wp-content\/uploads\/2024\/05\/002-2-2-2-768x371.jpg 768w\" sizes=\"auto, (max-width: 848px) 100vw, 848px\" \/><\/figure>\n<\/div>\n\n\n<p>Por su parte el gobernador Valdez Albizu resalt\u00f3 el sobresaliente comportamiento resiliente de la econom\u00eda dominicana registrado en estos \u00faltimos a\u00f1os, constatando que, desde el segundo semestre de 2023, la actividad econ\u00f3mica ha mantenido un proceso de recuperaci\u00f3n, apoyado en las medidas de est\u00edmulo monetario y la mayor inversi\u00f3n p\u00fablica. De esta forma la econom\u00eda registr\u00f3 una expansi\u00f3n interanual de 7.8 % en el mes abril de 2024; que contribuy\u00f3 a un crecimiento promedio en los primeros cuatro meses del a\u00f1o de 5.1 %, cercano a su potencial.<\/p>\n\n\n\n<p>El gobernador destac\u00f3 el rol protag\u00f3nico del turismo en la recuperaci\u00f3n econ\u00f3mica, como resultado de la llegada de 4.2 millones de visitantes no residentes durante los primeros cuatro meses del a\u00f1o 2024, equivalente a un aumento de 12 % interanual; de los cuales aproximadamente 3.1 millones corresponden a turistas que arribaron por v\u00eda \u00e1rea y 1.1 millones de cruceristas. Asimismo, resalt\u00f3 el crecimiento interanual del valor agregado de los servicios financieros (7.1 %), construcci\u00f3n (6.4 %) y manufactura de zonas francas (6.0 %), durante el per\u00edodo enero-abril del presente a\u00f1o.<\/p>\n\n\n\n<p>En una proyecci\u00f3n de futuro, Valdez Albizu expres\u00f3 que \u201chacia adelante, se espera que el dinamismo del cr\u00e9dito privado y una mayor inversi\u00f3n p\u00fablica contribuyan a que la econom\u00eda crezca en torno a 5.0 % en el a\u00f1o 2024; una de las expansiones m\u00e1s altas de Am\u00e9rica Latina\u201d.<\/p>\n\n\n\n<p>Tambi\u00e9n se refiri\u00f3 a que \u201cla inversi\u00f3n extranjera directa (IED) alcanz\u00f3 US$4,390 millones en el a\u00f1o 2023, dentro de los cuales se destacan los sectores turismo, energ\u00eda, comercio e inmobiliario. En el primer trimestre de 2024, la IED se situ\u00f3 en US$1,281 millones y se prev\u00e9 que superar\u00eda los US$4,500 millones al cierre del a\u00f1o, lo que financiar\u00eda en su totalidad el d\u00e9ficit de cuenta corriente\u201d.<\/p>\n\n\n\n<p>Adicionalmente, el gobernador especific\u00f3 que \u201cen enero-abril de 2024, las remesas mantuvieron un alto dinamismo al alcanzar US$3,495 millones y se prev\u00e9 que superen los US$10,400 millones para el cierre del a\u00f1o\u201d.<\/p>\n\n\n\n<p>En ese sentido, dijo que el buen desempe\u00f1o de las actividades generadoras de divisas ha contribuido a que el Banco Central mantenga niveles elevados de reservas internacionales, las cuales actualmente superan los US$14 mil millones (equivalente a cinco meses de importaciones y cerca de 11 % del producto interno bruto (PIB).<\/p>\n\n\n\n<p>El gobernador estuvo acompa\u00f1ado de la vicegobernadora, Clarissa de la Rocha de Torres; del subgerente de Pol\u00edticas Monetaria, Cambiaria y Financiera, Joel Tejeda Compr\u00e9s; del subgerente de Cuentas Nacionales y Estad\u00edsticas Econ\u00f3micas, Ram\u00f3n Antonio Gonz\u00e1lez Hern\u00e1ndez; del asesor econ\u00f3mico de la Gobernaci\u00f3n, Julio G. And\u00fajar Scheker; y del director del departamento de Programaci\u00f3n Monetaria y Estudios Econ\u00f3micos, Joel Gonz\u00e1lez.<\/p>\n\n\n\n<p>Junto a Ra\u00fal Gallegos, compusieron la delegaci\u00f3n Emma Cerda, Morgan Stanley; y los representantes de corporaciones inversionistas Omar Reynoso, de Northwestern Mutual, Martin Soler, de HSBC AM y Sebasti\u00e1n Derby, de Artisan.<\/p>\n","protected":false},"excerpt":{"rendered":"<p>El grupo de inversionistas expres\u00f3 el \u00f3ptimo clima de negocios generado en la Rep\u00fablica Dominicana y destac\u00f3 la perspectiva positiva de la econom\u00eda. Santo Domingo. Rep\u00fablica Dominicana.&nbsp;El gobernador del Banco&hellip; <\/p>\n","protected":false},"author":2,"featured_media":52388,"comment_status":"closed","ping_status":"closed","sticky":false,"template":"","format":"standard","meta":{"fifu_image_url":"","fifu_image_alt":"","footnotes":""},"categories":[83],"tags":[],"class_list":["post-52387","post","type-post","status-publish","format-standard","has-post-thumbnail","hentry","category-empresariales-empresariales"],"_links":{"self":[{"href":"https:\/\/elmundodelosnegocios.com.do\/v1\/wp-json\/wp\/v2\/posts\/52387","targetHints":{"allow":["GET"]}}],"collection":[{"href":"https:\/\/elmundodelosnegocios.com.do\/v1\/wp-json\/wp\/v2\/posts"}],"about":[{"href":"https:\/\/elmundodelosnegocios.com.do\/v1\/wp-json\/wp\/v2\/types\/post"}],"author":[{"embeddable":true,"href":"https:\/\/elmundodelosnegocios.com.do\/v1\/wp-json\/wp\/v2\/users\/2"}],"replies":[{"embeddable":true,"href":"https:\/\/elmundodelosnegocios.com.do\/v1\/wp-json\/wp\/v2\/comments?post=52387"}],"version-history":[{"count":1,"href":"https:\/\/elmundodelosnegocios.com.do\/v1\/wp-json\/wp\/v2\/posts\/52387\/revisions"}],"predecessor-version":[{"id":52391,"href":"https:\/\/elmundodelosnegocios.com.do\/v1\/wp-json\/wp\/v2\/posts\/52387\/revisions\/52391"}],"wp:featuredmedia":[{"embeddable":true,"href":"https:\/\/elmundodelosnegocios.com.do\/v1\/wp-json\/wp\/v2\/media\/52388"}],"wp:attachment":[{"href":"https:\/\/elmundodelosnegocios.com.do\/v1\/wp-json\/wp\/v2\/media?parent=52387"}],"wp:term":[{"taxonomy":"category","embeddable":true,"href":"https:\/\/elmundodelosnegocios.com.do\/v1\/wp-json\/wp\/v2\/categories?post=52387"},{"taxonomy":"post_tag","embeddable":true,"href":"https:\/\/elmundodelosnegocios.com.do\/v1\/wp-json\/wp\/v2\/tags?post=52387"}],"curies":[{"name":"wp","href":"https:\/\/api.w.org\/{rel}","templated":true}]}}