{"id":52474,"date":"2024-06-03T13:35:57","date_gmt":"2024-06-03T18:05:57","guid":{"rendered":"https:\/\/elmundodelosnegocios.com.do\/v1\/?p=52474"},"modified":"2024-06-03T14:06:53","modified_gmt":"2024-06-03T18:36:53","slug":"reforma-a-ley-de-aviacion-civil-alinea-normativas-de-seguridad-con-oaci-y-faa","status":"publish","type":"post","link":"https:\/\/elmundodelosnegocios.com.do\/v1\/reforma-a-ley-de-aviacion-civil-alinea-normativas-de-seguridad-con-oaci-y-faa\/","title":{"rendered":"Porcella resalta reforma ley 491-06 alinea aviaci\u00f3n civil RD con normas OACI y FAA"},"content":{"rendered":"\n<p>Santo Domingo.- El director general&nbsp; del Instituto Dominicano de Aviaci\u00f3n Civil (IDAC),&nbsp;<strong>H\u00e9ctor Porcella<\/strong>, afirm\u00f3 que la reciente&nbsp;<strong>reforma a la Ley 491-06<\/strong>&nbsp;sobre Aviaci\u00f3n Civil alinea el marco normativo de la&nbsp;<strong>seguridad operacional<\/strong>&nbsp;del pa\u00eds de acuerdo a los criterios establecidos por la&nbsp;<strong>Organizaci\u00f3n de la Aviaci\u00f3n&nbsp; Civil Internacional (OACI)<\/strong>&nbsp;y a las recomendaciones formuladas por la&nbsp;<strong>Administraci\u00f3n Federal de Aviaci\u00f3n de los Estados Unidos (FAA)<\/strong>.<\/p>\n\n\n<div class=\"wp-block-image\">\n<figure class=\"aligncenter size-large\"><img loading=\"lazy\" decoding=\"async\" width=\"1024\" height=\"576\" src=\"https:\/\/elmundodelosnegocios.com.do\/v1\/wp-content\/uploads\/2024\/06\/Hector-Porcella-director-general-de-IDAC-1024x576.jpg\" alt=\"\" class=\"wp-image-52475\" srcset=\"https:\/\/elmundodelosnegocios.com.do\/v1\/wp-content\/uploads\/2024\/06\/Hector-Porcella-director-general-de-IDAC-1024x576.jpg 1024w, https:\/\/elmundodelosnegocios.com.do\/v1\/wp-content\/uploads\/2024\/06\/Hector-Porcella-director-general-de-IDAC-300x169.jpg 300w, https:\/\/elmundodelosnegocios.com.do\/v1\/wp-content\/uploads\/2024\/06\/Hector-Porcella-director-general-de-IDAC-768x432.jpg 768w, https:\/\/elmundodelosnegocios.com.do\/v1\/wp-content\/uploads\/2024\/06\/Hector-Porcella-director-general-de-IDAC.jpg 1300w\" sizes=\"auto, (max-width: 1024px) 100vw, 1024px\" \/><figcaption class=\"wp-element-caption\">H\u00e9ctor Porcella director general de IDAC<\/figcaption><\/figure>\n<\/div>\n\n\n<p>Porcella explic\u00f3 que la actualizaci\u00f3n de la Ley constituye el punto culminante de los esfuerzos desplegados por el pa\u00eds para conservar la&nbsp;<strong>categor\u00eda 1<\/strong>&nbsp;de su sistema de aviaci\u00f3n civil, ante las implicaciones de la&nbsp;<strong>auditor\u00eda IASA<\/strong>&nbsp;iniciada el a\u00f1o pasado por la FAA para evaluar los&nbsp;<strong>niveles de cumplimiento del sector aeron\u00e1utico dominicano.<\/strong><\/p>\n\n\n\n<p>El titular del IDAC ponder\u00f3 el&nbsp;<strong>esfuerzo mancomunado del presidente Luis Abinader<\/strong>&nbsp;y de las diferentes bancadas del&nbsp;<strong>Congreso Nacional<\/strong>&nbsp;para impulsar la aprobaci\u00f3n de la reforma a la Ley, en un proceso que incluy\u00f3 el estudio del proyecto en comisi\u00f3n y la celebraci\u00f3n de consultas con la<strong>&nbsp;participaci\u00f3n de diferentes representantes del sector.<\/strong><\/p>\n\n\n\n<p>Dijo que el compromiso del jefe del Estado y de las autoridades del Congreso refleja un gesto de alto sentido patri\u00f3tico, al colocar el&nbsp;<strong>inter\u00e9s nacional por encima de los intereses pol\u00edticos partidarios o particulares.<\/strong>&nbsp;&nbsp;<\/p>\n\n\n\n<p><strong>Sobre la auditor\u00eda IASA y la categor\u00eda 1&nbsp;<\/strong><\/p>\n\n\n\n<p><em>\u201cUna auditor\u00eda IASA, aplicada de acuerdo a las normas&nbsp; de la OACI,&nbsp; tiene un cronograma y un programa de cumplimiento, que conlleva una primera visita de 5 d\u00edas de trabajo con el IDAC para hacer la primera evaluaci\u00f3n y presentar algunas observaciones;&nbsp; luego se agenda una segunda y \u00faltima reuni\u00f3n de revisi\u00f3n final, para verificar si las observaciones de la primera reuni\u00f3n fueron solventadas, tras de lo cual nos notifican en un plazo de 45 d\u00edas los resultados de la auditor\u00eda\u201d,<\/em>&nbsp;apunt\u00f3 el&nbsp; funcionario.&nbsp;<\/p>\n\n\n\n<p>Dijo que el equipo responsable del IDAC respondi\u00f3 con la&nbsp;<strong>debida eficiencia<\/strong>&nbsp;a todos los puntos y cuestionamientos planteados durante la evaluaci\u00f3n.&nbsp;&nbsp;<\/p>\n\n\n\n<p>Record\u00f3 que la Ley 491-06 de Aviaci\u00f3n Civil sirvi\u00f3 de base en el a\u00f1o 2007 para que el pa\u00eds pudiera recuperar la categor\u00eda 1 otorgada por la FAA, luego de permanecer por&nbsp;<strong>m\u00e1s de 13 a\u00f1os en la categor\u00eda 3<\/strong>, lo cual les imped\u00eda a las aeronaves comerciales de matr\u00edcula dominicana operar en territorio de los Estados Unidos.&nbsp;<\/p>\n\n\n\n<p>Resalt\u00f3 que cuando se recuper\u00f3 la categor\u00eda 1 en el 2007, lo que se adopt\u00f3 como ley fue pr\u00e1cticamente una&nbsp;<strong>r\u00e9plica de la legislaci\u00f3n estadounidense<\/strong>. Esto facilit\u00f3 la decisi\u00f3n favorable de la FAA, en un momento en que la cantidad de l\u00edneas a\u00e9reas del pa\u00eds con capacidad para volar a ciudades de Estados Unidos era insignificante, al reducir a su m\u00ednima expresi\u00f3n los riesgos de seguridad operacional de la aviaci\u00f3n dominicana.<\/p>\n\n\n\n<p>El titular del IDAC indic\u00f3 que luego de ese proceso no se adopt\u00f3 un&nbsp;<strong>adecuado plan de mantenimiento<\/strong>&nbsp;para asegurar que la&nbsp;<strong>RD se mantuviera actualizada<\/strong>&nbsp;en t\u00e9rminos de regulaci\u00f3n, procedimientos, captaci\u00f3n y actualizaci\u00f3n del personal t\u00e9cnico y otras acciones necesarias para mantener la seguridad operacional de acuerdo a los par\u00e1metros internacionales.<\/p>\n\n\n\n<p><strong>El pa\u00eds no estaba preparado para superar auditor\u00eda<\/strong><\/p>\n\n\n\n<p>Porcella manifest\u00f3 que&nbsp;<strong>hace 4 a\u00f1os el pa\u00eds no estaba preparado<\/strong>&nbsp;para pasar la prueba de una auditor\u00eda de la FAA, debido a que la aviaci\u00f3n nacional mostraba&nbsp;<strong>notables retrasos en sus reglamentos y normas de cumplimiento.<\/strong><\/p>\n\n\n\n<p><em>\u201cReafirmo, como ya he dicho antes, que el pa\u00eds no estaba preparado para pasar la evaluaci\u00f3n de la FAA ni en el 2020 ni en el 2021 ni en el 2022\u201d,<\/em>&nbsp;enfatiz\u00f3 el director general del IDAC.<\/p>\n\n\n\n<p>Sostuvo que el&nbsp;<strong>esfuerzo desplegado<\/strong>&nbsp;por el IDAC en los&nbsp;<strong>\u00faltimos tres a\u00f1os<\/strong>&nbsp;para preparar a los t\u00e9cnicos nacionales, contratar asesores del m\u00e1s nivel, a fin de actualizar las normas y regulaciones de la aviaci\u00f3n y aplicar nuevos m\u00e9todos para mejorar las operaciones aeron\u00e1uticas, hizo posible&nbsp;<strong>superar las muchas debilidades<\/strong>&nbsp;que mostraba el sector.<\/p>\n","protected":false},"excerpt":{"rendered":"<p>Santo Domingo.- El director general&nbsp; del Instituto Dominicano de Aviaci\u00f3n Civil (IDAC),&nbsp;H\u00e9ctor Porcella, afirm\u00f3 que la reciente&nbsp;reforma a la Ley 491-06&nbsp;sobre Aviaci\u00f3n Civil alinea el marco normativo de la&nbsp;seguridad operacional&nbsp;del&hellip; <\/p>\n","protected":false},"author":2,"featured_media":52475,"comment_status":"closed","ping_status":"closed","sticky":false,"template":"","format":"standard","meta":{"fifu_image_url":"","fifu_image_alt":"","footnotes":""},"categories":[168],"tags":[],"class_list":["post-52474","post","type-post","status-publish","format-standard","has-post-thumbnail","hentry","category-transporte-aereo"],"_links":{"self":[{"href":"https:\/\/elmundodelosnegocios.com.do\/v1\/wp-json\/wp\/v2\/posts\/52474","targetHints":{"allow":["GET"]}}],"collection":[{"href":"https:\/\/elmundodelosnegocios.com.do\/v1\/wp-json\/wp\/v2\/posts"}],"about":[{"href":"https:\/\/elmundodelosnegocios.com.do\/v1\/wp-json\/wp\/v2\/types\/post"}],"author":[{"embeddable":true,"href":"https:\/\/elmundodelosnegocios.com.do\/v1\/wp-json\/wp\/v2\/users\/2"}],"replies":[{"embeddable":true,"href":"https:\/\/elmundodelosnegocios.com.do\/v1\/wp-json\/wp\/v2\/comments?post=52474"}],"version-history":[{"count":2,"href":"https:\/\/elmundodelosnegocios.com.do\/v1\/wp-json\/wp\/v2\/posts\/52474\/revisions"}],"predecessor-version":[{"id":52492,"href":"https:\/\/elmundodelosnegocios.com.do\/v1\/wp-json\/wp\/v2\/posts\/52474\/revisions\/52492"}],"wp:featuredmedia":[{"embeddable":true,"href":"https:\/\/elmundodelosnegocios.com.do\/v1\/wp-json\/wp\/v2\/media\/52475"}],"wp:attachment":[{"href":"https:\/\/elmundodelosnegocios.com.do\/v1\/wp-json\/wp\/v2\/media?parent=52474"}],"wp:term":[{"taxonomy":"category","embeddable":true,"href":"https:\/\/elmundodelosnegocios.com.do\/v1\/wp-json\/wp\/v2\/categories?post=52474"},{"taxonomy":"post_tag","embeddable":true,"href":"https:\/\/elmundodelosnegocios.com.do\/v1\/wp-json\/wp\/v2\/tags?post=52474"}],"curies":[{"name":"wp","href":"https:\/\/api.w.org\/{rel}","templated":true}]}}