{"id":52496,"date":"2024-06-03T17:09:43","date_gmt":"2024-06-03T21:39:43","guid":{"rendered":"https:\/\/elmundodelosnegocios.com.do\/v1\/?p=52496"},"modified":"2024-06-03T17:09:45","modified_gmt":"2024-06-03T21:39:45","slug":"fitch-afirma-calificacion-de-alaver-en-a-dom-perspectiva-estable","status":"publish","type":"post","link":"https:\/\/elmundodelosnegocios.com.do\/v1\/fitch-afirma-calificacion-de-alaver-en-a-dom-perspectiva-estable\/","title":{"rendered":"Fitch Afirma Calificaci\u00f3n de ALAVER en \u2018A-(dom)\u2019; Perspectiva Estable"},"content":{"rendered":"\n<p>La agencia calificadora de riesgos&nbsp;<strong>Fitch Ratings<\/strong>&nbsp;ha reafirmado la calificaci\u00f3n nacional de largo plazo A-(dom) a la Asociaci\u00f3n La Vega Real de Ahorros y Pr\u00e9stamos (<strong>Alaver<\/strong>), con una perspectiva estable a partir de su fortaleza financiera.<\/p>\n\n\n\n<p>La calificadora destac\u00f3 no s\u00f3lo el desempe\u00f1o financiero, sino tambi\u00e9n el compromiso de Alaver con la excelencia en el servicio. En su informe, resalt\u00f3 la capacidad de la asociaci\u00f3n para adaptarse \u201ceficazmente\u201d a las condiciones del mercado y abordar los desaf\u00edos presentados.<\/p>\n\n\n\n<p>La estabilidad en la calificaci\u00f3n nacional de largo plazo refleja la confianza en la gesti\u00f3n estrat\u00e9gica de la entidad, as\u00ed como en su capacidad para mantener una posici\u00f3n s\u00f3lida en el sistema financiero dominicano.<\/p>\n\n\n\n<p>Subray\u00f3 que su capitalizaci\u00f3n&nbsp;se considera adecuada, con un \u00edndice de capital base del 25.1% a diciembre de 2023. \u201cEste nivel robusto de capitalizaci\u00f3n permite a la entidad sustentar su crecimiento y absorber posibles p\u00e9rdidas, aline\u00e1ndose con su naturaleza mutualista y la retenci\u00f3n de utilidades\u201d, resalt\u00f3.<\/p>\n\n\n\n<p>Indic\u00f3 que Alaver cuenta con una base de depositantes amplia y estable, lo que sustenta su crecimiento en la cartera de pr\u00e9stamos. Al cierre de 2023, la entidad mantuvo un indicador de pr\u00e9stamos a dep\u00f3sitos conservador del 86.8%, sin riesgos relevantes de refinanciamiento y con una estructura de fondeo que ha mostrado estabilidad a lo largo del tiempo.<\/p>\n\n\n\n<p>Fitch Rating expuso que el cuerpo gerencial de Alaver es estable y experimentado, con una estad\u00eda promedio de 20 a\u00f1os en la entidad.<\/p>\n","protected":false},"excerpt":{"rendered":"<p>La agencia calificadora de riesgos&nbsp;Fitch Ratings&nbsp;ha reafirmado la calificaci\u00f3n nacional de largo plazo A-(dom) a la Asociaci\u00f3n La Vega Real de Ahorros y Pr\u00e9stamos (Alaver), con una perspectiva estable a&hellip; <\/p>\n","protected":false},"author":2,"featured_media":52497,"comment_status":"closed","ping_status":"closed","sticky":false,"template":"","format":"standard","meta":{"fifu_image_url":"","fifu_image_alt":"","footnotes":""},"categories":[94],"tags":[],"class_list":["post-52496","post","type-post","status-publish","format-standard","has-post-thumbnail","hentry","category-finanzas"],"_links":{"self":[{"href":"https:\/\/elmundodelosnegocios.com.do\/v1\/wp-json\/wp\/v2\/posts\/52496","targetHints":{"allow":["GET"]}}],"collection":[{"href":"https:\/\/elmundodelosnegocios.com.do\/v1\/wp-json\/wp\/v2\/posts"}],"about":[{"href":"https:\/\/elmundodelosnegocios.com.do\/v1\/wp-json\/wp\/v2\/types\/post"}],"author":[{"embeddable":true,"href":"https:\/\/elmundodelosnegocios.com.do\/v1\/wp-json\/wp\/v2\/users\/2"}],"replies":[{"embeddable":true,"href":"https:\/\/elmundodelosnegocios.com.do\/v1\/wp-json\/wp\/v2\/comments?post=52496"}],"version-history":[{"count":1,"href":"https:\/\/elmundodelosnegocios.com.do\/v1\/wp-json\/wp\/v2\/posts\/52496\/revisions"}],"predecessor-version":[{"id":52498,"href":"https:\/\/elmundodelosnegocios.com.do\/v1\/wp-json\/wp\/v2\/posts\/52496\/revisions\/52498"}],"wp:featuredmedia":[{"embeddable":true,"href":"https:\/\/elmundodelosnegocios.com.do\/v1\/wp-json\/wp\/v2\/media\/52497"}],"wp:attachment":[{"href":"https:\/\/elmundodelosnegocios.com.do\/v1\/wp-json\/wp\/v2\/media?parent=52496"}],"wp:term":[{"taxonomy":"category","embeddable":true,"href":"https:\/\/elmundodelosnegocios.com.do\/v1\/wp-json\/wp\/v2\/categories?post=52496"},{"taxonomy":"post_tag","embeddable":true,"href":"https:\/\/elmundodelosnegocios.com.do\/v1\/wp-json\/wp\/v2\/tags?post=52496"}],"curies":[{"name":"wp","href":"https:\/\/api.w.org\/{rel}","templated":true}]}}