{"id":52510,"date":"2024-06-03T22:08:57","date_gmt":"2024-06-04T02:38:57","guid":{"rendered":"https:\/\/elmundodelosnegocios.com.do\/v1\/?p=52510"},"modified":"2024-06-03T22:08:59","modified_gmt":"2024-06-04T02:38:59","slug":"concluye-amadita-laboratorios-tercera-fase-fortalecimiento-estructura-corporativa","status":"publish","type":"post","link":"https:\/\/elmundodelosnegocios.com.do\/v1\/concluye-amadita-laboratorios-tercera-fase-fortalecimiento-estructura-corporativa\/","title":{"rendered":"Concluye Amadita Laboratorios tercera fase fortalecimiento estructura corporativa"},"content":{"rendered":"\n<ul class=\"wp-block-list\">\n<li><strong>Un\u00a0 plan estrat\u00e9gico que inici\u00f3 en el 2019 y que continuar\u00e1 el legado de do\u00f1a Amada Pittaluga de Gonz\u00e1lez y Patricia Gonz\u00e1lez Pittaluga de Berg\u00e9s<\/strong><\/li>\n<\/ul>\n\n\n\n<p><strong>Santo Domingo, 3 de junio 2024.-<\/strong>&nbsp;Fiel a su compromiso de continuar innovando para ofrecer un servicio de calidad, y con el prop\u00f3sito de afianzar su posicionamiento como referente en el procesamiento de resultados de anal\u00edticas cl\u00ednicas local e internacionalmente, Amadita avanza en su plan estrat\u00e9gico y culmina el fortalecimiento de su gobernanza corporativa.<\/p>\n\n\n<div class=\"wp-block-image\">\n<figure class=\"aligncenter size-full\"><img loading=\"lazy\" decoding=\"async\" width=\"960\" height=\"640\" src=\"https:\/\/elmundodelosnegocios.com.do\/v1\/wp-content\/uploads\/2024\/06\/ARF09185-1024x726-1.jpg\" alt=\"\" class=\"wp-image-52511\" srcset=\"https:\/\/elmundodelosnegocios.com.do\/v1\/wp-content\/uploads\/2024\/06\/ARF09185-1024x726-1.jpg 960w, https:\/\/elmundodelosnegocios.com.do\/v1\/wp-content\/uploads\/2024\/06\/ARF09185-1024x726-1-300x200.jpg 300w, https:\/\/elmundodelosnegocios.com.do\/v1\/wp-content\/uploads\/2024\/06\/ARF09185-1024x726-1-768x512.jpg 768w\" sizes=\"auto, (max-width: 960px) 100vw, 960px\" \/><\/figure>\n<\/div>\n\n\n<p>Parte clave de esta reestructuraci\u00f3n, que inici\u00f3 hace cinco a\u00f1os, es la designaci\u00f3n de la Dra. Patricia Gonz\u00e1lez Pittaluga de Berg\u00e9s como presidenta del Consejo de Familia y Grupo Gonz\u00e1lez Pittaluga; el nombramiento de Alberto Berg\u00e9s Gonz\u00e1lez como presidente del Consejo de Administraci\u00f3n; y de Giancarlo Sanguinetti Durand como&nbsp;director ejecutivo general (CEO).<\/p>\n\n\n<div class=\"wp-block-image\">\n<figure class=\"aligncenter size-full\"><img loading=\"lazy\" decoding=\"async\" width=\"903\" height=\"640\" src=\"https:\/\/elmundodelosnegocios.com.do\/v1\/wp-content\/uploads\/2024\/06\/ARF09186-1024x726-1.jpg\" alt=\"\" class=\"wp-image-52512\" srcset=\"https:\/\/elmundodelosnegocios.com.do\/v1\/wp-content\/uploads\/2024\/06\/ARF09186-1024x726-1.jpg 903w, https:\/\/elmundodelosnegocios.com.do\/v1\/wp-content\/uploads\/2024\/06\/ARF09186-1024x726-1-300x213.jpg 300w, https:\/\/elmundodelosnegocios.com.do\/v1\/wp-content\/uploads\/2024\/06\/ARF09186-1024x726-1-768x544.jpg 768w\" sizes=\"auto, (max-width: 903px) 100vw, 903px\" \/><\/figure>\n<\/div>\n\n\n<p>Alberto Berg\u00e9s Gonz\u00e1lez, con m\u00e1s de 15 a\u00f1os de experiencia en el \u00e1mbito legal, contractual y de gobernanza corporativa, quien adem\u00e1s ha&nbsp;desempe\u00f1ado roles clave dentro de la empresa como miembro del Comit\u00e9 de Estrategia y Gobernabilidad, y del Comit\u00e9 Ejecutivo,&nbsp;liderar\u00e1 el Consejo de Administraci\u00f3n de la compa\u00f1\u00eda, para velar por la ejecuci\u00f3n del plan estrat\u00e9gico y la sostenibilidad del negocio; as\u00ed como dar continuidad al legado y los valores empresariales de Amadita, convirti\u00e9ndose as\u00ed en una pieza clave para el r\u00e9gimen de gobernanza.<\/p>\n\n\n\n<p>Giancarlo Sanguinetti Durand, experto en desarrollo, con una amplia formaci\u00f3n en administraci\u00f3n de negocios, psicolog\u00eda del consumidor, finanzas y gesti\u00f3n empresarial, y reconocido por sus principios, valores \u00e9ticos y compromiso con el desarrollo de las personas, sumar\u00e1 sus 25 a\u00f1os de experiencia y liderazgo en el sector salud en pa\u00edses como Per\u00fa, Ecuador, Colombia y Chile para seguir encaminando a la empresa en una hoja de ruta de transformaci\u00f3n, con una visi\u00f3n de desarrollo e innovaci\u00f3n, garantizando la continuidad de la calidad y confianza en los servicios, y continuar desarrollando estrategias sostenibles de alto valor para la sociedad.&nbsp;<\/p>\n\n\n\n<p><strong>Sucesi\u00f3n y profesionalizaci\u00f3n<\/strong><\/p>\n\n\n\n<p>El plan de sucesi\u00f3n de Amadita inici\u00f3 en el 2019, con una visi\u00f3n estrat\u00e9gica a largo plazo. Los primeros pasos que dio la familia empresaria fue profesionalizar el&nbsp;Consejo de Administraci\u00f3n con la integraci\u00f3n de la tercera generaci\u00f3n, la migraci\u00f3n de la segunda generaci\u00f3n al plano institucional y la incorporaci\u00f3n de directores independientes en los \u00f3rganos de gobierno.<\/p>\n\n\n\n<p><strong>Un legado indeleble<\/strong><\/p>\n\n\n\n<p>Por casi 65 a\u00f1os, Amadita ha sido un aliado en la salud y bienestar de la Rep\u00fablica Dominicana; no solo por ofrecer un servicio de calidad, sino tambi\u00e9n por su gran aporte altruista y social, y a su vez por ser una fuente de empleo para miles de hombres y mujeres quienes trabajan con dedicaci\u00f3n, m\u00edstica y ah\u00ednco.<\/p>\n\n\n\n<p>La promesa de Amadita en esta nueva etapa empresarial es hacer honor al legado de las generaciones antecesoras, y mantenerse a la vanguardia para continuar siendo un actor relevante en el sector salud, y un aliado por excelencia de todos los que habitan en la Rep\u00fablica Dominicana.<\/p>\n\n\n\n<p><strong>M\u00e1s sobre Amadita<\/strong><\/p>\n\n\n\n<p>Fundado en 1959 por Amada Pittaluga de Gonz\u00e1lez. Cuenta con m\u00e1s de 60 sucursales ubicadas estrat\u00e9gicamente en la Rep\u00fablica Dominicana, las cuales disponen de facilidades como: turno preferencial, experiencia Superkids (\u00e1rea de espera y atenci\u00f3n especial para ni\u00f1os), servicio de toma de muestra a domicilio, Wi-fi, kiosko de resultados, solicitud y pago de anal\u00edticas de manera anticipada; consulta de resultados en l\u00ednea y sus canales Amadita que operan 24 horas, App Amadita, WhatsApp y Call Center.<\/p>\n\n\n\n<p>Por su certificaci\u00f3n de calidad&nbsp; ISO 9001&nbsp; y su acreditaci\u00f3n&nbsp; ISO 15189, Amadita Laboratorio Cl\u00ednico es monitoreado constantemente por organismos internacionales para validaci\u00f3n del cumplimiento de los procesos, asegurando as\u00ed resultados cl\u00ednicamente confiables.&nbsp;<\/p>\n\n\n\n<p>Con cada acci\u00f3n e innovaci\u00f3n se afianza el compromiso de ser un socio integral del bienestar y la salud para las personas.<\/p>\n\n\n\n<p><strong>&nbsp;<\/strong><a href=\"http:\/\/www.amadita.com\"><strong>www.amadita.com<\/strong><\/a><\/p>\n\n\n\n<p><strong>Perfil Alberto Berg\u00e9s Gonz\u00e1lez<\/strong><\/p>\n\n\n\n<p>Es miembro de la tercera generaci\u00f3n de l\u00edderes de la familia Gonz\u00e1lez Pittaluga, y asume el rol de presidente del Consejo de Administraci\u00f3n de Amadita.<\/p>\n\n\n\n<p>Graduado en Derecho con un m\u00e1ster en Derecho Bancario y Regulaci\u00f3n Financiera de la Universidad de Boston. M\u00e1s de 15 a\u00f1os de experiencia en el \u00e1mbito legal, contractual y de gobernanza corporativa.<\/p>\n\n\n\n<p>Desde el 2019, ha desempe\u00f1ado roles claves dentro de Amadita Laboratorio Cl\u00ednico. Fue secretario en los Consejos de Administraci\u00f3n, asegurando la correcta gesti\u00f3n de la informaci\u00f3n y facilitando la toma de decisiones. En el 2021, fue designado miembro del Comit\u00e9 de Estrategia y Gobernabilidad, desde donde realiz\u00f3 aportes significativos para el desarrollo y crecimiento de la empresa.<\/p>\n\n\n\n<p>En el 2022, fue nombrado vocal del Consejo de Administraci\u00f3n y luego, en el 2023, fue designado miembro del Comit\u00e9 Ejecutivo, demostrando su compromiso y liderazgo en el desarrollo y direcci\u00f3n estrat\u00e9gica de la compa\u00f1\u00eda.<\/p>\n\n\n\n<p><strong>Perfil Giancarlo <\/strong><strong>Sanguinetti<\/strong><\/p>\n\n\n\n<p>Ha sido nombrado como director ejecutivo general&nbsp;(CEO) de Amadita.<\/p>\n\n\n\n<p>Cuenta con m\u00e1s de 25 a\u00f1os de experiencia en el sector salud, desempe\u00f1ando roles de liderazgo a nivel internacional en pa\u00edses como Per\u00fa, Ecuador, Colombia, Chile, y como asesor experto de la materia en diversas latitudes.&nbsp;<\/p>\n\n\n\n<p>Su amplia formaci\u00f3n incluye haber completado dos carreras universitarias, una en Administraci\u00f3n de Negocios y otra en Comunicaciones con especialidad en Psicolog\u00eda del Consumidor, respaldadas por un MBA con menci\u00f3n en Finanzas de la Universidad Ricardo Palma, y una maestr\u00eda en Gesti\u00f3n Empresarial. &nbsp;Siendo su alma mater el IESE \/ Universidad de Navarra, refrendada por la Universidad de Piura, en Lima, Per\u00fa.<\/p>\n\n\n\n<p>Tiene m\u00e1s de diez a\u00f1os ejerciendo roles como CEO y miembro de directorios y juntas. Tambi\u00e9n se ha desempe\u00f1ado como director y speaker para diversos proyectos en Am\u00e9rica Latina. Actualmente, es miembro de diversos comit\u00e9s, asociaciones y c\u00e1maras de comercio en los pa\u00edses donde ha laborado, dejando una marca duradera en cada una de ellas.<\/p>\n","protected":false},"excerpt":{"rendered":"<p>Santo Domingo, 3 de junio 2024.-&nbsp;Fiel a su compromiso de continuar innovando para ofrecer un servicio de calidad, y con el prop\u00f3sito de afianzar su posicionamiento como referente en el&hellip; <\/p>\n","protected":false},"author":2,"featured_media":52514,"comment_status":"closed","ping_status":"closed","sticky":false,"template":"","format":"standard","meta":{"fifu_image_url":"https:\/\/elmundodelosnegocios.com.do\/v1\/wp-content\/uploads\/2024\/06\/ARF09185-1024x726-1.jpg","fifu_image_alt":"","footnotes":""},"categories":[83],"tags":[],"class_list":["post-52510","post","type-post","status-publish","format-standard","has-post-thumbnail","hentry","category-empresariales-empresariales"],"_links":{"self":[{"href":"https:\/\/elmundodelosnegocios.com.do\/v1\/wp-json\/wp\/v2\/posts\/52510","targetHints":{"allow":["GET"]}}],"collection":[{"href":"https:\/\/elmundodelosnegocios.com.do\/v1\/wp-json\/wp\/v2\/posts"}],"about":[{"href":"https:\/\/elmundodelosnegocios.com.do\/v1\/wp-json\/wp\/v2\/types\/post"}],"author":[{"embeddable":true,"href":"https:\/\/elmundodelosnegocios.com.do\/v1\/wp-json\/wp\/v2\/users\/2"}],"replies":[{"embeddable":true,"href":"https:\/\/elmundodelosnegocios.com.do\/v1\/wp-json\/wp\/v2\/comments?post=52510"}],"version-history":[{"count":1,"href":"https:\/\/elmundodelosnegocios.com.do\/v1\/wp-json\/wp\/v2\/posts\/52510\/revisions"}],"predecessor-version":[{"id":52513,"href":"https:\/\/elmundodelosnegocios.com.do\/v1\/wp-json\/wp\/v2\/posts\/52510\/revisions\/52513"}],"wp:featuredmedia":[{"embeddable":true,"href":"https:\/\/elmundodelosnegocios.com.do\/v1\/wp-json\/wp\/v2\/media\/52514"}],"wp:attachment":[{"href":"https:\/\/elmundodelosnegocios.com.do\/v1\/wp-json\/wp\/v2\/media?parent=52510"}],"wp:term":[{"taxonomy":"category","embeddable":true,"href":"https:\/\/elmundodelosnegocios.com.do\/v1\/wp-json\/wp\/v2\/categories?post=52510"},{"taxonomy":"post_tag","embeddable":true,"href":"https:\/\/elmundodelosnegocios.com.do\/v1\/wp-json\/wp\/v2\/tags?post=52510"}],"curies":[{"name":"wp","href":"https:\/\/api.w.org\/{rel}","templated":true}]}}