{"id":52527,"date":"2024-06-04T17:45:13","date_gmt":"2024-06-04T22:15:13","guid":{"rendered":"https:\/\/elmundodelosnegocios.com.do\/v1\/?p=52527"},"modified":"2024-06-04T17:45:14","modified_gmt":"2024-06-04T22:15:14","slug":"ministerio-de-turismo-entrega-obras-por-100-millones-de-pesos-en-las-terrenas-inicia-otras","status":"publish","type":"post","link":"https:\/\/elmundodelosnegocios.com.do\/v1\/ministerio-de-turismo-entrega-obras-por-100-millones-de-pesos-en-las-terrenas-inicia-otras\/","title":{"rendered":"Ministerio de Turismo entrega obras por 100 millones de pesos, en Las Terrenas; inicia otras"},"content":{"rendered":"\n<p>Saman\u00e1.-&nbsp;<strong>El ministro de Turismo, David Collado<\/strong>, inaugur\u00f3&nbsp;<strong>tres importantes obras<\/strong>&nbsp;en esta provincia y dej\u00f3 iniciado los trabajos de un&nbsp;<strong>nuevo proyecto<\/strong>, con una inversi\u00f3n total superior a los&nbsp;&nbsp;<strong>RD 133 millones.<\/strong><\/p>\n\n\n<div class=\"wp-block-image\">\n<figure class=\"aligncenter size-large\"><img decoding=\"async\" src=\"https:\/\/presidencia.gob.do\/sites\/default\/files\/styles\/large\/public\/news\/2024-06\/Entrega%20obras%20Las%20Terrenas%20%281%29.jpg?itok=c0IxJzlF\" alt=\"\"\/><\/figure>\n<\/div>\n\n\n<p>Las intervenciones realizadas fueron la construcci\u00f3n de las&nbsp;<strong>infraestructuras viales<\/strong>, segunda etapa, en el \u00e1rea de&nbsp;<strong>La Granja y Cos\u00f3n<\/strong>, as\u00ed como, la reconstrucci\u00f3n de los accesos de&nbsp;<strong>Ramal Viva y Ramal Los N\u00f3madas, playa Cos\u00f3n<\/strong>, segunda etapa en Las Terrenas y la reconstrucci\u00f3n de la v\u00eda de acceso a&nbsp;<strong>playa Estillero<\/strong>, en el municipio El Lim\u00f3n.<\/p>\n\n\n\n<p>Esas obras fueron ejecutadas por un monto total de&nbsp;<strong>RD 120,277,900<\/strong>.<\/p>\n\n\n\n<p>Adem\u00e1s de dejar en funcionamiento estas tres obras, el ministro Collado dio el primer picazo a los trabajos de la reconstrucci\u00f3n de la&nbsp;<strong>pasarela peatonal en la zona costera<\/strong>&nbsp;del municipio&nbsp;<strong>Las Terrenas<\/strong>, cuya inversi\u00f3n ser\u00e1 de&nbsp;<strong>RD 13,352,565<\/strong>.<\/p>\n\n\n\n<p>El ministro Collado manifest\u00f3 que todas esas obras son parte del&nbsp;<strong>esfuerzo que realiza el gobierno<\/strong>&nbsp;para seguir&nbsp;<strong>posicionando a Saman\u00e1<\/strong>&nbsp;como destino tur\u00edstico de&nbsp;<strong>Rep\u00fablica Dominicana<\/strong>.<\/p>\n\n\n\n<p><em>\u201cAdem\u00e1s, todas esas obras tienen un impacto directo entre los residentes de los diferentes lugares intervenidos. Porque nosotros creemos en un turismo humano, que llegue a la gente\u00bb,<\/em>&nbsp;dijo el ministro Collado.<\/p>\n\n\n\n<figure class=\"wp-block-image\"><img decoding=\"async\" src=\"https:\/\/presidencia.gob.do\/sites\/default\/files\/inline-images\/primer%20picazo.jpg\" alt=\"\"\/><\/figure>\n\n\n\n<p><strong>Obras<\/strong><\/p>\n\n\n\n<p>Reconstrucci\u00f3n de la v\u00eda de acceso a playa Estillero, municipio El Lim\u00f3n, a un costo de inversi\u00f3n&nbsp;<strong>RD 47,624,942.24<\/strong><\/p>\n\n\n\n<p>El proyecto consisti\u00f3 en la&nbsp;<strong>reconstrucci\u00f3n de la v\u00eda<\/strong>&nbsp;de dos carriles de circulaci\u00f3n de 2.50 metros c\/u que conecta la&nbsp;<strong>playa Estillero<\/strong>, con la carretera hacia Las Terrenas, en una longitud de&nbsp;<strong>2.45 kil\u00f3metros<\/strong>, divididos en 4 ejes viales hacia la playa.<\/p>\n\n\n\n<p>Asimismo, la&nbsp;<strong>construcci\u00f3n de una alcantarilla de caj\u00f3n&nbsp;<\/strong>de 1.00 metros,&nbsp;<strong>cunetas triangulares<\/strong>&nbsp;de hormig\u00f3n y talud para conformar&nbsp;<strong>drenaje longitudinal<\/strong>, para&nbsp;<strong>garantizar la durabilidad<\/strong>&nbsp;de la v\u00eda a construir.&nbsp;<\/p>\n\n\n\n<p>Tambi\u00e9n,&nbsp;<strong>reparaci\u00f3n de badenes<\/strong>&nbsp;existentes,&nbsp;<strong>iluminaci\u00f3n<\/strong>,&nbsp;<strong>limpieza de la v\u00eda<\/strong>, colocaci\u00f3n de&nbsp;<strong>hormig\u00f3n asf\u00e1ltico,<\/strong>&nbsp;<strong>se\u00f1alizaci\u00f3n vial<\/strong>&nbsp;(horizontal y vertical).<\/p>\n\n\n\n<p>Adem\u00e1s, construcci\u00f3n de las&nbsp;<strong>infraestructuras viales<\/strong>&nbsp;de Las Terrenas, segunda etapa. El proyecto fue realizado con una inversi\u00f3n de&nbsp;<strong>RD 24,280,237.23.<\/strong><\/p>\n\n\n\n<p>El proyecto consiste en la&nbsp;<strong>reconstrucci\u00f3n de 3 ejes viales<\/strong>&nbsp;con un total de&nbsp;<strong>1.86 kil\u00f3metros de longitud,<\/strong>&nbsp;con un ancho variable; divididos en dos zonas dentro del municipio de&nbsp;<strong>Las Terrenas<\/strong>, en el \u00e1rea de&nbsp;<strong>La Granja y Cos\u00f3n<\/strong>.<\/p>\n\n\n\n<p>Dentro de los alcances se encuentran: recuperaci\u00f3n de la estructura vial, colocaci\u00f3n de capa de rodadura asf\u00e1ltica. La construcci\u00f3n de&nbsp;<strong>522 metros cuadrados de acera<\/strong>,&nbsp;<strong>1,621 metros lineales de contenes<\/strong>&nbsp;de hormig\u00f3n para el&nbsp;<strong>correcto recorrido de las aguas,<\/strong>&nbsp;adem\u00e1s, de su se\u00f1alizaci\u00f3n horizontal y vertical.<\/p>\n\n\n\n<p>Reconstrucci\u00f3n de los accesos de Ramal Viva y Ramal Los N\u00f3madas, Playa Cos\u00f3n, a un costo de&nbsp;<strong>RD 48,372,720.59<\/strong>.<\/p>\n\n\n\n<p>La&nbsp;<strong>segunda etapa<\/strong>&nbsp;del proyecto consisti\u00f3 en la reconstrucci\u00f3n de un eje vial que conecta una de las m\u00e1s hermosas playas de las Terrenas, Playa Cos\u00f3n, con el&nbsp;<strong>boulevard tur\u00edstico del Atl\u00e1ntico<\/strong>.<\/p>\n\n\n\n<p>Ramal Los N\u00f3madas, una longitud de 1.20 kil\u00f3metros con&nbsp;<strong>dos carriles de circulaci\u00f3n<\/strong>, para un ancho de 5.00 metros. Adem\u00e1s, de la construcci\u00f3n de&nbsp;<strong>600 metros lineales de canaletas<\/strong>&nbsp;en sus laterales, para conformar drenaje longitudinal.<\/p>\n\n\n\n<p>Reconstrucci\u00f3n de la&nbsp;<strong>pasarela peatonal<\/strong>&nbsp;en la zona costera del municipio Las Terrenas, con un costo de&nbsp;<strong>RD 13,352,565.52.<\/strong><\/p>\n\n\n\n<p>El proyecto es una obra con un \u00e1rea de intervenci\u00f3n de&nbsp;<strong>550 metros cuadrados de construcci\u00f3n<\/strong>. Consiste en la reconstrucci\u00f3n de una pasarela y acceso peatonal, siendo este un elemento conector del recorrido por las diferentes \u00e1reas de&nbsp;<strong>playas y atractivos tur\u00edsticos de la zona.<\/strong><\/p>\n\n\n\n<p>Contempla un recorrido de&nbsp;<strong>160.0 metros lineales&nbsp;<\/strong>revestidos en madera sint\u00e9tica, sobre una estructura en hormig\u00f3n de 45.0 metros lineales, ubicado sobre la ca\u00f1ada existente. Incluyendo un&nbsp;<strong>dise\u00f1o de iluminaci\u00f3n<\/strong>&nbsp;y 87.71 metros lineales de barandas en madera.<\/p>\n\n\n\n<p>Adem\u00e1s, de la construcci\u00f3n de una&nbsp;<strong>caseta de Politur&nbsp;<\/strong>para brindar&nbsp;<strong>seguridad a los usuarios&nbsp;<\/strong>de la zona.<\/p>\n","protected":false},"excerpt":{"rendered":"<p>Saman\u00e1.-&nbsp;El ministro de Turismo, David Collado, inaugur\u00f3&nbsp;tres importantes obras&nbsp;en esta provincia y dej\u00f3 iniciado los trabajos de un&nbsp;nuevo proyecto, con una inversi\u00f3n total superior a los&nbsp;&nbsp;RD 133 millones. Las intervenciones&hellip; <\/p>\n","protected":false},"author":2,"featured_media":52529,"comment_status":"closed","ping_status":"closed","sticky":false,"template":"","format":"standard","meta":{"fifu_image_url":"https:\/\/presidencia.gob.do\/sites\/default\/files\/styles\/large\/public\/news\/2024-06\/Entrega%20obras%20Las%20Terrenas%20%281%29.jpg?itok=c0IxJzlF","fifu_image_alt":"","footnotes":""},"categories":[172],"tags":[],"class_list":["post-52527","post","type-post","status-publish","format-standard","has-post-thumbnail","hentry","category-turismo"],"_links":{"self":[{"href":"https:\/\/elmundodelosnegocios.com.do\/v1\/wp-json\/wp\/v2\/posts\/52527","targetHints":{"allow":["GET"]}}],"collection":[{"href":"https:\/\/elmundodelosnegocios.com.do\/v1\/wp-json\/wp\/v2\/posts"}],"about":[{"href":"https:\/\/elmundodelosnegocios.com.do\/v1\/wp-json\/wp\/v2\/types\/post"}],"author":[{"embeddable":true,"href":"https:\/\/elmundodelosnegocios.com.do\/v1\/wp-json\/wp\/v2\/users\/2"}],"replies":[{"embeddable":true,"href":"https:\/\/elmundodelosnegocios.com.do\/v1\/wp-json\/wp\/v2\/comments?post=52527"}],"version-history":[{"count":1,"href":"https:\/\/elmundodelosnegocios.com.do\/v1\/wp-json\/wp\/v2\/posts\/52527\/revisions"}],"predecessor-version":[{"id":52528,"href":"https:\/\/elmundodelosnegocios.com.do\/v1\/wp-json\/wp\/v2\/posts\/52527\/revisions\/52528"}],"wp:featuredmedia":[{"embeddable":true,"href":"https:\/\/elmundodelosnegocios.com.do\/v1\/wp-json\/wp\/v2\/media\/52529"}],"wp:attachment":[{"href":"https:\/\/elmundodelosnegocios.com.do\/v1\/wp-json\/wp\/v2\/media?parent=52527"}],"wp:term":[{"taxonomy":"category","embeddable":true,"href":"https:\/\/elmundodelosnegocios.com.do\/v1\/wp-json\/wp\/v2\/categories?post=52527"},{"taxonomy":"post_tag","embeddable":true,"href":"https:\/\/elmundodelosnegocios.com.do\/v1\/wp-json\/wp\/v2\/tags?post=52527"}],"curies":[{"name":"wp","href":"https:\/\/api.w.org\/{rel}","templated":true}]}}