{"id":52533,"date":"2024-06-04T17:52:07","date_gmt":"2024-06-04T22:22:07","guid":{"rendered":"https:\/\/elmundodelosnegocios.com.do\/v1\/?p=52533"},"modified":"2024-06-04T17:52:09","modified_gmt":"2024-06-04T22:22:09","slug":"ministro-bisono-destaca-relaciones-comerciales-entre-la-rep-dominicana-e-italia","status":"publish","type":"post","link":"https:\/\/elmundodelosnegocios.com.do\/v1\/ministro-bisono-destaca-relaciones-comerciales-entre-la-rep-dominicana-e-italia\/","title":{"rendered":"Ministro Bison\u00f3 destaca relaciones comerciales entre la Rep.Dominicana e Italia"},"content":{"rendered":"\n<p><strong>Santo Domingo, \u2013&nbsp;<\/strong>Tras la celebraci\u00f3n del 78 aniversario de la Rep\u00fablica Italiana y 126 de relaciones bilaterales dominico-italiana en el pa\u00eds, El ministro de Industria, Comercio y Mipymes (MICM) V\u00edctor Bison\u00f3, destac\u00f3 los grandes aportes entre ambas naciones.<\/p>\n\n\n<div class=\"wp-block-image\">\n<figure class=\"aligncenter size-full is-resized\"><img loading=\"lazy\" decoding=\"async\" width=\"800\" height=\"450\" src=\"https:\/\/elmundodelosnegocios.com.do\/v1\/wp-content\/uploads\/2024\/06\/2-2.jpg\" alt=\"\" class=\"wp-image-52534\" style=\"width:840px;height:auto\" srcset=\"https:\/\/elmundodelosnegocios.com.do\/v1\/wp-content\/uploads\/2024\/06\/2-2.jpg 800w, https:\/\/elmundodelosnegocios.com.do\/v1\/wp-content\/uploads\/2024\/06\/2-2-300x169.jpg 300w, https:\/\/elmundodelosnegocios.com.do\/v1\/wp-content\/uploads\/2024\/06\/2-2-768x432.jpg 768w\" sizes=\"auto, (max-width: 800px) 100vw, 800px\" \/><\/figure>\n<\/div>\n\n\n<p>\u201cEs para m\u00ed un honor y un privilegio estar en este hist\u00f3rico monumento que nos recuerda el legado de Fray Ant\u00f3n de Montesinos, para honrar la amistad y la colaboraci\u00f3n que han caracterizado las relaciones entre Rep\u00fablica Dominicana e Italia a lo largo de los a\u00f1os\u201d, expuso Bison\u00f3.<\/p>\n\n\n\n<p>Dijo que la estrecha relaci\u00f3n se ha reflejado y consolidado y que hoy por hoy se desataca en el aumento que ha experimentado el intercambio comercial entre ambas naciones.<\/p>\n\n\n\n<p>\u201cEn tanto Italia ha duplicado sus importaciones a Rep\u00fablica Dominicana, y nos enorgullece el protagonismo que ha ganado, con inversiones en sectores clave como la industria del cemento, los servicios de tratamiento de aguas, la distribuci\u00f3n de producto, las energ\u00edas renovables y la tecnolog\u00eda\u201d, agreg\u00f3.<\/p>\n\n\n\n<figure class=\"wp-block-image\"><img decoding=\"async\" src=\"https:\/\/micm.gob.do\/wp-content\/uploads\/2024\/06\/Ministro-Bisono-destaca-la-colaboracion-de-relaciones-comerciales-02.jpeg\" alt=\"\" class=\"wp-image-40448\"\/><\/figure>\n\n\n\n<p>A\u00f1adi\u00f3 que esos avances son el resultado de un trabajo conjunto y reflejan el potencial que \u201ca\u00fan tenemos por desarrollar\u201d, a la vez que destac\u00f3 que el objetivo es convertir a la Rep\u00fablica Dominicana en un destino cada vez m\u00e1s atractivo para las empresas italianas, ofreciendo oportunidades \u00fanicas en sectores como la industria y los servicios.<\/p>\n\n\n\n<p>De igual modo, Bison\u00f3 resalt\u00f3 el inter\u00e9s de la gesti\u00f3n de gobierno liderada por el Presidente Abinader, por hacer crecer ese intercambio, al calor del Acuerdo de Asociaci\u00f3n Econ\u00f3mica (AAE) y el Acuerdo de Promoci\u00f3n y Protecci\u00f3n de Inversiones.<\/p>\n\n\n\n<p>Dijo, adem\u00e1s, que como dominicanos hay muchos motivos para reflexionar sobre la profunda influencia que la comunidad italiana ha legado en la construcci\u00f3n de la estructura pol\u00edtica, social, econ\u00f3mica y cultural de RD.<\/p>\n\n\n\n<p>Asimismo, destac\u00f3 que los italianos han estado presentes en momentos fundamentales de la creaci\u00f3n del Estado dominicano, desde la Marina hasta la Independencia nacional y la Iglesia cat\u00f3lica y desde las primeras elecciones libres hasta el primer peri\u00f3dico.<\/p>\n\n\n\n<p>Agradeci\u00f3 eternamente a Andrea Canepari, exembajador Extraordinario y Plenipotenciario de Italia en Santo Domingo, por su incansable trabajo y su compromiso con la difusi\u00f3n de la herencia cultural italiana en el pa\u00eds.<\/p>\n\n\n\n<p>En tanto, Stefano Queirolo Palmas, embajador de Italia en Rep\u00fablica Dominicana, manifest\u00f3 que ambas naciones han sido amigas de toda la vida, al desatacar el importante papel que desempe\u00f1an los dominicanos en Italia en servicios en peque\u00f1as y medianas empresas, y los italianos en el pa\u00eds contribuyen significativamente a la econom\u00eda nacional.<\/p>\n\n\n\n<p><strong>Acerca de la de la fiesta nacional de Italia<\/strong><\/p>\n\n\n\n<p>Enfocados en celebrar la fiesta nacional de la Rep\u00fablica Italiana en la Rep\u00fablica Dominicana, la Embajada de Italia en el pa\u00eds realiz\u00f3 por tercera vez un interesante evento para toda la familia, popular, masivo, abierto y fraternal, el cual recoger\u00e1 lo mejor de esta exquisita cultura.<\/p>\n\n\n\n<p>El interesante evento permiti\u00f3 compartir la fiesta Nacional, junto a las familias italianas y de descendientes, con todos aquellos dominicanos y residentes extranjeros que deseen adentrarse m\u00e1s en su cultura, seg\u00fan las direcciones de su embajador en el pa\u00eds, Stefano Queirolo Palmas.<\/p>\n","protected":false},"excerpt":{"rendered":"<p>Santo Domingo, \u2013&nbsp;Tras la celebraci\u00f3n del 78 aniversario de la Rep\u00fablica Italiana y 126 de relaciones bilaterales dominico-italiana en el pa\u00eds, El ministro de Industria, Comercio y Mipymes (MICM) V\u00edctor&hellip; <\/p>\n","protected":false},"author":2,"featured_media":52536,"comment_status":"closed","ping_status":"closed","sticky":false,"template":"","format":"standard","meta":{"fifu_image_url":"https:\/\/elmundodelosnegocios.com.do\/v1\/wp-content\/uploads\/2024\/06\/2-2.jpg","fifu_image_alt":"","footnotes":""},"categories":[74],"tags":[],"class_list":["post-52533","post","type-post","status-publish","format-standard","has-post-thumbnail","hentry","category-comercio-internacional"],"_links":{"self":[{"href":"https:\/\/elmundodelosnegocios.com.do\/v1\/wp-json\/wp\/v2\/posts\/52533","targetHints":{"allow":["GET"]}}],"collection":[{"href":"https:\/\/elmundodelosnegocios.com.do\/v1\/wp-json\/wp\/v2\/posts"}],"about":[{"href":"https:\/\/elmundodelosnegocios.com.do\/v1\/wp-json\/wp\/v2\/types\/post"}],"author":[{"embeddable":true,"href":"https:\/\/elmundodelosnegocios.com.do\/v1\/wp-json\/wp\/v2\/users\/2"}],"replies":[{"embeddable":true,"href":"https:\/\/elmundodelosnegocios.com.do\/v1\/wp-json\/wp\/v2\/comments?post=52533"}],"version-history":[{"count":1,"href":"https:\/\/elmundodelosnegocios.com.do\/v1\/wp-json\/wp\/v2\/posts\/52533\/revisions"}],"predecessor-version":[{"id":52535,"href":"https:\/\/elmundodelosnegocios.com.do\/v1\/wp-json\/wp\/v2\/posts\/52533\/revisions\/52535"}],"wp:featuredmedia":[{"embeddable":true,"href":"https:\/\/elmundodelosnegocios.com.do\/v1\/wp-json\/wp\/v2\/media\/52536"}],"wp:attachment":[{"href":"https:\/\/elmundodelosnegocios.com.do\/v1\/wp-json\/wp\/v2\/media?parent=52533"}],"wp:term":[{"taxonomy":"category","embeddable":true,"href":"https:\/\/elmundodelosnegocios.com.do\/v1\/wp-json\/wp\/v2\/categories?post=52533"},{"taxonomy":"post_tag","embeddable":true,"href":"https:\/\/elmundodelosnegocios.com.do\/v1\/wp-json\/wp\/v2\/tags?post=52533"}],"curies":[{"name":"wp","href":"https:\/\/api.w.org\/{rel}","templated":true}]}}