{"id":52585,"date":"2024-06-06T23:12:21","date_gmt":"2024-06-07T03:42:21","guid":{"rendered":"https:\/\/elmundodelosnegocios.com.do\/v1\/?p=52585"},"modified":"2024-06-06T23:12:23","modified_gmt":"2024-06-07T03:42:23","slug":"entregan-presidente-abinader-y-ministro-collado-remozado-museo-catedral-en-ciudad-colonial","status":"publish","type":"post","link":"https:\/\/elmundodelosnegocios.com.do\/v1\/entregan-presidente-abinader-y-ministro-collado-remozado-museo-catedral-en-ciudad-colonial\/","title":{"rendered":"Entregan Presidente Abinader y ministro Collado remozado museo Catedral en Ciudad Colonial"},"content":{"rendered":"\n<p><strong>Santo Domingo<\/strong>, D.N. Junio 6, 2024.-&nbsp;El presidente Luis Abinader y el ministro de Turismo, David Collado, inauguraron el Museo de la Catedral, en la Ciudad Colonial, un recinto renovado y modernizado, destinado a fortalecer la oferta tur\u00edstica, cultural y religiosa del centro hist\u00f3rico.<\/p>\n\n\n<div class=\"wp-block-image\">\n<figure class=\"aligncenter size-full\"><img loading=\"lazy\" decoding=\"async\" width=\"1000\" height=\"563\" src=\"https:\/\/elmundodelosnegocios.com.do\/v1\/wp-content\/uploads\/2024\/06\/000000000-1.jpg\" alt=\"\" class=\"wp-image-52586\" srcset=\"https:\/\/elmundodelosnegocios.com.do\/v1\/wp-content\/uploads\/2024\/06\/000000000-1.jpg 1000w, https:\/\/elmundodelosnegocios.com.do\/v1\/wp-content\/uploads\/2024\/06\/000000000-1-300x169.jpg 300w, https:\/\/elmundodelosnegocios.com.do\/v1\/wp-content\/uploads\/2024\/06\/000000000-1-768x432.jpg 768w\" sizes=\"auto, (max-width: 1000px) 100vw, 1000px\" \/><\/figure>\n<\/div>\n\n\n<p>La recuperaci\u00f3n de este recinto forma parte de los 28 Proyectos que ejecuta el Programa Integral de Desarrollo Tur\u00edstico y Urbano de la Ciudad Colonial de Santo Domingo (PIDTUCCSD) o Programa de Revitalizaci\u00f3n de Ciudad Colonial.<\/p>\n\n\n\n<p>El presidente Luis Abinader y el ministro de Turismo entregaron este museo, que narra la historia de la Catedral Primada de Am\u00e9rica Santa Mar\u00eda La Menor, en la Ciudad Colonial, en donde agotaron una agenda de actividades.<\/p>\n\n\n\n<p>Los trabajos ejecutados en el Museo de la Catedral incluyeron su readecuaci\u00f3n arquitect\u00f3nica, la curadur\u00eda y elaboraci\u00f3n de sus contenidos museogr\u00e1ficos, apoyados en el uso de avanzada tecnolog\u00eda.<\/p>\n\n\n\n<p>La rehabilitaci\u00f3n a su infraestructura incluy\u00f3 el reacondicionamiento de todos sus espacios, abarcando la habilitaci\u00f3n de doce salas que poseen elementos interactivos, did\u00e1cticos e inmersivos. Asimismo, como la restauraci\u00f3n y adecuaci\u00f3n de todas las piezas para su exhibici\u00f3n. La revitalizaci\u00f3n de este recinto se realiz\u00f3 a un costo de 2.4 M de d\u00f3lares.<\/p>\n\n\n\n<p>La nueva propuesta museogr\u00e1fica explica la historia de este monumento, desde su piedra fundamental, colocada para el inici\u00f3 de su construcci\u00f3n hasta las distintas transformaciones arquitect\u00f3nicas que ha experimentado a trav\u00e9s de su historia, integrando tambi\u00e9n la exhibici\u00f3n de gran parte de la importante colecci\u00f3n que ha resguardado la Catedral Primada durante d\u00e9cadas, que habla de la historia de fe y religiosidad que ha caracterizado al pueblo dominicano.<\/p>\n\n\n\n<p>Durante el acto, el presidente Abinader enfatiz\u00f3 en su compromiso con el rescate y preservaci\u00f3n de la Ciudad Colonial de Santo Domingo y de toda la riqueza que ostenta como Patrimonio Mundial de la Humanidad.<\/p>\n\n\n\n<p>Mientras que, en su intervenci\u00f3n, el ministro Collado resalt\u00f3 la trascendencia que tiene la Ciudad Colonial para su gesti\u00f3n, trabajando intensamente para lograr su transformaci\u00f3n en el aspecto urban\u00edstico, su recuperaci\u00f3n como el m\u00e1s importante epicentro hist\u00f3rico y cultural de Rep\u00fablica Dominicana y buscando fortalecer el turismo, elevando su oferta competitiva.<\/p>\n\n\n\n<p>El presidente Abinader y el ministro Collado estuvieron acompa\u00f1ados por la primera dama Raquel Arbaje, miembros del Arzobispado de Santo Domingo, el coordinador general de la Unidad Coordinadora del Programa, Am\u00edn Abel Santos, entre otras personalidades.<\/p>\n\n\n\n<p>Se recuerda que, en marzo pasado, Abinader y Collado inauguraron el remozamiento del Museo Fortaleza de Santo Domingo, que a la fecha ha recibido m\u00e1s de 50 mil visitantes, locales y extranjeros; y tambi\u00e9n entregaron rehabilitada la calle Las Damas.<\/p>\n\n\n\n<p>Adem\u00e1s de estas obras el Programa de Revitalizaci\u00f3n de Ciudad Colonial est\u00e1 trabajando en la recuperaci\u00f3n del Palacio Virreinal Don Diego Col\u00f3n o Alc\u00e1zar de Col\u00f3n y el de las Casas Reales, que conforman los cuatro museos m\u00e1s emblem\u00e1ticos de esta zona.<\/p>\n\n\n\n<p>El Programa de Revitalizaci\u00f3n de la Ciudad Colonial es financiado por el Banco Interamericano de Desarrollo (BID), y fondos de cooperaci\u00f3n de la Uni\u00f3n Europea, y tiene por objetivo revitalizar la Ciudad Colonial en los aspectos urbano, econ\u00f3mico y de turismo cultural.<\/p>\n\n\n\n<p>Es ejecutado por el Ministerio de Turismo en conjunto con la Alcald\u00eda del Distrito Nacional (ADN) y el Ministerio de Cultura (MINC).<\/p>\n\n\n\n<p>Los componentes que conforman el Programa y que se encuentran en desarrollo son la recuperaci\u00f3n de los espacios p\u00fablicos y monumentos hist\u00f3ricos; el mejoramiento de las condiciones de habitabilidad de los residentes; el desarrollo de la econom\u00eda local y el fortalecimiento de la gesti\u00f3n de la Ciudad Colonial de Santo Domingo.<\/p>\n","protected":false},"excerpt":{"rendered":"<p>Santo Domingo, D.N. Junio 6, 2024.-&nbsp;El presidente Luis Abinader y el ministro de Turismo, David Collado, inauguraron el Museo de la Catedral, en la Ciudad Colonial, un recinto renovado y&hellip; <\/p>\n","protected":false},"author":2,"featured_media":52588,"comment_status":"closed","ping_status":"closed","sticky":false,"template":"","format":"standard","meta":{"fifu_image_url":"https:\/\/elmundodelosnegocios.com.do\/v1\/wp-content\/uploads\/2024\/06\/000000000-1.jpg","fifu_image_alt":"","footnotes":""},"categories":[172],"tags":[],"class_list":["post-52585","post","type-post","status-publish","format-standard","has-post-thumbnail","hentry","category-turismo"],"_links":{"self":[{"href":"https:\/\/elmundodelosnegocios.com.do\/v1\/wp-json\/wp\/v2\/posts\/52585","targetHints":{"allow":["GET"]}}],"collection":[{"href":"https:\/\/elmundodelosnegocios.com.do\/v1\/wp-json\/wp\/v2\/posts"}],"about":[{"href":"https:\/\/elmundodelosnegocios.com.do\/v1\/wp-json\/wp\/v2\/types\/post"}],"author":[{"embeddable":true,"href":"https:\/\/elmundodelosnegocios.com.do\/v1\/wp-json\/wp\/v2\/users\/2"}],"replies":[{"embeddable":true,"href":"https:\/\/elmundodelosnegocios.com.do\/v1\/wp-json\/wp\/v2\/comments?post=52585"}],"version-history":[{"count":1,"href":"https:\/\/elmundodelosnegocios.com.do\/v1\/wp-json\/wp\/v2\/posts\/52585\/revisions"}],"predecessor-version":[{"id":52587,"href":"https:\/\/elmundodelosnegocios.com.do\/v1\/wp-json\/wp\/v2\/posts\/52585\/revisions\/52587"}],"wp:featuredmedia":[{"embeddable":true,"href":"https:\/\/elmundodelosnegocios.com.do\/v1\/wp-json\/wp\/v2\/media\/52588"}],"wp:attachment":[{"href":"https:\/\/elmundodelosnegocios.com.do\/v1\/wp-json\/wp\/v2\/media?parent=52585"}],"wp:term":[{"taxonomy":"category","embeddable":true,"href":"https:\/\/elmundodelosnegocios.com.do\/v1\/wp-json\/wp\/v2\/categories?post=52585"},{"taxonomy":"post_tag","embeddable":true,"href":"https:\/\/elmundodelosnegocios.com.do\/v1\/wp-json\/wp\/v2\/tags?post=52585"}],"curies":[{"name":"wp","href":"https:\/\/api.w.org\/{rel}","templated":true}]}}