{"id":52637,"date":"2024-06-09T21:49:01","date_gmt":"2024-06-10T02:19:01","guid":{"rendered":"https:\/\/elmundodelosnegocios.com.do\/v1\/?p=52637"},"modified":"2024-06-09T21:49:03","modified_gmt":"2024-06-10T02:19:03","slug":"articulo-tres-recomendaciones-de-sap-para-no-quedarse-atras-en-la-carrera-de-la-ia","status":"publish","type":"post","link":"https:\/\/elmundodelosnegocios.com.do\/v1\/articulo-tres-recomendaciones-de-sap-para-no-quedarse-atras-en-la-carrera-de-la-ia\/","title":{"rendered":"ART\u00cdCULO: Tres recomendaciones de SAP para no quedarse atr\u00e1s en la carrera de la IA"},"content":{"rendered":"\n<p><em>En medio de las preguntas y retos que plantea esta nueva tecnolog\u00eda, acciones puntuales pueden ser determinantes para asegurar que la mayor cantidad posible de personas puedan aprender a relacionarse con la IA y sacar todo el provecho a su potencial como herramienta de transformaci\u00f3n.<\/em><\/p>\n\n\n\n<p><strong>Centroam\u00e9rica y caribe &#8211; junio de 2024.\u00a0<\/strong>El desarrollo global de la Inteligencia Artificial (IA) ha sido uno de los temas que ha protagonizado la escena tecnol\u00f3gica en los \u00faltimos a\u00f1os, especialmente en los entornos empresariales. Solo en Am\u00e9rica Latina, se espera que para el a\u00f1o 2025 las 5000 empresas m\u00e1s importantes de la regi\u00f3n dediquen m\u00e1s del 25% del gasto b\u00e1sico en TI a iniciativas de IA, seg\u00fan estimaciones de\u00a0<a href=\"https:\/\/www.idc.com\/getdoc.jsp?containerId=prLA51751624\">IDC<\/a>.<\/p>\n\n\n\n<figure class=\"wp-block-image size-large\"><img loading=\"lazy\" decoding=\"async\" width=\"1024\" height=\"683\" src=\"https:\/\/elmundodelosnegocios.com.do\/v1\/wp-content\/uploads\/2024\/06\/02-sdq-gastronomico-torneo-1024x683.jpg\" alt=\"\" class=\"wp-image-52638\" srcset=\"https:\/\/elmundodelosnegocios.com.do\/v1\/wp-content\/uploads\/2024\/06\/02-sdq-gastronomico-torneo-1024x683.jpg 1024w, https:\/\/elmundodelosnegocios.com.do\/v1\/wp-content\/uploads\/2024\/06\/02-sdq-gastronomico-torneo-300x200.jpg 300w, https:\/\/elmundodelosnegocios.com.do\/v1\/wp-content\/uploads\/2024\/06\/02-sdq-gastronomico-torneo-768x512.jpg 768w, https:\/\/elmundodelosnegocios.com.do\/v1\/wp-content\/uploads\/2024\/06\/02-sdq-gastronomico-torneo.jpg 1200w\" sizes=\"auto, (max-width: 1024px) 100vw, 1024px\" \/><\/figure>\n\n\n\n<p>A pesar de su innegable \u00e9xito, el desarrollo de la IA ha venido acompa\u00f1ado de un inevitable debate acerca del impacto de esta tecnolog\u00eda en las personas, los empleos y la sociedad, una discusi\u00f3n que se puede asimilar a la que se gener\u00f3 en los primeros d\u00edas de la computaci\u00f3n en la nube, cuando la transici\u00f3n gener\u00f3 preocupaciones sobre seguridad, rendimiento y funcionalidad.<\/p>\n\n\n\n<p>Sin embargo, las barreras no eran tanto t\u00e9cnicas como de percepci\u00f3n y la resistencia proven\u00eda del temor al impacto en los empleos, la relevancia de los roles y la identidad profesional. \u201c<em>Esta transici\u00f3n represent\u00f3 una oportunidad para generar seguridad y garantizar que los profesionales de TI tuvieran acceso a oportunidades de capacitaci\u00f3n y desarrollo, m\u00e1s all\u00e1 de los temores que se pudieran generar a ra\u00edz de la novedad<\/em>\u201d, destaca Marcela Perilla, presidente de SAP para la regi\u00f3n Norte de Am\u00e9rica Latina y el Caribe<\/p>\n\n\n\n<p>Marcela agrega que lo mismo ha pasado con la IA, ya que esta tecnolog\u00eda tambi\u00e9n ha tenido un gran impacto, y a\u00fan m\u00e1s en la vida cotidiana. En materia de empleo, las estimaciones apuntan a que la IA permitir\u00e1 la creaci\u00f3n de 133 millones de nuevos empleos para 2030, seg\u00fan el&nbsp;<a href=\"https:\/\/www.weforum.org\/press\/2018\/09\/machines-will-do-more-tasks-than-humans-by-2025-but-robot-revolution-will-still-create-58-million-net-new-jobs-in-next-five-years\/\">Banco Mundial<\/a>, mientras que el impacto para la econom\u00eda podr\u00eda alcanzar los 15 billones de d\u00f3lares con corte al mismo a\u00f1o.<\/p>\n\n\n\n<p>Este impacto esperado hace que sea crucial que tanto empresas p\u00fablicas como privadas desempe\u00f1en un papel fundamental para asegurar que los beneficios de la IA se extiendan a todos. A continuaci\u00f3n, les presentamos tres recomendaciones claves de SAP para asegurar que nadie se quede atr\u00e1s en la carrera de la IA.<\/p>\n\n\n\n<p><strong>Recomendaciones para garantizar una transici\u00f3n inclusiva:<\/strong><\/p>\n\n\n\n<ol class=\"wp-block-list\">\n<li><strong>Comenzar desde la confianza:<\/strong><\/li>\n<\/ol>\n\n\n\n<p><strong>\u00a0<\/strong>La confianza en la tecnolog\u00eda es fundamental. Para lograr una adopci\u00f3n generalizada, es esencial que la IA se utilice de manera deliberada y transparente, evitando sesgos y garantizando la seguridad, privacidad, cumplimiento y \u00e9tica en su aplicaci\u00f3n. En Ecuador, por ejemplo, se estima que el uso de herramientas de IA en entornos laborales ha alcanzado a 4 de cada 10 empleados, con un 33% de empleados que utilizan estas herramientas casi a diario, seg\u00fan un reciente estudio.<\/p>\n\n\n\n<ol class=\"wp-block-list\" start=\"2\">\n<li><strong>Cerrar la brecha de habilidades de IA:<\/strong><\/li>\n<\/ol>\n\n\n\n<p>Con la r\u00e1pida innovaci\u00f3n en IA, es crucial brindar educaci\u00f3n y capacitaci\u00f3n continuas para evitar que los trabajadores tecnol\u00f3gicos se queden rezagados. Esto incluye aprovechar al m\u00e1ximo los programas de formaci\u00f3n disponibles, lo cual ayudar\u00e1 a reducir la brecha de habilidades y facilitar\u00e1 la adopci\u00f3n de soluciones tecnol\u00f3gicas.<\/p>\n\n\n\n<p><strong>Extender los beneficios de la IA de manera equitativa:<\/strong><\/p>\n\n\n\n<p>En enero de 2023, el Foro Econ\u00f3mico Mundial inform\u00f3 que la divisi\u00f3n en IA entre el Norte y el Sur Global se estaba profundizando. Este tipo de cifras refuerzan la idea de que las oportunidades educativas y profesionales deben extenderse m\u00e1s all\u00e1 del sector tecnol\u00f3gico y ser accesibles para las poblaciones subrepresentadas.<\/p>\n\n\n\n<p>En Ecuador, el 82% de las empresas planean iniciar su transformaci\u00f3n digital en 2024, seg\u00fan el estudio Think Digital Report 2023. Para que este cambio se pueda dar de manera r\u00e1pida y derive en mayor productividad para las organizaciones, es vital que un mayor n\u00famero de usuarios cuenten con los conocimientos para impulsar esta transformaci\u00f3n.<\/p>\n\n\n\n<p>No hay duda de que la IA cambiar\u00e1 radicalmente la forma en que las personas viven y trabajan. Es por eso que el llamado de los expertos en la materia es a aprender y, de manera conjunta, dar forma a esta tecnolog\u00eda transformadora para que funcione de manera responsable y beneficie a todos los habitantes del planeta.<\/p>\n\n\n\n<p><strong>Acerca de SAP<\/strong><\/p>\n\n\n\n<p>Conocida como la Compa\u00f1\u00eda de Experiencia empoderada por la Empresa Inteligente, SAP lidera el mercado de software empresarial, ayudando a las organizaciones de todos los tama\u00f1os e industrias a alcanzar su rendimiento \u00f3ptimo: En el 77% de los ingresos por transacciones del mundo interviene un sistema SAP. Nuestras tecnolog\u00edas de&nbsp;<em>machine learning<\/em>,&nbsp;<em>IoT&nbsp;<\/em>y anal\u00edticas avanzadas ayudan a nuestros clientes a convertirse en empresas inteligentes. SAP ofrece a las personas y a las organizaciones conocimientos profundos de negocio y promueve la colaboraci\u00f3n que les permite estar delante de su competencia. Simplificamos la tecnolog\u00eda para las empresas, de modo que puedan consumir nuestro software de la manera que lo deseen, sin interrupciones. Nuestro conjunto de aplicaciones y servicios permite a m\u00e1s de 437.000 del sector p\u00fablico y privado operar de manera rentable, adaptarse continuamente y marcar la diferencia. Con una red global de clientes, socios, empleados y l\u00edderes, SAP ayuda al mundo a funcionar mejor y a mejorar las vidas de las personas. Para m\u00e1s informaci\u00f3n, visite&nbsp;<a href=\"http:\/\/www.sap.com\/\">www.sap.com<\/a>, nuestra sala de prensa,&nbsp;<a href=\"http:\/\/news.sap.com\/latinamerica\">http:\/\/news.sap.com\/latinamerica<\/a>, o s\u00edganos en Twitter&nbsp;<a href=\"https:\/\/www.twitter.com\/SAPNoticiasLAC\">@SAPNoticiasLAC<\/a>.<\/p>\n","protected":false},"excerpt":{"rendered":"<p>En medio de las preguntas y retos que plantea esta nueva tecnolog\u00eda, acciones puntuales pueden ser determinantes para asegurar que la mayor cantidad posible de personas puedan aprender a relacionarse&hellip; <\/p>\n","protected":false},"author":2,"featured_media":52638,"comment_status":"closed","ping_status":"closed","sticky":false,"template":"","format":"standard","meta":{"fifu_image_url":"","fifu_image_alt":"","footnotes":""},"categories":[233],"tags":[],"class_list":["post-52637","post","type-post","status-publish","format-standard","has-post-thumbnail","hentry","category-articulo"],"_links":{"self":[{"href":"https:\/\/elmundodelosnegocios.com.do\/v1\/wp-json\/wp\/v2\/posts\/52637","targetHints":{"allow":["GET"]}}],"collection":[{"href":"https:\/\/elmundodelosnegocios.com.do\/v1\/wp-json\/wp\/v2\/posts"}],"about":[{"href":"https:\/\/elmundodelosnegocios.com.do\/v1\/wp-json\/wp\/v2\/types\/post"}],"author":[{"embeddable":true,"href":"https:\/\/elmundodelosnegocios.com.do\/v1\/wp-json\/wp\/v2\/users\/2"}],"replies":[{"embeddable":true,"href":"https:\/\/elmundodelosnegocios.com.do\/v1\/wp-json\/wp\/v2\/comments?post=52637"}],"version-history":[{"count":1,"href":"https:\/\/elmundodelosnegocios.com.do\/v1\/wp-json\/wp\/v2\/posts\/52637\/revisions"}],"predecessor-version":[{"id":52639,"href":"https:\/\/elmundodelosnegocios.com.do\/v1\/wp-json\/wp\/v2\/posts\/52637\/revisions\/52639"}],"wp:featuredmedia":[{"embeddable":true,"href":"https:\/\/elmundodelosnegocios.com.do\/v1\/wp-json\/wp\/v2\/media\/52638"}],"wp:attachment":[{"href":"https:\/\/elmundodelosnegocios.com.do\/v1\/wp-json\/wp\/v2\/media?parent=52637"}],"wp:term":[{"taxonomy":"category","embeddable":true,"href":"https:\/\/elmundodelosnegocios.com.do\/v1\/wp-json\/wp\/v2\/categories?post=52637"},{"taxonomy":"post_tag","embeddable":true,"href":"https:\/\/elmundodelosnegocios.com.do\/v1\/wp-json\/wp\/v2\/tags?post=52637"}],"curies":[{"name":"wp","href":"https:\/\/api.w.org\/{rel}","templated":true}]}}